{"id":95017,"date":"2023-09-01T22:00:23","date_gmt":"2023-09-02T01:00:23","guid":{"rendered":"https:\/\/www.centraldenoticias.com.ar\/?p=95017"},"modified":"2023-09-02T08:31:49","modified_gmt":"2023-09-02T11:31:49","slug":"detuvieron-a-un-joven-de-21-anos-por-un-caso-de-abuso-sexual","status":"publish","type":"post","link":"https:\/\/cdnoticias.com\/index.php\/2023\/09\/01\/detuvieron-a-un-joven-de-21-anos-por-un-caso-de-abuso-sexual\/","title":{"rendered":"Detuvieron a un joven de 21 a\u00f1os por un caso de abuso sexual"},"content":{"rendered":"<p>Fue este viernes en un domicilio de Canaveri al 4300. Qued\u00f3 alojado en Comisar\u00eda Segunda y fue indagado en las \u00faltimas horas de la jornada. <!--more--><\/p>\n<hr \/>\n<p>Este viernes, <strong>un joven de 21 a\u00f1os qued\u00f3 detenido<\/strong> luego de que la Justicia solicite su privaci\u00f3n de la libertad <strong>por un caso de abuso sexual.<\/strong><\/p>\n<p>&nbsp;<\/p>\n<p>Seg\u00fan se inform\u00f3 oficial, la jueza Fabiana San Rom\u00e1n, a cargo del Juzgado de Garant\u00edas N\u00b01<strong>, pidi\u00f3 la detenci\u00f3n del joven y se efectiviz\u00f3 tras un operativo policial en Canaveri al 4300.<\/strong><\/p>\n<p>&nbsp;<\/p>\n<blockquote><p>Tras notificar la detenci\u00f3n y cumplimentar los recaudos legales correspondientes, fue alojado en Comisar\u00eda Segunda.<\/p><\/blockquote>\n<p>&nbsp;<\/p>\n<p>Se conoci\u00f3, adem\u00e1s, que <strong>fue indagado en la noche de este viernes por la doctora Paula Serrano<\/strong>, a cargo de la UFI N\u00b04 y quien tiene la causa caratulada como <strong><em>\u201cAbuso sexual con acceso carnal\u201d.<\/em><\/strong><\/p>\n","protected":false},"excerpt":{"rendered":"<p>Fue este viernes en un domicilio de Canaveri al 4300. Qued\u00f3 alojado en Comisar\u00eda Segunda y fue indagado en las<\/p>\n","protected":false},"author":2,"featured_media":95018,"comment_status":"closed","ping_status":"closed","sticky":false,"template":"","format":"standard","meta":{"_jetpack_memberships_contains_paid_content":false,"footnotes":""},"categories":[14,1],"tags":[],"class_list":["post-95017","post","type-post","status-publish","format-standard","has-post-thumbnail","hentry","category-policiales","category-portada"],"jetpack_featured_media_url":"https:\/\/i0.wp.com\/cdnoticias.com\/wp-content\/uploads\/2023\/09\/WhatsApp-Image-2023-09-01-at-18.16.53.jpeg?fit=946%2C527&ssl=1","jetpack_sharing_enabled":true,"_links":{"self":[{"href":"https:\/\/cdnoticias.com\/index.php\/wp-json\/wp\/v2\/posts\/95017","targetHints":{"allow":["GET"]}}],"collection":[{"href":"https:\/\/cdnoticias.com\/index.php\/wp-json\/wp\/v2\/posts"}],"about":[{"href":"https:\/\/cdnoticias.com\/index.php\/wp-json\/wp\/v2\/types\/post"}],"author":[{"embeddable":true,"href":"https:\/\/cdnoticias.com\/index.php\/wp-json\/wp\/v2\/users\/2"}],"replies":[{"embeddable":true,"href":"https:\/\/cdnoticias.com\/index.php\/wp-json\/wp\/v2\/comments?post=95017"}],"version-history":[{"count":0,"href":"https:\/\/cdnoticias.com\/index.php\/wp-json\/wp\/v2\/posts\/95017\/revisions"}],"wp:featuredmedia":[{"embeddable":true,"href":"https:\/\/cdnoticias.com\/index.php\/wp-json\/wp\/v2\/media\/95018"}],"wp:attachment":[{"href":"https:\/\/cdnoticias.com\/index.php\/wp-json\/wp\/v2\/media?parent=95017"}],"wp:term":[{"taxonomy":"category","embeddable":true,"href":"https:\/\/cdnoticias.com\/index.php\/wp-json\/wp\/v2\/categories?post=95017"},{"taxonomy":"post_tag","embeddable":true,"href":"https:\/\/cdnoticias.com\/index.php\/wp-json\/wp\/v2\/tags?post=95017"}],"curies":[{"name":"wp","href":"https:\/\/api.w.org\/{rel}","templated":true}]}}