{"id":94989,"date":"2023-09-01T21:07:22","date_gmt":"2023-09-02T00:07:22","guid":{"rendered":"https:\/\/www.centraldenoticias.com.ar\/?p=94989"},"modified":"2023-09-01T21:14:23","modified_gmt":"2023-09-02T00:14:23","slug":"con-escritura-en-mano-se-proyecta-la-construccion-de-un-polo-tecnologico","status":"publish","type":"post","link":"https:\/\/cdnoticias.com\/index.php\/2023\/09\/01\/con-escritura-en-mano-se-proyecta-la-construccion-de-un-polo-tecnologico\/","title":{"rendered":"Con escritura en mano se proyecta la construcci\u00f3n de un Polo Tecnol\u00f3gico"},"content":{"rendered":"<p>&#8220;Hemos dado un paso muy importante para la Escuela Industrial que recuper\u00f3 definitivamente las tierras que le pertenec\u00edan. Adem\u00e1s, pudimos comenzar a diagramar con el gobierno provincial la creaci\u00f3n de un Polo Tecnol\u00f3gico que marcar\u00e1 un antes y un despu\u00e9s en el desarrollo de la Industria del Conocimiento en Olavarr\u00eda&#8221;, destac\u00f3 Wesner.<!--more--><\/p>\n<hr \/>\n<p>Este martes fue un d\u00eda clave para la <strong>Escuela Industrial de Olavarr\u00eda.<\/strong> Las autoridades de la <strong>Escuela de Educaci\u00f3n Secundaria T\u00e9cnica N\u00b02<\/strong> recibieron a funcionarios del gobierno provincial de<strong> Axel Kicillof<\/strong> que hicieron entrega de una <strong>copia certificada de la escritura de los terrenos linderos.<\/strong><\/p>\n<p>&nbsp;<\/p>\n<p>En el marco de la entrega, Maximiliano Wesner expres\u00f3: <em>&#8220;Pudimos comenzar a diagramar con el gobierno provincial la creaci\u00f3n de un Polo Tecnol\u00f3gico que marcar\u00e1 un antes y un despu\u00e9s en el desarrollo del Partido de Olavarr\u00eda&#8221;.<\/em><\/p>\n<p>&nbsp;<\/p>\n<p>Adem\u00e1s, durante la reuni\u00f3n se avanz\u00f3 en la confecci\u00f3n del proyecto para la creaci\u00f3n en el predio de un<strong> Polo Tecnol\u00f3gico<\/strong> que es impulsado por el candidato a intendente Maximiliano Wesner. El contenido de lo planificado en la reuni\u00f3n contempla los aportes realizados por ex alumnos, alumnos y directivos de la comunidad educativa.<\/p>\n<p>&nbsp;<\/p>\n<p><img data-recalc-dims=\"1\" loading=\"lazy\" decoding=\"async\" class=\"aligncenter wp-image-94992 size-full\" src=\"https:\/\/i0.wp.com\/cdnoticias.com\/wp-content\/uploads\/2023\/09\/polo-tecnologico-wesner-2.jpeg?resize=800%2C529&#038;ssl=1\" alt=\"\" width=\"800\" height=\"529\" srcset=\"https:\/\/i0.wp.com\/cdnoticias.com\/wp-content\/uploads\/2023\/09\/polo-tecnologico-wesner-2.jpeg?w=1286&amp;ssl=1 1286w, https:\/\/i0.wp.com\/cdnoticias.com\/wp-content\/uploads\/2023\/09\/polo-tecnologico-wesner-2.jpeg?resize=300%2C199&amp;ssl=1 300w, https:\/\/i0.wp.com\/cdnoticias.com\/wp-content\/uploads\/2023\/09\/polo-tecnologico-wesner-2.jpeg?resize=1024%2C678&amp;ssl=1 1024w, https:\/\/i0.wp.com\/cdnoticias.com\/wp-content\/uploads\/2023\/09\/polo-tecnologico-wesner-2.jpeg?resize=768%2C508&amp;ssl=1 768w\" sizes=\"auto, (max-width: 800px) 100vw, 800px\" \/><\/p>\n<p>&nbsp;<\/p>\n<p><em><strong>&#8220;Hemos dado un paso muy importante para la Escuela Industrial que recuper\u00f3 definitivamente las tierras que le pertenec\u00edan. Adem\u00e1s, pudimos comenzar a diagramar con el gobierno provincial la creaci\u00f3n de un Polo Tecnol\u00f3gico que marcar\u00e1 un antes y un despu\u00e9s en el desarrollo de la Industria del Conocimiento en Olavarr\u00eda&#8221;,<\/strong> <\/em>destac\u00f3 Wesner.<\/p>\n<p>&nbsp;<\/p>\n<p>Del encuentro realizado en las instalaciones de la EEST N\u00b02 participaron el director provincial de Educaci\u00f3n T\u00e9cnico Profesional, Ricardo De Gisi, el asesor Jefe de Gabinete de la DGCyE, Gustavo Alcaraz, el director provincial de Infraestructura Escolar, Juan Mart\u00edn Zabaleta, y Fernando D\u00edaz por la Subsecretar\u00eda de Infraestructura bonaerense. Tambi\u00e9n estuvieron presentes las autoridades de la escuela, la cooperadora y la regi\u00f3n educativa, la concejal Mercedes Land\u00edvar y el diputado bonaerense C\u00e9sar Valicenti.<\/p>\n<p>&nbsp;<\/p>\n<p>Sobre esta ambiciosa iniciativa, Wesner adelant\u00f3: &#8220;Se trata de un proyecto integral que toma en cuenta las ideas del proyecto presentado por la Cooperadora, que tiene en cuenta la formaci\u00f3n que necesita nuestro \u00e1mbito productivo como as\u00ed tambi\u00e9n zonas de esparcimiento y deporte&#8221;.<\/p>\n<p>&nbsp;<\/p>\n<p><img data-recalc-dims=\"1\" loading=\"lazy\" decoding=\"async\" class=\"aligncenter wp-image-94991 size-full\" src=\"https:\/\/i0.wp.com\/cdnoticias.com\/wp-content\/uploads\/2023\/09\/polo-tecnologico-wesner-1.jpeg?resize=800%2C505&#038;ssl=1\" alt=\"\" width=\"800\" height=\"505\" srcset=\"https:\/\/i0.wp.com\/cdnoticias.com\/wp-content\/uploads\/2023\/09\/polo-tecnologico-wesner-1.jpeg?w=1286&amp;ssl=1 1286w, https:\/\/i0.wp.com\/cdnoticias.com\/wp-content\/uploads\/2023\/09\/polo-tecnologico-wesner-1.jpeg?resize=300%2C189&amp;ssl=1 300w, https:\/\/i0.wp.com\/cdnoticias.com\/wp-content\/uploads\/2023\/09\/polo-tecnologico-wesner-1.jpeg?resize=1024%2C646&amp;ssl=1 1024w, https:\/\/i0.wp.com\/cdnoticias.com\/wp-content\/uploads\/2023\/09\/polo-tecnologico-wesner-1.jpeg?resize=768%2C484&amp;ssl=1 768w\" sizes=\"auto, (max-width: 800px) 100vw, 800px\" \/><\/p>\n<p>&nbsp;<\/p>\n<p>Los especialistas de Infraestructura Escolar recorrieron el lugar para realizar un primer abordaje del predio y reconocer el lugar donde se emplazar\u00eda el Polo Tecnol\u00f3gico. Adem\u00e1s, se comprometieron a regresar con un boceto de arquitectura.<\/p>\n<p>&nbsp;<\/p>\n<p>El \u201cPolo Tecnol\u00f3gico del Conocimiento y la Innovaci\u00f3n\u201d que impulsa Maximiliano Wesner en su plataforma de campa\u00f1a tiene el objetivo de fomentar la Industria del Conocimiento en Olavarr\u00eda, la radicaci\u00f3n de empresas y emprendedores del sector\u00a0 en un marco asociativo entre el sector privado, el Estado y la comunidad educativa y cient\u00edfica.<\/p>\n","protected":false},"excerpt":{"rendered":"<p>&#8220;Hemos dado un paso muy importante para la Escuela Industrial que recuper\u00f3 definitivamente las tierras que le pertenec\u00edan. Adem\u00e1s, pudimos<\/p>\n","protected":false},"author":6,"featured_media":94993,"comment_status":"closed","ping_status":"closed","sticky":false,"template":"","format":"standard","meta":{"_jetpack_memberships_contains_paid_content":false,"footnotes":""},"categories":[4,1],"tags":[],"class_list":["post-94989","post","type-post","status-publish","format-standard","has-post-thumbnail","hentry","category-politica","category-portada"],"jetpack_featured_media_url":"https:\/\/i0.wp.com\/cdnoticias.com\/wp-content\/uploads\/2023\/09\/polo-tecnologico-wesner-3.jpeg?fit=960%2C613&ssl=1","jetpack_sharing_enabled":true,"_links":{"self":[{"href":"https:\/\/cdnoticias.com\/index.php\/wp-json\/wp\/v2\/posts\/94989","targetHints":{"allow":["GET"]}}],"collection":[{"href":"https:\/\/cdnoticias.com\/index.php\/wp-json\/wp\/v2\/posts"}],"about":[{"href":"https:\/\/cdnoticias.com\/index.php\/wp-json\/wp\/v2\/types\/post"}],"author":[{"embeddable":true,"href":"https:\/\/cdnoticias.com\/index.php\/wp-json\/wp\/v2\/users\/6"}],"replies":[{"embeddable":true,"href":"https:\/\/cdnoticias.com\/index.php\/wp-json\/wp\/v2\/comments?post=94989"}],"version-history":[{"count":0,"href":"https:\/\/cdnoticias.com\/index.php\/wp-json\/wp\/v2\/posts\/94989\/revisions"}],"wp:featuredmedia":[{"embeddable":true,"href":"https:\/\/cdnoticias.com\/index.php\/wp-json\/wp\/v2\/media\/94993"}],"wp:attachment":[{"href":"https:\/\/cdnoticias.com\/index.php\/wp-json\/wp\/v2\/media?parent=94989"}],"wp:term":[{"taxonomy":"category","embeddable":true,"href":"https:\/\/cdnoticias.com\/index.php\/wp-json\/wp\/v2\/categories?post=94989"},{"taxonomy":"post_tag","embeddable":true,"href":"https:\/\/cdnoticias.com\/index.php\/wp-json\/wp\/v2\/tags?post=94989"}],"curies":[{"name":"wp","href":"https:\/\/api.w.org\/{rel}","templated":true}]}}