{"id":94988,"date":"2023-09-01T20:42:09","date_gmt":"2023-09-01T23:42:09","guid":{"rendered":"https:\/\/www.centraldenoticias.com.ar\/?p=94988"},"modified":"2023-09-03T01:05:28","modified_gmt":"2023-09-03T04:05:28","slug":"nestor-pitrola-vivimos-despues-del-13-de-agosto-un-desgobierno-que-va-en-contra-del-bolsillo","status":"publish","type":"post","link":"https:\/\/cdnoticias.com\/index.php\/2023\/09\/01\/nestor-pitrola-vivimos-despues-del-13-de-agosto-un-desgobierno-que-va-en-contra-del-bolsillo\/","title":{"rendered":"N\u00e9stor Pitrola: \u201cVivimos despu\u00e9s del 13 de agosto un desgobierno que va en contra del bolsillo\u201d"},"content":{"rendered":"<p>El candidato a diputado nacional por el FIT estuvo este viernes en Olavarr\u00eda. Habl\u00f3 con Central de Noticias. Defini\u00f3 que Milei propone \u201cuna especie de democracia represiva\u201d, el camino a la \u201cmegadevaluaci\u00f3n\u201d y \u201clas luchas que vienen\u201d para los trabajadores.<!--more--><\/p>\n<hr \/>\n<p>El <strong>candidato a diputado nacional por el Frente de Izquierda (FIT) en la Provincia de Buenos Aires, N\u00e9stor Pitrola<\/strong>, estuvo este viernes en Olavarr\u00eda donde inici\u00f3 su campa\u00f1a hacia octubre.\u00a0 Encabez\u00f3 una charla en la sede del Partido Obrero de nuestra ciudad y brind\u00f3 una entrevista a <strong>Central de Noticias<\/strong> en la que destac\u00f3 la victoria de Agust\u00edn Mestralet en la PASO.<\/p>\n<p>&nbsp;<\/p>\n<p><strong>-\u00bfA qu\u00e9 se debe tu visita Olavarr\u00eda\u00bf \u00bfYa se inici\u00f3 tu campa\u00f1a?<\/strong><\/p>\n<p>&nbsp;<\/p>\n<p>-Arranco ac\u00e1 content\u00edsimo porque bueno como ha sido de p\u00fablico conocimiento aqu\u00ed en Olavarr\u00eda la PASO del Frente de Izquierda en el escrutinio definitivo se dio vuelta. Tenemos a Agust\u00edn Mestralet como ganador y candidato a intendente, una cosa que nos pasa en varias localidades tambi\u00e9n como en San Nicol\u00e1s, en Marcos Paz.<\/p>\n<p>&nbsp;<\/p>\n<p><strong>-\u00bfSe repiti\u00f3 lo de un resultado que se dio vuelta en el escrutinio definitivo?<\/strong><\/p>\n<p>&nbsp;<\/p>\n<p>S\u00ed, que se diera vuelta. Quiere decir que hay muchas irregularidades en el conteo y en la inscripci\u00f3n en el escrutinio provisorio. As\u00ed que muy contento. Vengo a hacer una charla pol\u00edtica aqu\u00ed y reinicio de alguna manera la campa\u00f1a en la provincia de Buenos Aires en Olavarr\u00eda<\/p>\n<p>&nbsp;<\/p>\n<p><strong>-\u00bfQu\u00e9 es lo que van a proponer para esta segunda etapa de la campa\u00f1a?<\/strong><\/p>\n<p>&nbsp;<\/p>\n<p>-Algunos toman las elecciones como para ver qui\u00e9n es el ganador y votar en contra de este, a favor de aquel. En este caso hay tres que vendr\u00edan espectables, Milei, Bullrich y Massa. <strong>Y yo creo que el voto al Frente de Izquierda tiene una importancia enorme de cara a lo que ha desatado en el pa\u00eds y en la provincia de Buenos Aires el 13 de agosto. Hay una conmoci\u00f3n nacional<\/strong>. A m\u00ed la gente me para por la calle a preguntarme a d\u00f3nde va el pa\u00eds, qu\u00e9 va pasar. No solo los que me votaron, cualquier persona.<\/p>\n<p>&nbsp;<\/p>\n<p><strong>-\u00bfCu\u00e1l es la conmoci\u00f3n? \u00bfEs por la pol\u00edtica o por la econom\u00eda?<\/strong><\/p>\n<p>&nbsp;<\/p>\n<p>Es social, pol\u00edtica, econ\u00f3mica y de todo orden.<\/p>\n<p>&nbsp;<\/p>\n<p><img data-recalc-dims=\"1\" loading=\"lazy\" decoding=\"async\" class=\"alignnone size-large wp-image-94976\" src=\"https:\/\/i0.wp.com\/cdnoticias.com\/wp-content\/uploads\/2023\/09\/nestorpitrola-olavarria-mestralet-fit-u-8.jpg?resize=800%2C445&#038;ssl=1\" alt=\"\" width=\"800\" height=\"445\" srcset=\"https:\/\/i0.wp.com\/cdnoticias.com\/wp-content\/uploads\/2023\/09\/nestorpitrola-olavarria-mestralet-fit-u-8.jpg?resize=1024%2C570&amp;ssl=1 1024w, https:\/\/i0.wp.com\/cdnoticias.com\/wp-content\/uploads\/2023\/09\/nestorpitrola-olavarria-mestralet-fit-u-8.jpg?resize=300%2C167&amp;ssl=1 300w, https:\/\/i0.wp.com\/cdnoticias.com\/wp-content\/uploads\/2023\/09\/nestorpitrola-olavarria-mestralet-fit-u-8.jpg?resize=768%2C427&amp;ssl=1 768w, https:\/\/i0.wp.com\/cdnoticias.com\/wp-content\/uploads\/2023\/09\/nestorpitrola-olavarria-mestralet-fit-u-8.jpg?resize=1536%2C854&amp;ssl=1 1536w, https:\/\/i0.wp.com\/cdnoticias.com\/wp-content\/uploads\/2023\/09\/nestorpitrola-olavarria-mestralet-fit-u-8.jpg?resize=800%2C445&amp;ssl=1 800w, https:\/\/i0.wp.com\/cdnoticias.com\/wp-content\/uploads\/2023\/09\/nestorpitrola-olavarria-mestralet-fit-u-8.jpg?w=1600&amp;ssl=1 1600w\" sizes=\"auto, (max-width: 800px) 100vw, 800px\" \/><\/p>\n<p>&nbsp;<\/p>\n<p><strong>-\u00bfPor qu\u00e9?<\/strong><\/p>\n<p>&nbsp;<\/p>\n<p>&#8211;<strong>El voto a Milei en particular, ganador de las PASO, abri\u00f3 una incertidumbre en el pa\u00eds<\/strong>. A qu\u00e9 cuadro econ\u00f3mico y social vamos, con alguien que propone quemar el Banco Central, dolarizar la econom\u00eda, terminar con la salud y la educaci\u00f3n p\u00fablica privatiz\u00e1ndolas concretamente. Revertir derechos adquiridos con mucha lucha, como el derecho al aborto. Una reforma laboral para terminar con todo derecho laboral y blanquear a los trabajadores bajo la forma que hoy est\u00e1 cualquier trabajador en negro. Es otra Argentina. Con una candidata a vicepresidenta que pretende rescatar a los genocidas de las fuerzas armadas para una nueva relaci\u00f3n con la fuerza de seguridad. Una especie de democracia represiva, de infanter\u00eda, un r\u00e9gimen plebiscitario, pasando por arriba del Congreso. \u00c9l dice si no tengo mayor\u00eda, hago plebiscito y gobierno por decreto. Ya hemos tenido gobierno por decreto de varios. Propone una salida por derecha a una crisis brutal. Y el 14 de agosto el gobierno de Massa -porque hoy Alberto Fern\u00e1ndez no preside. Cristina Kirchner est\u00e1 borrada- <strong>nos sorprendi\u00f3 con una devaluaci\u00f3n. En 24 horas, estaba pactada, se la ocultaron al pueblo argentino. Estaba arreglada con el FMI.<\/strong> Una devaluaci\u00f3n que en el curso de dos semanas ha desatado una disparada inflacionaria que a m\u00ed me hace recordar la \u00e9poca anterior a la hiper de Alfons\u00edn.<\/p>\n<p>&nbsp;<\/p>\n<p><strong>-\u00bfSirvieron las medidas que Massa anunci\u00f3 para paliar esa disparada?<\/strong><\/p>\n<p>&nbsp;<\/p>\n<p>-Adem\u00e1s de ser inocuas, de estar centradas en un rescate del ajuste jubilatorio contra los haberes con un bono para disimularlo, los jubilados van a perder a noviembre, lo han calculado varios expertos, 50 puntos los b\u00e1sicos. Esto disimula en los de la m\u00ednima para llegar a octubre, para llegar a noviembre. Esta medida adem\u00e1s no la respeta la Uni\u00f3n Industrial, la C\u00e1mara Argentina de la Construcci\u00f3n, 12 gobernadores de los cuales la mitad son peronistas, incluida Alicia Kirchner. Bueno, es un desgobierno. <strong>Vivimos despu\u00e9s del 13 de agosto un desgobierno, pero no va para cualquier lado, va en contra del bolsillo<\/strong>. Entonces Milei viene con un ajuste peor que este. Ya se lo dijo al FMI: \u00b4Yo voy a hacer un ajuste mayor as\u00ed que con ustedes no hay ning\u00fan problema\u00b4. Y este gobierno es un desgobierno contra el bolsillo popular<strong>.<\/strong> <em>La cuesti\u00f3n de la inseguridad est\u00e1 que mata. Esto es un cuadro de crisis que puede tener desenlaces terribles antes o despu\u00e9s de octubre. Vamos a una megadevaluaci\u00f3n<\/em>.<\/p>\n<p>&nbsp;<\/p>\n<p><img data-recalc-dims=\"1\" loading=\"lazy\" decoding=\"async\" class=\"alignnone size-large wp-image-94970\" src=\"https:\/\/i0.wp.com\/cdnoticias.com\/wp-content\/uploads\/2023\/09\/nestorpitrola-olavarria-mestralet-fit-u-2.jpg?resize=800%2C445&#038;ssl=1\" alt=\"\" width=\"800\" height=\"445\" srcset=\"https:\/\/i0.wp.com\/cdnoticias.com\/wp-content\/uploads\/2023\/09\/nestorpitrola-olavarria-mestralet-fit-u-2.jpg?resize=1024%2C570&amp;ssl=1 1024w, https:\/\/i0.wp.com\/cdnoticias.com\/wp-content\/uploads\/2023\/09\/nestorpitrola-olavarria-mestralet-fit-u-2.jpg?resize=300%2C167&amp;ssl=1 300w, https:\/\/i0.wp.com\/cdnoticias.com\/wp-content\/uploads\/2023\/09\/nestorpitrola-olavarria-mestralet-fit-u-2.jpg?resize=768%2C427&amp;ssl=1 768w, https:\/\/i0.wp.com\/cdnoticias.com\/wp-content\/uploads\/2023\/09\/nestorpitrola-olavarria-mestralet-fit-u-2.jpg?resize=1536%2C854&amp;ssl=1 1536w, https:\/\/i0.wp.com\/cdnoticias.com\/wp-content\/uploads\/2023\/09\/nestorpitrola-olavarria-mestralet-fit-u-2.jpg?resize=800%2C445&amp;ssl=1 800w, https:\/\/i0.wp.com\/cdnoticias.com\/wp-content\/uploads\/2023\/09\/nestorpitrola-olavarria-mestralet-fit-u-2.jpg?w=1600&amp;ssl=1 1600w\" sizes=\"auto, (max-width: 800px) 100vw, 800px\" \/><\/p>\n<p>&nbsp;<\/p>\n<p><strong>-\u00bfCu\u00e1l es el mensaje de la Izquierda en este contexto de que indefectiblemente se sigue en crisis?<\/strong><\/p>\n<p>&nbsp;<\/p>\n<p>-Que <strong>el voto a la Izquierda adquiere m\u00e1s importancia que antes. Es un voto que prepara a los trabajadores para las luchas que vienen<\/strong>. Un fuerte voto a la Izquierda, por ejemplo, refuerza la lucha de los docentes. El d\u00eda 6 y 7 de septiembre, te doy un poco la primicia, es un plenario enorme de la multicolor, de 350 dirigentes de toda la provincia, ha resuelto un paro de 48 horas porque tienen devastado la infraestructura, la escuela y sus salarios. Esto contra Baradel que se ha transformado en un ministro sin cartera de Kicillof. Entonces vos te das cuenta que el cuadro es explosivo.<\/p>\n<blockquote><p>El voto a la izquierda tiene much\u00edsima importancia. Tenemos m\u00e1s motivos que para el 13 de agosto. Siempre hemos crecido un poco en las generales. Pero creo que tenemos que tener un crecimiento mucho mayor.<\/p><\/blockquote>\n<p>&nbsp;<\/p>\n<p><strong>-Hiciste una comparaci\u00f3n con la crisis econ\u00f3mica del 89. \u00bfQu\u00e9 notas de diferente o de igual con la crisis del 2001 y la actualidad?<\/strong><\/p>\n<p>&nbsp;<\/p>\n<p>-Hay muchos puntos de contacto. Porque estamos en una crisis bancaria, que fue lo que desat\u00f3 el cacerolazo. La confiscaci\u00f3n de los ahorros en los bancos. Varios han dicho que la dolarizaci\u00f3n de Milei requerir\u00eda un plan Bonex, que es un plan de captura de los ahorros y te dan la nueva conversi\u00f3n. Las Leliq son una bola de nieve que no ha parado de crecer y que es solo una deuda paralela como se llama, cuasi fiscal, al lado de la enorme deuda del Estado. Argentina va a un default en el 2024. Inevitable. Por la usura del endeudamiento del pa\u00eds que tom\u00f3 Macri, que reconoci\u00f3 Cristina, que se profundiz\u00f3. Porque si Macri aument\u00f3 la deuda en 8.5000\u00a0 millones de d\u00f3lares, este gobierno ya lo va superando. El FMI da \u00fanicamente los dineros para repagar sus propias cuotas.<\/p>\n<blockquote><p>Es un cuadro que va un desenlace de la crisis y el voto al Frente de Izquierda de parte de los trabajadores tiene una importancia enorme. Tenemos que luchar por otra Argentina que tenga vivienda, que tenga tierra para el trabajador, una Argentina de reactivaci\u00f3n econ\u00f3mica.<\/p><\/blockquote>\n","protected":false},"excerpt":{"rendered":"<p>El candidato a diputado nacional por el FIT estuvo este viernes en Olavarr\u00eda. Habl\u00f3 con Central de Noticias. Defini\u00f3 que<\/p>\n","protected":false},"author":2,"featured_media":94972,"comment_status":"closed","ping_status":"closed","sticky":false,"template":"","format":"standard","meta":{"_jetpack_memberships_contains_paid_content":false,"footnotes":""},"categories":[4,1],"tags":[],"class_list":["post-94988","post","type-post","status-publish","format-standard","has-post-thumbnail","hentry","category-politica","category-portada"],"jetpack_featured_media_url":"https:\/\/i0.wp.com\/cdnoticias.com\/wp-content\/uploads\/2023\/09\/nestorpitrola-olavarria-mestralet-fit-u-4.jpg?fit=1600%2C890&ssl=1","jetpack_sharing_enabled":true,"_links":{"self":[{"href":"https:\/\/cdnoticias.com\/index.php\/wp-json\/wp\/v2\/posts\/94988","targetHints":{"allow":["GET"]}}],"collection":[{"href":"https:\/\/cdnoticias.com\/index.php\/wp-json\/wp\/v2\/posts"}],"about":[{"href":"https:\/\/cdnoticias.com\/index.php\/wp-json\/wp\/v2\/types\/post"}],"author":[{"embeddable":true,"href":"https:\/\/cdnoticias.com\/index.php\/wp-json\/wp\/v2\/users\/2"}],"replies":[{"embeddable":true,"href":"https:\/\/cdnoticias.com\/index.php\/wp-json\/wp\/v2\/comments?post=94988"}],"version-history":[{"count":0,"href":"https:\/\/cdnoticias.com\/index.php\/wp-json\/wp\/v2\/posts\/94988\/revisions"}],"wp:featuredmedia":[{"embeddable":true,"href":"https:\/\/cdnoticias.com\/index.php\/wp-json\/wp\/v2\/media\/94972"}],"wp:attachment":[{"href":"https:\/\/cdnoticias.com\/index.php\/wp-json\/wp\/v2\/media?parent=94988"}],"wp:term":[{"taxonomy":"category","embeddable":true,"href":"https:\/\/cdnoticias.com\/index.php\/wp-json\/wp\/v2\/categories?post=94988"},{"taxonomy":"post_tag","embeddable":true,"href":"https:\/\/cdnoticias.com\/index.php\/wp-json\/wp\/v2\/tags?post=94988"}],"curies":[{"name":"wp","href":"https:\/\/api.w.org\/{rel}","templated":true}]}}