{"id":94967,"date":"2023-09-01T20:18:23","date_gmt":"2023-09-01T23:18:23","guid":{"rendered":"https:\/\/www.centraldenoticias.com.ar\/?p=94967"},"modified":"2023-09-03T01:43:22","modified_gmt":"2023-09-03T04:43:22","slug":"galli-anuncio-que-realizara-la-segunda-etapa-de-cloacas-en-el-barrio-hipolito-yrigoyen","status":"publish","type":"post","link":"https:\/\/cdnoticias.com\/index.php\/2023\/09\/01\/galli-anuncio-que-realizara-la-segunda-etapa-de-cloacas-en-el-barrio-hipolito-yrigoyen\/","title":{"rendered":"Galli anunci\u00f3 que realizar\u00e1 la segunda etapa de cloacas en el barrio Hip\u00f3lito Yrigoyen"},"content":{"rendered":"<p>El jefe comunal confirm\u00f3 que, de ser reelegido, realizar\u00e1 la segunda etapa en ese sector de la ciudad. <!--more--><\/p>\n<hr \/>\n<p><a href=\"https:\/\/cdnoticias.com\/index.php\/2023\/08\/28\/cloacas-en-barrio-hipolito-yrigoyen-se-libero-al-servicio-publico\/\" target=\"_blank\" rel=\"noopener\">Tras haberse liberado el servicio de cloacas<\/a> de la primera etapa de la obra en el barrio Hip\u00f3lito Yrigoyen, <strong>Ezequiel Galli anunci\u00f3 que, si es reelegido como intendente por los vecinos de Olavarr\u00eda, realizar\u00e1 la segunda etapa en ese sector de la ciudad.<\/strong><\/p>\n<p>&nbsp;<\/p>\n<p><strong><em>\u201cPudimos concluir la primera etapa de la obra de cloacas y, tal como lo hemos se\u00f1alado, vamos a realizar la segunda etapa para beneficio de miles de vecinos del barrio Hip\u00f3lito Yrigoyen\u201d<\/em><\/strong>, dijo Galli.<\/p>\n<p>&nbsp;<\/p>\n<p><img data-recalc-dims=\"1\" loading=\"lazy\" decoding=\"async\" class=\"alignnone size-full wp-image-60598\" src=\"https:\/\/i0.wp.com\/cdnoticias.com\/wp-content\/uploads\/2022\/07\/cloacas-quiroga-galli-00.jpg?resize=800%2C445&#038;ssl=1\" alt=\"\" width=\"800\" height=\"445\" srcset=\"https:\/\/i0.wp.com\/cdnoticias.com\/wp-content\/uploads\/2022\/07\/cloacas-quiroga-galli-00.jpg?w=800&amp;ssl=1 800w, https:\/\/i0.wp.com\/cdnoticias.com\/wp-content\/uploads\/2022\/07\/cloacas-quiroga-galli-00.jpg?resize=300%2C167&amp;ssl=1 300w, https:\/\/i0.wp.com\/cdnoticias.com\/wp-content\/uploads\/2022\/07\/cloacas-quiroga-galli-00.jpg?resize=768%2C427&amp;ssl=1 768w\" sizes=\"auto, (max-width: 800px) 100vw, 800px\" \/><\/p>\n<p>&nbsp;<\/p>\n<blockquote><p>\u201cTenemos un equipo que trabaja con una planificaci\u00f3n que vamos cumpliendo en un contexto econ\u00f3mico nacional muy complejo, pero en estos a\u00f1os hemos avanzado mucho en el tendido de la red cloacal\u201d, a\u00f1adi\u00f3.<\/p><\/blockquote>\n<p>&nbsp;<\/p>\n<p>En este sentido, el intendente expres\u00f3:<em> \u201cnunca nos van a escuchar hacer promesas de campa\u00f1a que no podemos cumplir. Conocemos las necesidades de los vecinos, pero somos responsables a la hora de gestionar\u201d.<\/em><\/p>\n<p>&nbsp;<\/p>\n<p>Adem\u00e1s, Ezequiel Galli indic\u00f3: <strong><em>\u201csabemos y conocemos la importancia de las cloacas porque no s\u00f3lo es una cuesti\u00f3n econ\u00f3mica sino tambi\u00e9n de salud p\u00fablica\u201d.<\/em><\/strong><\/p>\n<p>&nbsp;<\/p>\n<p>En esta nueva etapa,<strong> el sector comprendido ser\u00e1 el que est\u00e1 entre las avenidas Pellegrini, Urquiza, Col\u00f3n y Sarmiento.<\/strong><\/p>\n","protected":false},"excerpt":{"rendered":"<p>El jefe comunal confirm\u00f3 que, de ser reelegido, realizar\u00e1 la segunda etapa en ese sector de la ciudad.<\/p>\n","protected":false},"author":2,"featured_media":94475,"comment_status":"closed","ping_status":"closed","sticky":false,"template":"","format":"standard","meta":{"_jetpack_memberships_contains_paid_content":false,"footnotes":""},"categories":[4,1],"tags":[],"class_list":["post-94967","post","type-post","status-publish","format-standard","has-post-thumbnail","hentry","category-politica","category-portada"],"jetpack_featured_media_url":"https:\/\/i0.wp.com\/cdnoticias.com\/wp-content\/uploads\/2023\/08\/cloacas-hipolito-yrigoyen.jpg?fit=800%2C445&ssl=1","jetpack_sharing_enabled":true,"_links":{"self":[{"href":"https:\/\/cdnoticias.com\/index.php\/wp-json\/wp\/v2\/posts\/94967","targetHints":{"allow":["GET"]}}],"collection":[{"href":"https:\/\/cdnoticias.com\/index.php\/wp-json\/wp\/v2\/posts"}],"about":[{"href":"https:\/\/cdnoticias.com\/index.php\/wp-json\/wp\/v2\/types\/post"}],"author":[{"embeddable":true,"href":"https:\/\/cdnoticias.com\/index.php\/wp-json\/wp\/v2\/users\/2"}],"replies":[{"embeddable":true,"href":"https:\/\/cdnoticias.com\/index.php\/wp-json\/wp\/v2\/comments?post=94967"}],"version-history":[{"count":0,"href":"https:\/\/cdnoticias.com\/index.php\/wp-json\/wp\/v2\/posts\/94967\/revisions"}],"wp:featuredmedia":[{"embeddable":true,"href":"https:\/\/cdnoticias.com\/index.php\/wp-json\/wp\/v2\/media\/94475"}],"wp:attachment":[{"href":"https:\/\/cdnoticias.com\/index.php\/wp-json\/wp\/v2\/media?parent=94967"}],"wp:term":[{"taxonomy":"category","embeddable":true,"href":"https:\/\/cdnoticias.com\/index.php\/wp-json\/wp\/v2\/categories?post=94967"},{"taxonomy":"post_tag","embeddable":true,"href":"https:\/\/cdnoticias.com\/index.php\/wp-json\/wp\/v2\/tags?post=94967"}],"curies":[{"name":"wp","href":"https:\/\/api.w.org\/{rel}","templated":true}]}}