{"id":94914,"date":"2023-09-02T15:09:58","date_gmt":"2023-09-02T18:09:58","guid":{"rendered":"https:\/\/www.centraldenoticias.com.ar\/?p=94914"},"modified":"2023-09-02T15:09:58","modified_gmt":"2023-09-02T18:09:58","slug":"segunda-edicion-del-festival-primavera","status":"publish","type":"post","link":"https:\/\/cdnoticias.com\/index.php\/2023\/09\/02\/segunda-edicion-del-festival-primavera\/","title":{"rendered":"Segunda edici\u00f3n del Festival Primavera"},"content":{"rendered":"<p>La sede del evento ser\u00e1 en el gimnasio del Club Racing. &#8220;El objetivo es revalorizar y difundir la labor de los trabajadores y las trabajadoras de la Cultura en la ciudad de Olavarr\u00eda&#8221; indicaron desde Morella Producciones. Conoc\u00e9 la grilla completa. <!--more--><\/p>\n<hr \/>\n<p>Nuevamente se pone en marcha el <strong>Festival Primavera<\/strong> con su segunda edici\u00f3n en la ciudad. Se llevar\u00e1 a cabo el <strong>s\u00e1bado 23 de septiembre<\/strong> <strong>desde las 19 horas<\/strong> con sede en el <strong>gimnasio del Club Racing.<\/strong><\/p>\n<p>&nbsp;<\/p>\n<p>Desde <strong>Morella Producciones<\/strong>, indicaron que el objetivo del festival es &#8220;<em><strong>revalorizar y difundir la labor de los trabajadores y las trabajadoras de la Cultura en la ciudad de Olavarr\u00eda&#8221;.\u00a0<\/strong><\/em><\/p>\n<p>&nbsp;<\/p>\n<p>En el evento habr\u00e1 un sector habilitado para comida (food truck) y cervezas artesanales. Adem\u00e1s, se indic\u00f3 que El Festival Primavera este a\u00f1o cuenta con el apoyo del Ministerio de Cultura de la Naci\u00f3n.<\/p>\n<p>&nbsp;<\/p>\n<p>Las <strong>entradas anticipadas<\/strong> ya se encuentran a la venta en<strong> Afrodita Necochea 2725<\/strong> o por sistema en <a href=\"https:\/\/articket.com.ar\/detalle\/FESTIVAL-PRIMAVERA\/\" target=\"_blank\" rel=\"noopener\">articket.com.ar.<\/a> &#8220;<em><strong>Si compraste dos entradas diferentes de cualquier show que realizamos en agosto, te acercas a Afrodita, y accedes a la promo 2&#215;1 a $2500<\/strong><\/em>&#8221; expresaron desde la producci\u00f3n. La promo es limitada. Por \u00faltimo se puede acceder a trav\u00e9s de la promo del Banco Provincia con cuatro coutas sin inter\u00e9s.<\/p>\n<p>&nbsp;<\/p>\n<p><strong>Grilla completa<\/strong><\/p>\n<p>Escenario Principal<\/p>\n<ul>\n<li>Seres del Tiempo<\/li>\n<li>Alejandra \u00c1lvarez<\/li>\n<li>Josefina Anselmo<\/li>\n<li>Paisanos Rock<\/li>\n<li>Forasteros Blues<\/li>\n<li>Ave Rapaz<\/li>\n<li>Verde Saturno<\/li>\n<li>El Misil.<\/li>\n<\/ul>\n<p>Escenario Alternativo<\/p>\n<ul>\n<li>Olavarr\u00eda HH con toda la movida de Beat Box, Rap, Batallas de Freestyle y m\u00e1s bandas por confirmar.<\/li>\n<li>Presencia de artistas pl\u00e1sticos que realizar\u00e1n pintura en vivo. Adem\u00e1s, habr\u00e1 malabaristas y estatuas vivientes.<\/li>\n<\/ul>\n<p>&nbsp;<\/p>\n<p><strong>El evento y su lado solidario<\/strong><\/p>\n<p>&nbsp;<\/p>\n<p>Habr\u00e1 un stand para<strong> Pelucas Solidarias,<\/strong> una organizaci\u00f3n sin fines de lucro, cuyo fin es la confecci\u00f3n de pelucas para personas que se encuentran en tratamiento oncol\u00f3gico. El p\u00fablico se podr\u00e1 acercar a dicho stand y donar su mech\u00f3n de pelo, para la realizaci\u00f3n de dichas pelucas.<\/p>\n<p>&nbsp;<\/p>\n<p><strong>Sobre Morella Producciones<\/strong><\/p>\n<p>Iniciaron sus actividades en el a\u00f1o con artistas y bandas de nivel nacional e internacional, como Guasones (2019) y Pastillas del Abuelo (2019- 2023), El Plan de la Mariposa (2019-2021-2022, 2023), No te va a Gustar (Teatro Municipal 2019), Piti Fern\u00e1ndez (2021- 2023), Jairo (Teatro Municipal 2021), Coti (Teatro Municipal 2021), Skay y los Fakires (Maxigimnasio Club Estudiantes 2022-2023).<\/p>\n","protected":false},"excerpt":{"rendered":"<p>La sede del evento ser\u00e1 en el gimnasio del Club Racing. &#8220;El objetivo es revalorizar y difundir la labor de<\/p>\n","protected":false},"author":6,"featured_media":94915,"comment_status":"closed","ping_status":"closed","sticky":false,"template":"","format":"standard","meta":{"_jetpack_memberships_contains_paid_content":false,"footnotes":""},"categories":[9,1],"tags":[],"class_list":["post-94914","post","type-post","status-publish","format-standard","has-post-thumbnail","hentry","category-cultura","category-portada"],"jetpack_featured_media_url":"https:\/\/i0.wp.com\/cdnoticias.com\/wp-content\/uploads\/2023\/08\/WhatsApp-Image-2023-08-23-at-19.13.01-e1693518777432.jpeg?fit=1023%2C678&ssl=1","jetpack_sharing_enabled":true,"_links":{"self":[{"href":"https:\/\/cdnoticias.com\/index.php\/wp-json\/wp\/v2\/posts\/94914","targetHints":{"allow":["GET"]}}],"collection":[{"href":"https:\/\/cdnoticias.com\/index.php\/wp-json\/wp\/v2\/posts"}],"about":[{"href":"https:\/\/cdnoticias.com\/index.php\/wp-json\/wp\/v2\/types\/post"}],"author":[{"embeddable":true,"href":"https:\/\/cdnoticias.com\/index.php\/wp-json\/wp\/v2\/users\/6"}],"replies":[{"embeddable":true,"href":"https:\/\/cdnoticias.com\/index.php\/wp-json\/wp\/v2\/comments?post=94914"}],"version-history":[{"count":0,"href":"https:\/\/cdnoticias.com\/index.php\/wp-json\/wp\/v2\/posts\/94914\/revisions"}],"wp:featuredmedia":[{"embeddable":true,"href":"https:\/\/cdnoticias.com\/index.php\/wp-json\/wp\/v2\/media\/94915"}],"wp:attachment":[{"href":"https:\/\/cdnoticias.com\/index.php\/wp-json\/wp\/v2\/media?parent=94914"}],"wp:term":[{"taxonomy":"category","embeddable":true,"href":"https:\/\/cdnoticias.com\/index.php\/wp-json\/wp\/v2\/categories?post=94914"},{"taxonomy":"post_tag","embeddable":true,"href":"https:\/\/cdnoticias.com\/index.php\/wp-json\/wp\/v2\/tags?post=94914"}],"curies":[{"name":"wp","href":"https:\/\/api.w.org\/{rel}","templated":true}]}}