{"id":94903,"date":"2023-09-01T08:12:18","date_gmt":"2023-09-01T11:12:18","guid":{"rendered":"https:\/\/www.centraldenoticias.com.ar\/?p=94903"},"modified":"2023-09-01T08:12:18","modified_gmt":"2023-09-01T11:12:18","slug":"la-extension-universitaria-cobra-cada-vez-mas-protagonismo","status":"publish","type":"post","link":"https:\/\/cdnoticias.com\/index.php\/2023\/09\/01\/la-extension-universitaria-cobra-cada-vez-mas-protagonismo\/","title":{"rendered":"La extensi\u00f3n universitaria cobra cada vez m\u00e1s protagonismo"},"content":{"rendered":"<p>Este martes se llev\u00f3 adelante la apertura formal de la segunda edici\u00f3n de la Semana de la Extensi\u00f3n en UNICEN. Este viernes tendr\u00e1 su cierre con diversas actividades. <!--more--><\/p>\n<hr \/>\n<p>Este martes por la ma\u00f1ana se llev\u00f3 adelante la<strong> apertura formal de la segunda edici\u00f3n de la Semana de la Extensi\u00f3n<\/strong> en la Universidad Nacional del Centro de la Provincia de Buenos Aires, por segundo a\u00f1o consecutivo.<\/p>\n<p>&nbsp;<\/p>\n<p>Talleres, charlas, debates y encuentros en el territorio forman parte de las propuestas que impulsan darle mayor protagonismo a las acciones de vinculaci\u00f3n universitaria que se llevan adelante en todas las unidades acad\u00e9micas de las cuatro sedes de la Universidad Nacional del Centro de la Provincia de Buenos Aires.<\/p>\n<p>&nbsp;<\/p>\n<p>La apertura formal de la<strong> II Semana de la Extensi\u00f3n,<\/strong> organizada por la Secretar\u00eda de la Extensi\u00f3n de Rectorado en conjunto con las facultades de Ciencias Sociales, Ingenier\u00eda y Salud, se realiz\u00f3 en el hall del Edificio de Aulas Comunes del Complejo Universitario, sector en el que se exponen los p\u00f3sters y videos preparados para esta instancia.<\/p>\n<p>&nbsp;<\/p>\n<p><img data-recalc-dims=\"1\" loading=\"lazy\" decoding=\"async\" class=\"aligncenter wp-image-94908 size-large\" src=\"https:\/\/i0.wp.com\/cdnoticias.com\/wp-content\/uploads\/2023\/08\/Parte-4.png?resize=800%2C517&#038;ssl=1\" alt=\"\" width=\"800\" height=\"517\" srcset=\"https:\/\/i0.wp.com\/cdnoticias.com\/wp-content\/uploads\/2023\/08\/Parte-4.png?resize=1024%2C662&amp;ssl=1 1024w, https:\/\/i0.wp.com\/cdnoticias.com\/wp-content\/uploads\/2023\/08\/Parte-4.png?resize=300%2C194&amp;ssl=1 300w, https:\/\/i0.wp.com\/cdnoticias.com\/wp-content\/uploads\/2023\/08\/Parte-4.png?resize=768%2C496&amp;ssl=1 768w, https:\/\/i0.wp.com\/cdnoticias.com\/wp-content\/uploads\/2023\/08\/Parte-4.png?w=1213&amp;ssl=1 1213w\" sizes=\"auto, (max-width: 800px) 100vw, 800px\" \/><\/p>\n<p>&nbsp;<\/p>\n<p>Con gran convocatoria de estudiantes, docentes, nodocentes y extensionistas, en la apertura estuvieron presentes la decana de FACSO, Lic. Gabriela Gamberini, la decana de FIO, Ing. Mar\u00eda Haydee Peralta y el decano de Ciencias de la Salud, Dr. H\u00e9ctor Trebucq; acompa\u00f1ados por el Lic. Nicol\u00e1s Casado, Secretario de Extensi\u00f3n, Bienestar y Transferencia de FACSO, y el Ing. Joaqu\u00edn Domato, Secretario de Extensi\u00f3n, Vinculaci\u00f3n y Transferencia de FIO, entre otras autoridades de las tres unidades acad\u00e9micas.<\/p>\n<p>&nbsp;<\/p>\n<p>En la bienvenida, las autoridades presentes celebraron la generaci\u00f3n de estos espacios, propicios para revalorizar y reflexionar acerca del rol de la extensi\u00f3n universitaria y del v\u00ednculo de la Universidad con el territorio.<\/p>\n<p>&nbsp;<\/p>\n<p>La Lic. Gamberini refiri\u00f3 que es importante valorizar a la \u201c<em>extensi\u00f3n como una de las funciones de la Universidad, que acompa\u00f1a y est\u00e1 integrada a la ense\u00f1anza y la investigaci\u00f3n. En los \u00faltimos a\u00f1os la UNICEN ha dado muchas muestras de crecimiento sobre la extensi\u00f3n, en la vinculaci\u00f3n con una m\u00faltiple cantidad de actores, y en este marco desde la Facultad de Ciencias Sociales y a trav\u00e9s de todas sus carreras se promueven e impulsan distintas programas, pr\u00e1cticas socioeducativas, proyectos y observatorios que reflejan ese crecimiento\u201d.<\/em><\/p>\n<p>&nbsp;<\/p>\n<p><img data-recalc-dims=\"1\" loading=\"lazy\" decoding=\"async\" class=\"aligncenter wp-image-94907 size-large\" src=\"https:\/\/i0.wp.com\/cdnoticias.com\/wp-content\/uploads\/2023\/08\/Parte-5.png?resize=800%2C511&#038;ssl=1\" alt=\"\" width=\"800\" height=\"511\" srcset=\"https:\/\/i0.wp.com\/cdnoticias.com\/wp-content\/uploads\/2023\/08\/Parte-5.png?resize=1024%2C654&amp;ssl=1 1024w, https:\/\/i0.wp.com\/cdnoticias.com\/wp-content\/uploads\/2023\/08\/Parte-5.png?resize=300%2C192&amp;ssl=1 300w, https:\/\/i0.wp.com\/cdnoticias.com\/wp-content\/uploads\/2023\/08\/Parte-5.png?resize=768%2C491&amp;ssl=1 768w, https:\/\/i0.wp.com\/cdnoticias.com\/wp-content\/uploads\/2023\/08\/Parte-5.png?w=1440&amp;ssl=1 1440w\" sizes=\"auto, (max-width: 800px) 100vw, 800px\" \/><\/p>\n<p>&nbsp;<\/p>\n<p>Este a\u00f1o la propuesta gira en torno a los<strong> 40 a\u00f1os de democracia ininterrumpida de nuestro pa\u00eds<\/strong>, destacando los valores que construyen, ampl\u00edan y profundizan la democracia y se hacen carne en los principios de la funci\u00f3n universitaria de extensi\u00f3n.<\/p>\n<p>&nbsp;<\/p>\n<p>A lo largo de toda la semana estar\u00e1n expuestos en el hall del Edificio de Aulas Comunes los p\u00f3sters y videos de experiencias extensionistas, con el objetivo de que las distintas l\u00edneas de trabajo como programas, proyectos y experiencias de articulaci\u00f3n con la sociedad puedan mostrar sus propuestas. <strong>El cierre de la Semana de la Extensi\u00f3n se realizar\u00e1 este viernes en la sede Olavarr\u00eda,<\/strong> donde concurrir\u00e1n representantes de todas las sedes de la UNICEN.<\/p>\n<p>&nbsp;<\/p>\n<p><img data-recalc-dims=\"1\" loading=\"lazy\" decoding=\"async\" class=\"aligncenter wp-image-94906 size-large\" src=\"https:\/\/i0.wp.com\/cdnoticias.com\/wp-content\/uploads\/2023\/08\/Taller-de-Intercambio.png?resize=800%2C534&#038;ssl=1\" alt=\"\" width=\"800\" height=\"534\" srcset=\"https:\/\/i0.wp.com\/cdnoticias.com\/wp-content\/uploads\/2023\/08\/Taller-de-Intercambio.png?resize=1024%2C683&amp;ssl=1 1024w, https:\/\/i0.wp.com\/cdnoticias.com\/wp-content\/uploads\/2023\/08\/Taller-de-Intercambio.png?resize=300%2C200&amp;ssl=1 300w, https:\/\/i0.wp.com\/cdnoticias.com\/wp-content\/uploads\/2023\/08\/Taller-de-Intercambio.png?resize=768%2C512&amp;ssl=1 768w, https:\/\/i0.wp.com\/cdnoticias.com\/wp-content\/uploads\/2023\/08\/Taller-de-Intercambio.png?resize=272%2C182&amp;ssl=1 272w, https:\/\/i0.wp.com\/cdnoticias.com\/wp-content\/uploads\/2023\/08\/Taller-de-Intercambio.png?w=1440&amp;ssl=1 1440w\" sizes=\"auto, (max-width: 800px) 100vw, 800px\" \/><\/p>\n","protected":false},"excerpt":{"rendered":"<p>Este martes se llev\u00f3 adelante la apertura formal de la segunda edici\u00f3n de la Semana de la Extensi\u00f3n en UNICEN.<\/p>\n","protected":false},"author":6,"featured_media":94905,"comment_status":"closed","ping_status":"closed","sticky":false,"template":"","format":"standard","meta":{"_jetpack_memberships_contains_paid_content":false,"footnotes":""},"categories":[5,1],"tags":[],"class_list":["post-94903","post","type-post","status-publish","format-standard","has-post-thumbnail","hentry","category-informacion-general","category-portada"],"jetpack_featured_media_url":"https:\/\/i0.wp.com\/cdnoticias.com\/wp-content\/uploads\/2023\/08\/Taller-VIH-y-ESI.png?fit=1440%2C960&ssl=1","jetpack_sharing_enabled":true,"_links":{"self":[{"href":"https:\/\/cdnoticias.com\/index.php\/wp-json\/wp\/v2\/posts\/94903","targetHints":{"allow":["GET"]}}],"collection":[{"href":"https:\/\/cdnoticias.com\/index.php\/wp-json\/wp\/v2\/posts"}],"about":[{"href":"https:\/\/cdnoticias.com\/index.php\/wp-json\/wp\/v2\/types\/post"}],"author":[{"embeddable":true,"href":"https:\/\/cdnoticias.com\/index.php\/wp-json\/wp\/v2\/users\/6"}],"replies":[{"embeddable":true,"href":"https:\/\/cdnoticias.com\/index.php\/wp-json\/wp\/v2\/comments?post=94903"}],"version-history":[{"count":0,"href":"https:\/\/cdnoticias.com\/index.php\/wp-json\/wp\/v2\/posts\/94903\/revisions"}],"wp:featuredmedia":[{"embeddable":true,"href":"https:\/\/cdnoticias.com\/index.php\/wp-json\/wp\/v2\/media\/94905"}],"wp:attachment":[{"href":"https:\/\/cdnoticias.com\/index.php\/wp-json\/wp\/v2\/media?parent=94903"}],"wp:term":[{"taxonomy":"category","embeddable":true,"href":"https:\/\/cdnoticias.com\/index.php\/wp-json\/wp\/v2\/categories?post=94903"},{"taxonomy":"post_tag","embeddable":true,"href":"https:\/\/cdnoticias.com\/index.php\/wp-json\/wp\/v2\/tags?post=94903"}],"curies":[{"name":"wp","href":"https:\/\/api.w.org\/{rel}","templated":true}]}}