{"id":94899,"date":"2023-09-03T19:36:59","date_gmt":"2023-09-03T22:36:59","guid":{"rendered":"https:\/\/www.centraldenoticias.com.ar\/?p=94899"},"modified":"2023-09-03T19:39:22","modified_gmt":"2023-09-03T22:39:22","slug":"se-presenta-el-libro-casa-querida-de-pablo-ormazabal","status":"publish","type":"post","link":"https:\/\/cdnoticias.com\/index.php\/2023\/09\/03\/se-presenta-el-libro-casa-querida-de-pablo-ormazabal\/","title":{"rendered":"Se presenta el libro &#8220;Casa Querida&#8221;, de Pablo Ormazabal"},"content":{"rendered":"<p>Ser\u00e1 el viernes 8 de septiembre a las 19 horas en la sede del Centro Vasco.<!--more--><\/p>\n<hr \/>\n<p><strong>Del Altillo<\/strong> invita a la presentaci\u00f3n del libro \u201c<em><strong>Casa Querida\u201d<\/strong><\/em>\u00a0 -\u201cEtxe Maitea \u201c\u2013 La di\u00e1spora vasca, memorias y arqueolog\u00eda&#8221;, de<strong> Pablo Ormazabal. <\/strong>El evento ser\u00e1 el <strong>viernes 8 de septiembre a las 19 horas<\/strong> en la sede del <strong>Centro Vasco,<\/strong> en Alsina esquina Yrigoyen.<\/p>\n<p>&nbsp;<\/p>\n<p><strong>\u201cCasa Querida\u201d<\/strong> es el libro que inaugura la <strong>colecci\u00f3n Ensayo de la editorial Del Altillo<\/strong> .De esta obra se adelant\u00f3 que: <em>&#8220;El sentido de di\u00e1spora vasca en la actualidad se toma y se festeja como una fecha Nacional del Euskal Herria, destacando esa referencia en el 8 de septiembre de todos los a\u00f1os , en base a la memoria de la llegada al Pa\u00eds\u00a0 Vasco del grupo de navegantes de Juan Sebasti\u00e1n Elkano en dar la primera vuelta al mundo en 1522&#8221;. <\/em><\/p>\n<p>&nbsp;<\/p>\n<p><em>&#8220;La intenci\u00f3n es presentar un escrito sobre una serie de relatos y sonidos de ciertas voces vascas en la regi\u00f3n pampeana argentina, con el objetivo de colocar a este grupo un nuevo valor y en un marco relacionado con los abundantes restos de piedra de las casas, estructuras y muros abandonados, olvidados o no, en esta zona<\/em>&#8221; se agreg\u00f3.<\/p>\n<p>&nbsp;<\/p>\n<p>Pablo Ormazabal, vive en Olavarr\u00eda, Provincia de Buenos Aires, es arque\u00f3logo y m\u00e9dico veterinario, asesor de la D.G.C y E.<\/p>\n","protected":false},"excerpt":{"rendered":"<p>Ser\u00e1 el viernes 8 de septiembre a las 19 horas en la sede del Centro Vasco.<\/p>\n","protected":false},"author":6,"featured_media":94900,"comment_status":"closed","ping_status":"closed","sticky":false,"template":"","format":"standard","meta":{"_jetpack_memberships_contains_paid_content":false,"footnotes":""},"categories":[9,1],"tags":[],"class_list":["post-94899","post","type-post","status-publish","format-standard","has-post-thumbnail","hentry","category-cultura","category-portada"],"jetpack_featured_media_url":"https:\/\/i0.wp.com\/cdnoticias.com\/wp-content\/uploads\/2023\/08\/Casa-Querida.jpeg?fit=1080%2C1350&ssl=1","jetpack_sharing_enabled":true,"_links":{"self":[{"href":"https:\/\/cdnoticias.com\/index.php\/wp-json\/wp\/v2\/posts\/94899","targetHints":{"allow":["GET"]}}],"collection":[{"href":"https:\/\/cdnoticias.com\/index.php\/wp-json\/wp\/v2\/posts"}],"about":[{"href":"https:\/\/cdnoticias.com\/index.php\/wp-json\/wp\/v2\/types\/post"}],"author":[{"embeddable":true,"href":"https:\/\/cdnoticias.com\/index.php\/wp-json\/wp\/v2\/users\/6"}],"replies":[{"embeddable":true,"href":"https:\/\/cdnoticias.com\/index.php\/wp-json\/wp\/v2\/comments?post=94899"}],"version-history":[{"count":0,"href":"https:\/\/cdnoticias.com\/index.php\/wp-json\/wp\/v2\/posts\/94899\/revisions"}],"wp:featuredmedia":[{"embeddable":true,"href":"https:\/\/cdnoticias.com\/index.php\/wp-json\/wp\/v2\/media\/94900"}],"wp:attachment":[{"href":"https:\/\/cdnoticias.com\/index.php\/wp-json\/wp\/v2\/media?parent=94899"}],"wp:term":[{"taxonomy":"category","embeddable":true,"href":"https:\/\/cdnoticias.com\/index.php\/wp-json\/wp\/v2\/categories?post=94899"},{"taxonomy":"post_tag","embeddable":true,"href":"https:\/\/cdnoticias.com\/index.php\/wp-json\/wp\/v2\/tags?post=94899"}],"curies":[{"name":"wp","href":"https:\/\/api.w.org\/{rel}","templated":true}]}}