{"id":94876,"date":"2023-08-31T16:19:55","date_gmt":"2023-08-31T19:19:55","guid":{"rendered":"https:\/\/www.centraldenoticias.com.ar\/?p=94876"},"modified":"2023-08-31T20:21:13","modified_gmt":"2023-08-31T23:21:13","slug":"escrutinio-definitivo-juntos-con-menos-diferencia-con-union-por-la-patria","status":"publish","type":"post","link":"https:\/\/cdnoticias.com\/index.php\/2023\/08\/31\/escrutinio-definitivo-juntos-con-menos-diferencia-con-union-por-la-patria\/","title":{"rendered":"Escrutinio definitivo: Juntos, con menos diferencia con Uni\u00f3n por la Patria"},"content":{"rendered":"<p>Se conocieron las cifras oficiales de los votos de la PASO. \u201cEstamos a solo 1.823 votos\u201d dijo Hilario Galli quien celebr\u00f3 el posicionamiento local del oficialismo.<\/p>\n<p><!--more--><\/p>\n<hr \/>\n<p>La<strong> justicia electoral finaliz\u00f3 el escrutinio definitivo<\/strong> de los votos de las PASO. <a href=\"https:\/\/cdnoticias.com\/index.php\/2023\/08\/30\/escrutinio-definitivo-finalmente-agustin-mestralet-sera-el-candidato-de-la-izquierda\/\" target=\"_blank\" rel=\"noopener\">A nivel local se destac\u00f3 que el FIT tendr\u00e1 finalmente como candidato a Agust\u00edn Mestralet<\/a>, y que <strong>Juntos se mantuvo como segunda fuerza, pero con menos diferencia<\/strong> que la que se hab\u00eda indicado en el escrutinio provisorio.<\/p>\n<p>&nbsp;<\/p>\n<blockquote><p>En ese sentido, el secretario de Gobierno y candidato a primer concejal del oficialismo destac\u00f3: \u201cachicamos la diferencia con el Kirchnerismo, estamos a solo 1.823 votos, menos de 3 puntos\u201d.<\/p><\/blockquote>\n<p>&nbsp;<\/p>\n<p>Difundi\u00f3 el detalle del escrutinio definitivo local que evidencia que se ratific\u00f3 la victoria de <strong>Uni\u00f3n por la Patria por el 37,9%, en segundo lugar qued\u00f3 Juntos con 35% y el tercer lugar es de La Libertad Avanza con 23%.<\/strong><\/p>\n<p>&nbsp;<\/p>\n<p><img data-recalc-dims=\"1\" loading=\"lazy\" decoding=\"async\" class=\"size-large wp-image-94877 aligncenter\" src=\"https:\/\/i0.wp.com\/cdnoticias.com\/wp-content\/uploads\/2023\/08\/escrutinio-definitivo-00.jpg?resize=800%2C553&#038;ssl=1\" alt=\"\" width=\"800\" height=\"553\" srcset=\"https:\/\/i0.wp.com\/cdnoticias.com\/wp-content\/uploads\/2023\/08\/escrutinio-definitivo-00.jpg?w=800&amp;ssl=1 800w, https:\/\/i0.wp.com\/cdnoticias.com\/wp-content\/uploads\/2023\/08\/escrutinio-definitivo-00.jpg?resize=300%2C207&amp;ssl=1 300w, https:\/\/i0.wp.com\/cdnoticias.com\/wp-content\/uploads\/2023\/08\/escrutinio-definitivo-00.jpg?resize=768%2C531&amp;ssl=1 768w, https:\/\/i0.wp.com\/cdnoticias.com\/wp-content\/uploads\/2023\/08\/escrutinio-definitivo-00.jpg?resize=392%2C272&amp;ssl=1 392w, https:\/\/i0.wp.com\/cdnoticias.com\/wp-content\/uploads\/2023\/08\/escrutinio-definitivo-00.jpg?resize=130%2C90&amp;ssl=1 130w\" sizes=\"auto, (max-width: 800px) 100vw, 800px\" \/><\/p>\n<p>&nbsp;<\/p>\n<p>De esa manera, en los porcentuales <strong>Uni\u00f3n por la Patria tuvo una leve baja<\/strong> en comparaci\u00f3n el escrutinio provisorio, mientras que <strong>Juntos y La Libertad Avanza tuvieron alzas<\/strong>, tambi\u00e9n en peque\u00f1a proporci\u00f3n. Tambi\u00e9n se present\u00f3 una<strong> suba en la participaci\u00f3n<\/strong> que lleg\u00f3 a 70,66% del electorado.<\/p>\n<p>&nbsp;<\/p>\n<p>Con estos datos, quedaron <strong>oficializados cuatro candidatos a intendente<\/strong> para competir el 22 de octubre: Maximiliano Wesner por Uni\u00f3n por la Patria, Ezequiel Galli por Juntos, Celeste Arouxet por la Libertad Avanza y Agust\u00edn Mestralet por el FIT.<\/p>\n<p>&nbsp;<\/p>\n<h2>En la Naci\u00f3n y la Provincia<\/h2>\n<p>&nbsp;<\/p>\n<p>El escrutinio definitivo de la PASO <strong>presidencial<\/strong> mostr\u00f3 que <strong>se achic\u00f3 la diferencia entre las tres principales fuerzas pol\u00edticas<\/strong>.<\/p>\n<p>&nbsp;<\/p>\n<blockquote><p>Con el conteo final, el l\u00edder de La Libertad Avanza (LLA), Javier Milei, finalmente no lleg\u00f3 al 30% de los votos, aunque qued\u00f3 muy cerca. En el escrutinio provisorio ten\u00eda 30,04% y en el definitivo, 29,86%. Juntos por el Cambio, con la suma de Patricia Bullrich y Horacio rodr\u00edguez Larreta, pas\u00f3 de 28,27% a 28% y Uni\u00f3n por la Patria (Sergio Massa m\u00e1s Juan Grabois) casi no cambi\u00f3 sus n\u00fameros: pas\u00f3 de 27,27% a 27,28%.<\/p><\/blockquote>\n<p>&nbsp;<\/p>\n<p>La Libertad Avanza cosech\u00f3 7.352.244 votos, JxC 6.895.941 mientras que el oficialismo 6.719.042 sufragios. El resto de los partidos que presentaron candidatos en las PASO quedaron muy lejos. S\u00f3lo lograron pasar el umbral necesario de votos para competir en octubre las fuerzas Hacemos por Nuestro Pa\u00eds, que tiene a Juan Schiaretti como referente principal (sum\u00f3 3,71%) y el Frente de Izquierda (2,61%).<\/p>\n<p>&nbsp;<\/p>\n<p><img data-recalc-dims=\"1\" loading=\"lazy\" decoding=\"async\" class=\"size-full wp-image-94878 aligncenter\" src=\"https:\/\/i0.wp.com\/cdnoticias.com\/wp-content\/uploads\/2023\/08\/Massa-Bullrich-Milei-696x392-1.jpg?resize=696%2C392&#038;ssl=1\" alt=\"\" width=\"696\" height=\"392\" srcset=\"https:\/\/i0.wp.com\/cdnoticias.com\/wp-content\/uploads\/2023\/08\/Massa-Bullrich-Milei-696x392-1.jpg?w=696&amp;ssl=1 696w, https:\/\/i0.wp.com\/cdnoticias.com\/wp-content\/uploads\/2023\/08\/Massa-Bullrich-Milei-696x392-1.jpg?resize=300%2C169&amp;ssl=1 300w\" sizes=\"auto, (max-width: 696px) 100vw, 696px\" \/><\/p>\n<p>&nbsp;<\/p>\n<p>El 13 de agosto hubo 1.356.480 votos en blanco, que representan el 5,51%, y un total de 309.807 votos fueron nulos (1,24%).<\/p>\n<p>&nbsp;<\/p>\n<p>La Justicia prioriz\u00f3 los porcentajes de votos v\u00e1lidos porque son los que deben considerarse para determinar qu\u00e9 agrupaciones superaron las PASO y quedaron habilitadas para competir el 22 de octubre. Ese d\u00eda, en las elecciones generales, los porcentajes se calcular\u00e1n s\u00f3lo sobre votos afirmativos (se excluyen los blancos). Por ese motivo, de mantener la misma cantidad de sufragios los candidatos tendr\u00e1n mayores porcentajes.<\/p>\n<p>&nbsp;<\/p>\n<h2>En suelo bonaerense<\/h2>\n<p>&nbsp;<\/p>\n<p>La Justicia federal con competencia electoral en la provincia de Buenos Aires finaliz\u00f3 en las \u00faltimas horas el escrutinio definitivo, que ratific\u00f3 que <strong>UxP fue la fuerza m\u00e1s votada, con 2.967.686 sufragios<\/strong>; seguido por JxC, que alcanz\u00f3 2.661.835 (Bullrich 1.502.096 votos y Rodr\u00edguez Larreta 1.159.739); y por la Libertad Avanza con 2.259.556 votos.<\/p>\n<p>&nbsp;<\/p>\n<blockquote><p>Si se analizan los n\u00fameros para gobernador, se observa que Axel Kicillof sum\u00f3 2.946.576 votos, la interna de JxC 2.668.571 (Grindetti sac\u00f3 1.351.843 y Santilli 1.316.728, una diferencia de 35.115 votos), mientras que Carolina P\u00edparo cosech\u00f3 1.956.680.<\/p><\/blockquote>\n<p>&nbsp;<\/p>\n<p>El porcentaje de votantes fue del 70,93% sobre el total del padr\u00f3n, que es de 13.115.144 personas. Hubo un total de 9.297.859 votos con 80.920 nulos y 1.098.964 en blanco.<\/p>\n<p>&nbsp;<\/p>\n","protected":false},"excerpt":{"rendered":"<p>Se conocieron las cifras oficiales de los votos de la PASO. \u201cEstamos a solo 1.823 votos\u201d dijo Hilario Galli quien<\/p>\n","protected":false},"author":4,"featured_media":56555,"comment_status":"closed","ping_status":"closed","sticky":false,"template":"","format":"standard","meta":{"_jetpack_memberships_contains_paid_content":false,"footnotes":""},"categories":[4,1],"tags":[],"class_list":["post-94876","post","type-post","status-publish","format-standard","has-post-thumbnail","hentry","category-politica","category-portada"],"jetpack_featured_media_url":"https:\/\/i0.wp.com\/cdnoticias.com\/wp-content\/uploads\/2022\/06\/Elecciones-2022_1.jpg?fit=1200%2C675&ssl=1","jetpack_sharing_enabled":true,"_links":{"self":[{"href":"https:\/\/cdnoticias.com\/index.php\/wp-json\/wp\/v2\/posts\/94876","targetHints":{"allow":["GET"]}}],"collection":[{"href":"https:\/\/cdnoticias.com\/index.php\/wp-json\/wp\/v2\/posts"}],"about":[{"href":"https:\/\/cdnoticias.com\/index.php\/wp-json\/wp\/v2\/types\/post"}],"author":[{"embeddable":true,"href":"https:\/\/cdnoticias.com\/index.php\/wp-json\/wp\/v2\/users\/4"}],"replies":[{"embeddable":true,"href":"https:\/\/cdnoticias.com\/index.php\/wp-json\/wp\/v2\/comments?post=94876"}],"version-history":[{"count":0,"href":"https:\/\/cdnoticias.com\/index.php\/wp-json\/wp\/v2\/posts\/94876\/revisions"}],"wp:featuredmedia":[{"embeddable":true,"href":"https:\/\/cdnoticias.com\/index.php\/wp-json\/wp\/v2\/media\/56555"}],"wp:attachment":[{"href":"https:\/\/cdnoticias.com\/index.php\/wp-json\/wp\/v2\/media?parent=94876"}],"wp:term":[{"taxonomy":"category","embeddable":true,"href":"https:\/\/cdnoticias.com\/index.php\/wp-json\/wp\/v2\/categories?post=94876"},{"taxonomy":"post_tag","embeddable":true,"href":"https:\/\/cdnoticias.com\/index.php\/wp-json\/wp\/v2\/tags?post=94876"}],"curies":[{"name":"wp","href":"https:\/\/api.w.org\/{rel}","templated":true}]}}