{"id":94824,"date":"2023-08-31T11:00:21","date_gmt":"2023-08-31T14:00:21","guid":{"rendered":"https:\/\/www.centraldenoticias.com.ar\/?p=94824"},"modified":"2023-08-31T11:40:45","modified_gmt":"2023-08-31T14:40:45","slug":"crimen-del-barrio-carlos-pellegrini-la-autopsia-confirmo-que-el-presunto-autor-murio-por-ahorcamiento","status":"publish","type":"post","link":"https:\/\/cdnoticias.com\/index.php\/2023\/08\/31\/crimen-del-barrio-carlos-pellegrini-la-autopsia-confirmo-que-el-presunto-autor-murio-por-ahorcamiento\/","title":{"rendered":"Crimen del barrio Carlos Pellegrini: la autopsia confirm\u00f3 que el presunto autor muri\u00f3 por ahorcamiento"},"content":{"rendered":"<p>Se concret\u00f3 la pericia sobre el cuerpo de Fabi\u00e1n Marcelo Ene. Se descart\u00f3 la participaci\u00f3n de otra persona en la maniobra. A\u00fan resta la realizaci\u00f3n de las autopsias de Mar\u00eda Aguer y Thiago Contreras.<\/p>\n<p><!--more--><\/p>\n<hr \/>\n<p>Contin\u00faa la labor de los investigadores en el caso del <strong>crimen del barrio Carlos Pellegrini<\/strong>, que se sigue en la UFI N\u00ba 10 de Olavarr\u00eda subrogada por la fiscal Paula Serrano. Las averiguaciones se siguen como femicidio, homicidio y suicidio en contexto de violencia familiar,<a href=\"https:\/\/cdnoticias.com\/index.php\/2023\/08\/30\/crimen-en-barrio-carlos-pellegrini-el-presunto-autor-y-suicida-dejo-una-carta\/\" target=\"_blank\" rel=\"noopener\"> tal como qued\u00f3 establecido en el inicio de las averiguaciones<\/a>.<\/p>\n<p>&nbsp;<\/p>\n<p><strong>Central de Noticias<\/strong> pudo confirmar que <strong>se llev\u00f3 a cabo la pericia de autopsia sobre el cuerpo de Fabi\u00e1n Marcelo Ene<\/strong>, de 38 a\u00f1os, presunto autor de los asesinatos y suicida, hallado en el domicilio de Santa Cruz y Lisandro de la Torre.<\/p>\n<p>&nbsp;<\/p>\n<p>La medida <strong>se concret\u00f3 en la ma\u00f1ana del mi\u00e9rcoles y finaliz\u00f3 hacia el mediod\u00eda<\/strong>. No trascendieron mayores novedades, aunque la informaci\u00f3n que se expuso da cuenta de que se confirm\u00f3 la hip\u00f3tesis de los investigadores.<\/p>\n<p>&nbsp;<\/p>\n<blockquote><p>Se estableci\u00f3 como \u201ccausa inmediata\u201d de muerte del hombre un \u201cparo card\u00edaco\u201d y como \u201ccausa b\u00e1sica\u201d la \u201casfixia mec\u00e1nica\u201d por \u201cahorcamiento\u201d.\u00a0Con las pruebas realizadas, se descart\u00f3 la participaci\u00f3n de otra persona en la maniobra con lo que se sostuvo la hip\u00f3tesis del suicidio, sustentada adem\u00e1s en la carta que Ene dej\u00f3 en la vivienda donde se dieron los hechos.<\/p><\/blockquote>\n<p>&nbsp;<\/p>\n<p><img data-recalc-dims=\"1\" loading=\"lazy\" decoding=\"async\" class=\"size-full wp-image-94763 aligncenter\" src=\"https:\/\/i0.wp.com\/cdnoticias.com\/wp-content\/uploads\/2023\/08\/crimen-barrio-pellegrini-08.jpg?resize=800%2C445&#038;ssl=1\" alt=\"\" width=\"800\" height=\"445\" srcset=\"https:\/\/i0.wp.com\/cdnoticias.com\/wp-content\/uploads\/2023\/08\/crimen-barrio-pellegrini-08.jpg?w=800&amp;ssl=1 800w, https:\/\/i0.wp.com\/cdnoticias.com\/wp-content\/uploads\/2023\/08\/crimen-barrio-pellegrini-08.jpg?resize=300%2C167&amp;ssl=1 300w, https:\/\/i0.wp.com\/cdnoticias.com\/wp-content\/uploads\/2023\/08\/crimen-barrio-pellegrini-08.jpg?resize=768%2C427&amp;ssl=1 768w\" sizes=\"auto, (max-width: 800px) 100vw, 800px\" \/><\/p>\n<p>&nbsp;<\/p>\n<p>Cabe recordar que<strong> el fiscal general de Azul, Marcelo Sobrino<\/strong>, hab\u00eda informado que<strong> la muerte del hombre databa de las horas previas a su hallazgo<\/strong>, <a href=\"https:\/\/cdnoticias.com\/index.php\/2023\/08\/29\/macabro-hallazgo-primeros-datos-del-crimen\/\" target=\"_blank\" rel=\"noopener\">el d\u00eda martes 29 de agosto en las primeras horas de la tarde<\/a>. Ene estaba ahorcado, colgado en uno de los pasillos de la casa.<\/p>\n<p>&nbsp;<\/p>\n<p>En base a la \u00faltima informaci\u00f3n que brind\u00f3 una fuente oficial ligada a la causa, <strong>a\u00fan se pudo realizar la misma pericia sobre los cuerpos de las v\u00edctimas<\/strong>, los cuales hab\u00edan sido congelados en un freezer. En ese sentido,<strong> deb\u00eda esperarse la finalizaci\u00f3n de un proceso de descongelamiento<\/strong>. No obstante, se esperaba su concreci\u00f3n para este jueves.<\/p>\n<p>&nbsp;<\/p>\n<p>Las muertes de Mar\u00eda Aguer (53) y Thiago Contreras (13) se ubicaron entre la noche del martes 22 de agosto y el mi\u00e9rcoles 23 de agosto.<\/p>\n<p>&nbsp;<\/p>\n<p>En la vivienda se secuestr\u00f3 una maza, herramienta que se sospecha que fue utilizada para cometer los asesinatos.<\/p>\n<p>&nbsp;<\/p>\n<p><img data-recalc-dims=\"1\" loading=\"lazy\" decoding=\"async\" class=\"size-full wp-image-94643 aligncenter\" src=\"https:\/\/i0.wp.com\/cdnoticias.com\/wp-content\/uploads\/2023\/08\/barriocarlospellegrini-violenciafamiliar-3.png?resize=800%2C445&#038;ssl=1\" alt=\"\" width=\"800\" height=\"445\" srcset=\"https:\/\/i0.wp.com\/cdnoticias.com\/wp-content\/uploads\/2023\/08\/barriocarlospellegrini-violenciafamiliar-3.png?w=936&amp;ssl=1 936w, https:\/\/i0.wp.com\/cdnoticias.com\/wp-content\/uploads\/2023\/08\/barriocarlospellegrini-violenciafamiliar-3.png?resize=300%2C167&amp;ssl=1 300w, https:\/\/i0.wp.com\/cdnoticias.com\/wp-content\/uploads\/2023\/08\/barriocarlospellegrini-violenciafamiliar-3.png?resize=768%2C427&amp;ssl=1 768w, https:\/\/i0.wp.com\/cdnoticias.com\/wp-content\/uploads\/2023\/08\/barriocarlospellegrini-violenciafamiliar-3.png?resize=800%2C445&amp;ssl=1 800w\" sizes=\"auto, (max-width: 800px) 100vw, 800px\" \/><\/p>\n<p>&nbsp;<\/p>\n<h2>La carta del autor del doble crimen<\/h2>\n<p>&nbsp;<\/p>\n<p>Tal como tambi\u00e9n confirm\u00f3 el fiscal general Sobrino, <strong>el hombre que asesin\u00f3 a su pareja y al hijo adolescente de \u00e9sta y luego se suicid\u00f3, dej\u00f3 una carta en la que confes\u00f3 que cometi\u00f3 los ataques<\/strong> con una maza porque recib\u00eda \u201cmalos tratos\u201d y lo \u201cten\u00edan cansado\u201d.<\/p>\n<p>&nbsp;<\/p>\n<p>Revel\u00f3 que en la misma misiva, <strong>Marcelo Ene explic\u00f3 que congel\u00f3 los cad\u00e1veres \u201cpara que los puedan velar\u201d<\/strong>. De acuerdo a fuentes de la investigaci\u00f3n, en una de las supuestas frases de la carta, el homicida escribi\u00f3: <strong>\u201cLos mat\u00e9 porque me ten\u00edan cansado\u201d<\/strong>.<\/p>\n<p>&nbsp;<\/p>\n<blockquote><p>Adem\u00e1s, en el texto, hizo referencia a que recib\u00eda \u201cmalos tratos de parte de la mujer\u201d, dijo que estaba \u201ccansado\u201d de llegar del trabajo y \u201ctener que hacer las cosas de la casa\u201d, al tiempo que describi\u00f3 al hijo de 13 a\u00f1os de su pareja como un \u201cmaleducado\u201d. \u201cTodo era un problema, se quejaba de todo. El nene era muy contestador y maleducado\u201d, escribi\u00f3 el hombre.<\/p><\/blockquote>\n<p>&nbsp;<\/p>\n<p>Finalmente, siempre seg\u00fan los voceros consultados por la agencia estatal T\u00e9lam, explic\u00f3 que decidi\u00f3 congelar los cuerpos de ambas v\u00edctimas en el freezer del domicilio \u201cpara que los puedan velar\u201d.<\/p>\n<p>&nbsp;<\/p>\n<blockquote class=\"wp-embedded-content\" data-secret=\"x4cmj4Oski\"><p><a href=\"https:\/\/cdnoticias.com\/index.php\/2023\/08\/30\/crimen-de-sandra-y-thiago-el-dolor-y-los-reclamos-a-la-justicia\/\">Crimen de Sandra y Thiago: el dolor y los reclamos a la Justicia<\/a><\/p><\/blockquote>\n<p><iframe loading=\"lazy\" class=\"wp-embedded-content\" sandbox=\"allow-scripts\" security=\"restricted\" style=\"position: absolute; clip: rect(1px, 1px, 1px, 1px);\" title=\"&#8220;Crimen de Sandra y Thiago: el dolor y los reclamos a la Justicia&#8221; &#8212; Central de Noticias | Olavarr\u00eda\" src=\"https:\/\/cdnoticias.com\/index.php\/2023\/08\/30\/crimen-de-sandra-y-thiago-el-dolor-y-los-reclamos-a-la-justicia\/embed\/#?secret=Y66qEb5STa#?secret=x4cmj4Oski\" data-secret=\"x4cmj4Oski\" width=\"600\" height=\"338\" frameborder=\"0\" marginwidth=\"0\" marginheight=\"0\" scrolling=\"no\"><\/iframe><\/p>\n<p>&nbsp;<\/p>\n","protected":false},"excerpt":{"rendered":"<p>Se concret\u00f3 la pericia sobre el cuerpo de Fabi\u00e1n Marcelo Ene. Se descart\u00f3 la participaci\u00f3n de otra persona en la<\/p>\n","protected":false},"author":4,"featured_media":94767,"comment_status":"closed","ping_status":"closed","sticky":false,"template":"","format":"standard","meta":{"_jetpack_memberships_contains_paid_content":false,"footnotes":""},"categories":[14,1],"tags":[],"class_list":["post-94824","post","type-post","status-publish","format-standard","has-post-thumbnail","hentry","category-policiales","category-portada"],"jetpack_featured_media_url":"https:\/\/i0.wp.com\/cdnoticias.com\/wp-content\/uploads\/2023\/08\/crimen-barrio-pellegrini-04.jpg?fit=800%2C445&ssl=1","jetpack_sharing_enabled":true,"_links":{"self":[{"href":"https:\/\/cdnoticias.com\/index.php\/wp-json\/wp\/v2\/posts\/94824","targetHints":{"allow":["GET"]}}],"collection":[{"href":"https:\/\/cdnoticias.com\/index.php\/wp-json\/wp\/v2\/posts"}],"about":[{"href":"https:\/\/cdnoticias.com\/index.php\/wp-json\/wp\/v2\/types\/post"}],"author":[{"embeddable":true,"href":"https:\/\/cdnoticias.com\/index.php\/wp-json\/wp\/v2\/users\/4"}],"replies":[{"embeddable":true,"href":"https:\/\/cdnoticias.com\/index.php\/wp-json\/wp\/v2\/comments?post=94824"}],"version-history":[{"count":0,"href":"https:\/\/cdnoticias.com\/index.php\/wp-json\/wp\/v2\/posts\/94824\/revisions"}],"wp:featuredmedia":[{"embeddable":true,"href":"https:\/\/cdnoticias.com\/index.php\/wp-json\/wp\/v2\/media\/94767"}],"wp:attachment":[{"href":"https:\/\/cdnoticias.com\/index.php\/wp-json\/wp\/v2\/media?parent=94824"}],"wp:term":[{"taxonomy":"category","embeddable":true,"href":"https:\/\/cdnoticias.com\/index.php\/wp-json\/wp\/v2\/categories?post=94824"},{"taxonomy":"post_tag","embeddable":true,"href":"https:\/\/cdnoticias.com\/index.php\/wp-json\/wp\/v2\/tags?post=94824"}],"curies":[{"name":"wp","href":"https:\/\/api.w.org\/{rel}","templated":true}]}}