{"id":94812,"date":"2023-08-30T20:54:49","date_gmt":"2023-08-30T23:54:49","guid":{"rendered":"https:\/\/www.centraldenoticias.com.ar\/?p=94812"},"modified":"2023-08-30T20:54:49","modified_gmt":"2023-08-30T23:54:49","slug":"escrutinio-definitivo-finalmente-agustin-mestralet-sera-el-candidato-de-la-izquierda","status":"publish","type":"post","link":"https:\/\/cdnoticias.com\/index.php\/2023\/08\/30\/escrutinio-definitivo-finalmente-agustin-mestralet-sera-el-candidato-de-la-izquierda\/","title":{"rendered":"Escrutinio definitivo: finalmente Agust\u00edn Mestralet ser\u00e1 el candidato de la Izquierda"},"content":{"rendered":"<p>Se conoci\u00f3 en la jornada del mi\u00e9rcoles, y este jueves el candidato del Frente de Izquierda oficializ\u00f3 la novedad. Fue por apenas 29 votos. <!--more--><\/p>\n<hr \/>\n<p>Luego de conocerse hace algunas horas el escrutinio definitivo en Olavarr\u00eda, <strong>una de las novedades m\u00e1s resonantes es que el cuarto candidato a Intendente de Olavarr\u00eda tiene otro nombre: finalmente, Agust\u00edn Mestralet le gan\u00f3 en la interna por 29 votos a Marcelo Ripoll y representar\u00e1 al Frente de Izquierda en octubre.<\/strong><\/p>\n<p>&nbsp;<\/p>\n<blockquote><p>La Lista \u201cUnidad de Luchadores y la Izquierda\u201d obtuvo 692 votos y se impuso a la lista de Ripoll \u201cUnir y Fortalecer la Izquierda\u201d que logr\u00f3 663 sufragios.<\/p><\/blockquote>\n<p>&nbsp;<\/p>\n<p>En el recuento definitivo <strong>Ripoll perdi\u00f3 41 votos con respecto a los resultados propios mientras que Mestralet sum\u00f3 15 votos m\u00e1s<\/strong>, lo que le permiti\u00f3 dar vuelta el resultado dentro de la interna del Frente de Izquierda.<\/p>\n<p>&nbsp;<\/p>\n<p>El propio Mestralet confirm\u00f3 mediante un comunicado: <em>\u201cdespu\u00e9s de esperar dos semanas, podemos anunciarlo y queremos<strong> agradecer much\u00edsimo a quienes le pusieron todo para fiscalizar el d\u00eda de la elecci\u00f3n, ya que defendieron nuestros votos hasta obtener las planillas que fueron important\u00edsimas para obtener este resultado en el conteo final.<\/strong> De igual manera, les agradecemos a todxs quienes colaboraron con nuestra campa\u00f1a, a quienes nos apoyaron y votaron en las PASO\u201d.<\/em><\/p>\n<p>&nbsp;<\/p>\n<p>Agreg\u00f3 que, de esta manera, <em>\u201cjunto a Yessica Almeida y lxs compa\u00f1erxs candidatxs a concejales y consejeros escolares estaremos a la cabeza de la lista, llevando adelante la campa\u00f1a electoral con el perfil que venimos proponiendo: una izquierda plantada entre lxs trabajadores de Olavarr\u00eda, presente en las luchas de sus vecinxs y organizadora de sus reclamos. Desde ya, nuestra boleta en octubre integrar\u00e1 tambi\u00e9n a quienes participaron de la otra lista local del FIT-U, a quienes convocamos a sumar esfuerzos\u201d.<\/em><\/p>\n<p>&nbsp;<\/p>\n<blockquote><p>Aprovech\u00f3 para convocar a la charla que brindar\u00e1 N\u00e9stor Pitrola, candidato a diputado del Frente este viernes a las 18:00 horas en el local partidario de Sargento Cabral 3370. All\u00ed, se hablar\u00e1 \u201cde un balance y perspectivas de los resultados de las PASO en que triunf\u00f3 Milei y luego de la devaluaci\u00f3n de Massa pactada con el FMI\u201d.<\/p><\/blockquote>\n<p>&nbsp;<\/p>\n<p>\u201cEsperamos a todxs quienes quieran sumarse a debatir para intervenir en la situaci\u00f3n pol\u00edtica y las elecciones por una salida a favor de la clase trabajadora y el pueblo\u201d cerr\u00f3 el ahora<strong> candidato del Frente de Izquierda que competir\u00e1 contra Maximiliano Wesner, Ezequiel Galli y Celeste Arouxet en las generales del 22 de octubre.<\/strong><\/p>\n","protected":false},"excerpt":{"rendered":"<p>Se conoci\u00f3 en la jornada del mi\u00e9rcoles, y este jueves el candidato del Frente de Izquierda oficializ\u00f3 la novedad. Fue<\/p>\n","protected":false},"author":2,"featured_media":90792,"comment_status":"closed","ping_status":"closed","sticky":false,"template":"","format":"standard","meta":{"_jetpack_memberships_contains_paid_content":false,"footnotes":""},"categories":[4,1],"tags":[],"class_list":["post-94812","post","type-post","status-publish","format-standard","has-post-thumbnail","hentry","category-politica","category-portada"],"jetpack_featured_media_url":"https:\/\/i0.wp.com\/cdnoticias.com\/wp-content\/uploads\/2023\/07\/mestralet-agustin02.jpg?fit=800%2C445&ssl=1","jetpack_sharing_enabled":true,"_links":{"self":[{"href":"https:\/\/cdnoticias.com\/index.php\/wp-json\/wp\/v2\/posts\/94812","targetHints":{"allow":["GET"]}}],"collection":[{"href":"https:\/\/cdnoticias.com\/index.php\/wp-json\/wp\/v2\/posts"}],"about":[{"href":"https:\/\/cdnoticias.com\/index.php\/wp-json\/wp\/v2\/types\/post"}],"author":[{"embeddable":true,"href":"https:\/\/cdnoticias.com\/index.php\/wp-json\/wp\/v2\/users\/2"}],"replies":[{"embeddable":true,"href":"https:\/\/cdnoticias.com\/index.php\/wp-json\/wp\/v2\/comments?post=94812"}],"version-history":[{"count":0,"href":"https:\/\/cdnoticias.com\/index.php\/wp-json\/wp\/v2\/posts\/94812\/revisions"}],"wp:featuredmedia":[{"embeddable":true,"href":"https:\/\/cdnoticias.com\/index.php\/wp-json\/wp\/v2\/media\/90792"}],"wp:attachment":[{"href":"https:\/\/cdnoticias.com\/index.php\/wp-json\/wp\/v2\/media?parent=94812"}],"wp:term":[{"taxonomy":"category","embeddable":true,"href":"https:\/\/cdnoticias.com\/index.php\/wp-json\/wp\/v2\/categories?post=94812"},{"taxonomy":"post_tag","embeddable":true,"href":"https:\/\/cdnoticias.com\/index.php\/wp-json\/wp\/v2\/tags?post=94812"}],"curies":[{"name":"wp","href":"https:\/\/api.w.org\/{rel}","templated":true}]}}