{"id":9480,"date":"2020-12-20T17:28:26","date_gmt":"2020-12-20T20:28:26","guid":{"rendered":"http:\/\/www.centraldenoticias.com.ar\/?p=9480"},"modified":"2020-12-20T21:19:42","modified_gmt":"2020-12-21T00:19:42","slug":"ya-sin-alerta-como-continuara-el-tiempo-durante-los-proximos-dias","status":"publish","type":"post","link":"https:\/\/cdnoticias.com\/index.php\/2020\/12\/20\/ya-sin-alerta-como-continuara-el-tiempo-durante-los-proximos-dias\/","title":{"rendered":"Ya sin alerta, c\u00f3mo continuar\u00e1 el tiempo durante los pr\u00f3ximos d\u00edas"},"content":{"rendered":"<p>Si bien el alerta ya ces\u00f3, permanecen los fuertes vientos, por lo que se aconseja prolongar los recaudos. Detalle de c\u00f3mo ser\u00e1n los pr\u00f3ximos d\u00edas en materia clim\u00e1tica.<!--more--><\/p>\n<hr \/>\n<p>En las \u00faltimas horas la atenci\u00f3n no s\u00f3lo de Olavarr\u00eda, sino de toda la regi\u00f3n y gran parte del territorio bonaerense se ha focalizado en el clima tras el <a href=\"https:\/\/cdnoticias.com\/index.php\/2020\/12\/19\/voladuras-y-destrozos-fotos-y-videos-del-temporal-de-viento-en-olavarria\/\" target=\"_blank\" rel=\"noopener\">temporal de viento<\/a> que golpe\u00f3 duramente a numerosas ciudades. Por ello, vale repasar <strong>c\u00f3mo seguir\u00e1 el tiempo durante el inicio de la semana.<\/strong><\/p>\n<p>&nbsp;<\/p>\n<p><img data-recalc-dims=\"1\" loading=\"lazy\" decoding=\"async\" class=\"size-full wp-image-9384\" src=\"https:\/\/i0.wp.com\/cdnoticias.com\/wp-content\/uploads\/2020\/12\/Surez.jpg?resize=800%2C500&#038;ssl=1\" alt=\"\" width=\"800\" height=\"500\" srcset=\"https:\/\/i0.wp.com\/cdnoticias.com\/wp-content\/uploads\/2020\/12\/Surez.jpg?w=880&amp;ssl=1 880w, https:\/\/i0.wp.com\/cdnoticias.com\/wp-content\/uploads\/2020\/12\/Surez.jpg?resize=300%2C188&amp;ssl=1 300w, https:\/\/i0.wp.com\/cdnoticias.com\/wp-content\/uploads\/2020\/12\/Surez.jpg?resize=768%2C480&amp;ssl=1 768w\" sizes=\"auto, (max-width: 800px) 100vw, 800px\" \/><\/p>\n<p>&nbsp;<\/p>\n<p>La buena noticia, sin dudas, es que <strong>ya no rige alerta alguno, algo que no se limita a Buenos Aires, ya que no se han emitido comunicaciones de esta \u00edndole para ning\u00fan punto del pa\u00eds<\/strong>. No obstante ello, tal cual hab\u00eda sido advertido sobre el cierre del s\u00e1bado en la <a href=\"https:\/\/cdnoticias.com\/index.php\/2020\/12\/19\/alerta-por-vientos-esto-no-ha-pasado-del-todo-todavia\/\" target=\"_blank\" rel=\"noopener\">conferencia de prensa encabezada por el intendente Ezequiel Galli<\/a>, a\u00fan persisten fuertes vientos, por lo que se<a href=\"https:\/\/cdnoticias.com\/index.php\/2020\/12\/19\/le-pido-a-la-gente-que-no-salga-a-caminar-a-los-parques\/\" target=\"_blank\" rel=\"noopener\"> recomienda prolongar los recaudos y cuidados.<\/a><\/p>\n<p>&nbsp;<\/p>\n<p>En di\u00e1logo con la Estaci\u00f3n Meteorol\u00f3gica Local, se narr\u00f3 a <em><strong>Central de Noticias<\/strong><\/em> que <strong>en lo que va de la jornada se han detectado r\u00e1fagas de hasta 50 kil\u00f3metros por hora<\/strong>. Actualmente, de acuerdo al registro de las 17, el viento sopla del sector sur a una velocidad constante de entre 30 y 40 kil\u00f3metros por hora, un registro que se ha mantenido en esos valores desde la ma\u00f1ana.<\/p>\n<p>&nbsp;<\/p>\n<p><img data-recalc-dims=\"1\" loading=\"lazy\" decoding=\"async\" class=\"alignnone size-large wp-image-9482\" src=\"https:\/\/i0.wp.com\/cdnoticias.com\/wp-content\/uploads\/2020\/12\/pronos-4.jpg?resize=800%2C268&#038;ssl=1\" alt=\"\" width=\"800\" height=\"268\" srcset=\"https:\/\/i0.wp.com\/cdnoticias.com\/wp-content\/uploads\/2020\/12\/pronos-4.jpg?resize=1024%2C343&amp;ssl=1 1024w, https:\/\/i0.wp.com\/cdnoticias.com\/wp-content\/uploads\/2020\/12\/pronos-4.jpg?resize=300%2C100&amp;ssl=1 300w, https:\/\/i0.wp.com\/cdnoticias.com\/wp-content\/uploads\/2020\/12\/pronos-4.jpg?resize=768%2C257&amp;ssl=1 768w, https:\/\/i0.wp.com\/cdnoticias.com\/wp-content\/uploads\/2020\/12\/pronos-4.jpg?w=1345&amp;ssl=1 1345w\" sizes=\"auto, (max-width: 800px) 100vw, 800px\" \/><\/p>\n<p>&nbsp;<\/p>\n<p><strong>Con el correr de las horas, m\u00e1s precisamente con el arribo de la noche, los vientos seguir\u00e1n disminuyendo en su intensidad<\/strong>. Sin embargo, si bien en valores no tan altos, persistir\u00e1n durante la jornada del lunes. Para\u00a0 la misma no se prev\u00e9n precipitaciones y una temperatura m\u00e1xima en los 22 grados.<\/p>\n<p>&nbsp;<\/p>\n<p>El martes ser\u00e1 similar en lo que al viento refiere, quiz\u00e1s lo m\u00e1s relevante estar\u00e1 dado en los valores de la temperatura, ya que se pronostica que podr\u00eda llegar los 30 grados. El alivio llegar\u00eda hasta all\u00ed, ya que <strong>para el mi\u00e9rcoles se prev\u00e9 el retorno de los fuertes vientos, con r\u00e1fagas de hasta 50 kil\u00f3metros por hora.<\/strong><\/p>\n","protected":false},"excerpt":{"rendered":"<p>Si bien el alerta ya ces\u00f3, permanecen los fuertes vientos, por lo que se aconseja prolongar los recaudos. Detalle de<\/p>\n","protected":false},"author":3,"featured_media":9481,"comment_status":"closed","ping_status":"closed","sticky":false,"template":"","format":"standard","meta":{"_jetpack_memberships_contains_paid_content":false,"footnotes":""},"categories":[5,1],"tags":[],"class_list":["post-9480","post","type-post","status-publish","format-standard","has-post-thumbnail","hentry","category-informacion-general","category-portada"],"jetpack_featured_media_url":"https:\/\/i0.wp.com\/cdnoticias.com\/wp-content\/uploads\/2020\/12\/pronos2.jpg?fit=832%2C525&ssl=1","jetpack_sharing_enabled":true,"_links":{"self":[{"href":"https:\/\/cdnoticias.com\/index.php\/wp-json\/wp\/v2\/posts\/9480","targetHints":{"allow":["GET"]}}],"collection":[{"href":"https:\/\/cdnoticias.com\/index.php\/wp-json\/wp\/v2\/posts"}],"about":[{"href":"https:\/\/cdnoticias.com\/index.php\/wp-json\/wp\/v2\/types\/post"}],"author":[{"embeddable":true,"href":"https:\/\/cdnoticias.com\/index.php\/wp-json\/wp\/v2\/users\/3"}],"replies":[{"embeddable":true,"href":"https:\/\/cdnoticias.com\/index.php\/wp-json\/wp\/v2\/comments?post=9480"}],"version-history":[{"count":0,"href":"https:\/\/cdnoticias.com\/index.php\/wp-json\/wp\/v2\/posts\/9480\/revisions"}],"wp:featuredmedia":[{"embeddable":true,"href":"https:\/\/cdnoticias.com\/index.php\/wp-json\/wp\/v2\/media\/9481"}],"wp:attachment":[{"href":"https:\/\/cdnoticias.com\/index.php\/wp-json\/wp\/v2\/media?parent=9480"}],"wp:term":[{"taxonomy":"category","embeddable":true,"href":"https:\/\/cdnoticias.com\/index.php\/wp-json\/wp\/v2\/categories?post=9480"},{"taxonomy":"post_tag","embeddable":true,"href":"https:\/\/cdnoticias.com\/index.php\/wp-json\/wp\/v2\/tags?post=9480"}],"curies":[{"name":"wp","href":"https:\/\/api.w.org\/{rel}","templated":true}]}}