{"id":94771,"date":"2023-08-30T16:39:30","date_gmt":"2023-08-30T19:39:30","guid":{"rendered":"https:\/\/www.centraldenoticias.com.ar\/?p=94771"},"modified":"2023-08-30T16:39:30","modified_gmt":"2023-08-30T19:39:30","slug":"marino-cruzo-al-municipio-tras-ser-desplazada-como-directora-de-gestion-cultural","status":"publish","type":"post","link":"https:\/\/cdnoticias.com\/index.php\/2023\/08\/30\/marino-cruzo-al-municipio-tras-ser-desplazada-como-directora-de-gestion-cultural\/","title":{"rendered":"Marino cruz\u00f3 al Municipio tras ser desplazada como directora de Gesti\u00f3n Cultural"},"content":{"rendered":"<p>\u201cEs lamentable y doloroso el hecho de que hoy la pol\u00edtica ignore el conocimiento t\u00e9cnico y la gesti\u00f3n, priorizando intereses, militancia y aportes\u201d dijo y se\u00f1al\u00f3 que continuar\u00e1 trabajando \u201cen el territorio\u201d.<!--more--><\/p>\n<hr \/>\n<p>Luego de conocerse el desplazamiento de seis funcionarios municipales de sus cargos como directores,<strong> la ahora ex directora de Gesti\u00f3n Cultural, Agustina Marino, cruz\u00f3 al Municipio y denunci\u00f3 que se trat\u00f3 por \u201cintereses, militancia y aportes\u201d y no por \u201cconocimiento t\u00e9cnico y la gesti\u00f3n\u201d.<\/strong><\/p>\n<p>&nbsp;<\/p>\n<blockquote class=\"wp-embedded-content\" data-secret=\"OM3YkCNe7u\"><p><a href=\"https:\/\/cdnoticias.com\/index.php\/2023\/08\/29\/desplazaron-a-seis-directores-y-directoras-del-municipio\/\">Desplazaron a seis directores y directoras del Municipio<\/a><\/p><\/blockquote>\n<p><iframe loading=\"lazy\" class=\"wp-embedded-content\" sandbox=\"allow-scripts\" security=\"restricted\" style=\"position: absolute; clip: rect(1px, 1px, 1px, 1px);\" title=\"&#8220;Desplazaron a seis directores y directoras del Municipio&#8221; &#8212; Central de Noticias | Olavarr\u00eda\" src=\"https:\/\/cdnoticias.com\/index.php\/2023\/08\/29\/desplazaron-a-seis-directores-y-directoras-del-municipio\/embed\/#?secret=LwLDg1HA6r#?secret=OM3YkCNe7u\" data-secret=\"OM3YkCNe7u\" width=\"600\" height=\"338\" frameborder=\"0\" marginwidth=\"0\" marginheight=\"0\" scrolling=\"no\"><\/iframe><\/p>\n<p>&nbsp;<\/p>\n<p>Se\u00f1al\u00f3 que se enter\u00f3 de la novedad el pasado domingo \u201c<strong><em>por allegados y periodistas que estaba corrida de mi cargo como directora de gesti\u00f3n cultural\u201d.<\/em><\/strong><\/p>\n<p>&nbsp;<\/p>\n<blockquote><p>\u201cNo es grave la baja del cargo sino las formas anti\u00e9ticas e inhumanas, sin respeto por la identidad, la historia y el trabajo realizado\u201d dijo.<\/p><\/blockquote>\n<p>&nbsp;<\/p>\n<p>Con dureza, carg\u00f3 contra \u201cla pol\u00edtica\u201d y catalog\u00f3 como <strong><em>\u201clamentable y doloroso\u201d<\/em><\/strong> el hecho de que se <em>\u201cignore el conocimiento t\u00e9cnico y la gesti\u00f3n, priorizando intereses, militancia y aportes\u201d.<\/em><\/p>\n<p>&nbsp;<\/p>\n<p>Adelant\u00f3 que m\u00e1s all\u00e1 de la decisi\u00f3n <em>\u201cme encontrar\u00e1n siempre trabajando en territorio, en cada espacio que as\u00ed lo requiera. Hoy agradezco lo aprendido, la formaci\u00f3n y la fortaleza de cada equipo que mantiene adelante los museos, el archivo hist\u00f3rico, el centro cultural y cultura en general&#8221;<\/em> cerr\u00f3.<\/p>\n","protected":false},"excerpt":{"rendered":"<p>\u201cEs lamentable y doloroso el hecho de que hoy la pol\u00edtica ignore el conocimiento t\u00e9cnico y la gesti\u00f3n, priorizando intereses,<\/p>\n","protected":false},"author":2,"featured_media":6392,"comment_status":"closed","ping_status":"closed","sticky":false,"template":"","format":"standard","meta":{"_jetpack_memberships_contains_paid_content":false,"footnotes":""},"categories":[4,1],"tags":[],"class_list":["post-94771","post","type-post","status-publish","format-standard","has-post-thumbnail","hentry","category-politica","category-portada"],"jetpack_featured_media_url":"https:\/\/i0.wp.com\/cdnoticias.com\/wp-content\/uploads\/2020\/11\/Cultura-Conf-agustina-marino.jpg?fit=1200%2C669&ssl=1","jetpack_sharing_enabled":true,"_links":{"self":[{"href":"https:\/\/cdnoticias.com\/index.php\/wp-json\/wp\/v2\/posts\/94771","targetHints":{"allow":["GET"]}}],"collection":[{"href":"https:\/\/cdnoticias.com\/index.php\/wp-json\/wp\/v2\/posts"}],"about":[{"href":"https:\/\/cdnoticias.com\/index.php\/wp-json\/wp\/v2\/types\/post"}],"author":[{"embeddable":true,"href":"https:\/\/cdnoticias.com\/index.php\/wp-json\/wp\/v2\/users\/2"}],"replies":[{"embeddable":true,"href":"https:\/\/cdnoticias.com\/index.php\/wp-json\/wp\/v2\/comments?post=94771"}],"version-history":[{"count":0,"href":"https:\/\/cdnoticias.com\/index.php\/wp-json\/wp\/v2\/posts\/94771\/revisions"}],"wp:featuredmedia":[{"embeddable":true,"href":"https:\/\/cdnoticias.com\/index.php\/wp-json\/wp\/v2\/media\/6392"}],"wp:attachment":[{"href":"https:\/\/cdnoticias.com\/index.php\/wp-json\/wp\/v2\/media?parent=94771"}],"wp:term":[{"taxonomy":"category","embeddable":true,"href":"https:\/\/cdnoticias.com\/index.php\/wp-json\/wp\/v2\/categories?post=94771"},{"taxonomy":"post_tag","embeddable":true,"href":"https:\/\/cdnoticias.com\/index.php\/wp-json\/wp\/v2\/tags?post=94771"}],"curies":[{"name":"wp","href":"https:\/\/api.w.org\/{rel}","templated":true}]}}