{"id":9476,"date":"2020-12-20T16:55:05","date_gmt":"2020-12-20T19:55:05","guid":{"rendered":"http:\/\/www.centraldenoticias.com.ar\/?p=9476"},"modified":"2020-12-20T16:55:05","modified_gmt":"2020-12-20T19:55:05","slug":"cronograma-de-atencion-de-anses-y-pami-en-las-localidades","status":"publish","type":"post","link":"https:\/\/cdnoticias.com\/index.php\/2020\/12\/20\/cronograma-de-atencion-de-anses-y-pami-en-las-localidades\/","title":{"rendered":"Cronograma de atenci\u00f3n de Anses y PAMI en las localidades"},"content":{"rendered":"<p>Este martes estar\u00e1n en Hinojo, una recorrida por centros de jubilados que culminar\u00e1 en los primeros d\u00edas de enero en Sierra Chica. <strong>El detalle.<\/strong><!--more--><\/p>\n<hr \/>\n<p>En las \u00faltimas horas se difundi\u00f3 el cronograma de la recorrida que <strong>PAMI y Anses llevar\u00e1n adelante en las localidades del partido durante los pr\u00f3ximos d\u00edas, donde har\u00e1n sede en distintos centros de jubilados<\/strong>.<\/p>\n<p>&nbsp;<\/p>\n<p>El primero destino ser\u00e1<strong> Hinojo en la ma\u00f1ana del pr\u00f3ximo martes<\/strong>. Seg\u00fan se detall\u00f3, ser\u00e1 de 9 a 12 en el centro de jubilados ubicado sobre avenida Crotto 1863.<\/p>\n<p>&nbsp;<\/p>\n<p><img data-recalc-dims=\"1\" loading=\"lazy\" decoding=\"async\" class=\"alignnone size-full wp-image-9478\" src=\"https:\/\/i0.wp.com\/cdnoticias.com\/wp-content\/uploads\/2020\/12\/pami-1.jpg?resize=800%2C451&#038;ssl=1\" alt=\"\" width=\"800\" height=\"451\" srcset=\"https:\/\/i0.wp.com\/cdnoticias.com\/wp-content\/uploads\/2020\/12\/pami-1.jpg?w=1000&amp;ssl=1 1000w, https:\/\/i0.wp.com\/cdnoticias.com\/wp-content\/uploads\/2020\/12\/pami-1.jpg?resize=300%2C169&amp;ssl=1 300w, https:\/\/i0.wp.com\/cdnoticias.com\/wp-content\/uploads\/2020\/12\/pami-1.jpg?resize=768%2C433&amp;ssl=1 768w\" sizes=\"auto, (max-width: 800px) 100vw, 800px\" \/><\/p>\n<p>&nbsp;<\/p>\n<p>Una semana despu\u00e9s, es decir el martes siguiente, estar\u00e1n en <strong>Sierras Bayas<\/strong>, m\u00e1s precisamente en Rivadavia 2204. Al d\u00eda siguiente lo har\u00e1n en <strong>Loma Negra<\/strong>, en 1\u00b0 de Mayo 1458.<\/p>\n<p>&nbsp;<\/p>\n<p>Por \u00faltimo, ya en 2021, el martes 5 de enero llegar\u00e1n a <strong>Sierra Chica<\/strong> y atender\u00e1n en avenida Legorburu 1238.<\/p>\n","protected":false},"excerpt":{"rendered":"<p>Este martes estar\u00e1n en Hinojo, una recorrida por centros de jubilados que culminar\u00e1 en los primeros d\u00edas de enero en<\/p>\n","protected":false},"author":3,"featured_media":9477,"comment_status":"closed","ping_status":"closed","sticky":false,"template":"","format":"standard","meta":{"_jetpack_memberships_contains_paid_content":false,"footnotes":""},"categories":[5,1],"tags":[],"class_list":["post-9476","post","type-post","status-publish","format-standard","has-post-thumbnail","hentry","category-informacion-general","category-portada"],"jetpack_featured_media_url":"https:\/\/i0.wp.com\/cdnoticias.com\/wp-content\/uploads\/2020\/12\/pami02.jpg?fit=1015%2C578&ssl=1","jetpack_sharing_enabled":true,"_links":{"self":[{"href":"https:\/\/cdnoticias.com\/index.php\/wp-json\/wp\/v2\/posts\/9476","targetHints":{"allow":["GET"]}}],"collection":[{"href":"https:\/\/cdnoticias.com\/index.php\/wp-json\/wp\/v2\/posts"}],"about":[{"href":"https:\/\/cdnoticias.com\/index.php\/wp-json\/wp\/v2\/types\/post"}],"author":[{"embeddable":true,"href":"https:\/\/cdnoticias.com\/index.php\/wp-json\/wp\/v2\/users\/3"}],"replies":[{"embeddable":true,"href":"https:\/\/cdnoticias.com\/index.php\/wp-json\/wp\/v2\/comments?post=9476"}],"version-history":[{"count":0,"href":"https:\/\/cdnoticias.com\/index.php\/wp-json\/wp\/v2\/posts\/9476\/revisions"}],"wp:featuredmedia":[{"embeddable":true,"href":"https:\/\/cdnoticias.com\/index.php\/wp-json\/wp\/v2\/media\/9477"}],"wp:attachment":[{"href":"https:\/\/cdnoticias.com\/index.php\/wp-json\/wp\/v2\/media?parent=9476"}],"wp:term":[{"taxonomy":"category","embeddable":true,"href":"https:\/\/cdnoticias.com\/index.php\/wp-json\/wp\/v2\/categories?post=9476"},{"taxonomy":"post_tag","embeddable":true,"href":"https:\/\/cdnoticias.com\/index.php\/wp-json\/wp\/v2\/tags?post=9476"}],"curies":[{"name":"wp","href":"https:\/\/api.w.org\/{rel}","templated":true}]}}