{"id":9472,"date":"2020-12-20T16:01:26","date_gmt":"2020-12-20T19:01:26","guid":{"rendered":"http:\/\/www.centraldenoticias.com.ar\/?p=9472"},"modified":"2020-12-20T17:29:00","modified_gmt":"2020-12-20T20:29:00","slug":"un-hombre-de-tapalque-detenido-por-divulgacion-de-pornografia-infantil","status":"publish","type":"post","link":"https:\/\/cdnoticias.com\/index.php\/2020\/12\/20\/un-hombre-de-tapalque-detenido-por-divulgacion-de-pornografia-infantil\/","title":{"rendered":"Un hombre de Tapalqu\u00e9 detenido por divulgaci\u00f3n de pornograf\u00eda infantil"},"content":{"rendered":"<p>Tiene 68 a\u00f1os y fue capturado tras un procedimiento encabezado desde la DDI, a pedido del fiscal de Delitos Inform\u00e1ticos, Lucas Moyano.<\/p>\n<p><!--more--><\/p>\n<hr \/>\n<p>En las \u00faltimas horas un procedimiento llevado adelante desde la DDI de Azul, con la colaboraci\u00f3n de agentes de investigaciones de toda la regi\u00f3n, permiti\u00f3 llevar adelante la <strong>detenci\u00f3n de un hombre de 68 a\u00f1os, quien ahora afronta una imputaci\u00f3n formal por m\u00faltiples delitos vinculados con la tenencia y divulgaci\u00f3n de pornograf\u00eda infantil<\/strong>.<\/p>\n<p>&nbsp;<\/p>\n<p>Para dar cuenta del tenor de lo sucedido, vale mencionar que la investigaci\u00f3n se inici\u00f3 a partir de <strong>un reporte recibido en el Departamento Judicial de Azul desde el National Center fos Missing and Exploited Children<\/strong>, que recay\u00f3 en manos del fiscal en Delitos Inform\u00e1ticos, el olavarriense Lucas Moyano. El dato en particular era que <strong>desde un domicilio de Tapalqu\u00e9 se emit\u00edan y compart\u00edan im\u00e1genes de contenido sexual expl\u00edcito de menores de edad.<\/strong><\/p>\n<p>&nbsp;<\/p>\n<p>A partir de all\u00ed se pusieron en marcha diversas diligencias y medidas procesales, varias de las cuales fueron efectuadas desde la DDI de Azul, como lo fue el <strong>an\u00e1lisis de redes sociales llevado adelante por parte del Gabinete de Medios Tecnol\u00f3gicos y otras serie de tareas que permitieron establecer la autor\u00eda de un hombre de 68 a\u00f1os, el cual fue allanado en septiembre del a\u00f1o pasado<\/strong>.<\/p>\n<p>&nbsp;<\/p>\n<p>En aquel entonces se incaut\u00f3 numerosos elementos de inter\u00e9s probatorio, pero obviamente el acento estuvo en el secuestro de material inform\u00e1tico. <strong>El an\u00e1lisis de esa informaci\u00f3n se prolong\u00f3 hasta estos d\u00edas y, en las \u00faltimas horas, se tradujo en que un juez de Garant\u00edas de la vecina ciudad acompa\u00f1e el pedido de detenci\u00f3n formal del acusado, tal cual hab\u00eda sido requerido por el fiscal Lucas Moyano<\/strong>.<\/p>\n<p>&nbsp;<\/p>\n<p>La medida se concret\u00f3 en las tarde del \u00faltimo s\u00e1bado y el acusado actualmente permanece alojado en la DDI, acusado formalmente por los delitos de &#8220;<strong>facilitaci\u00f3n y\/o distribuci\u00f3n de representaciones de menores de 18 a\u00f1os dedicados a actividades sexuales expl\u00edcitas, 5 hechos en concurso real, y tenencia con fines inequ\u00edvocos de distribuci\u00f3n de representaciones de menores de 18 a\u00f1os dedicados a actividades sexuales expl\u00edcitas y\/o de sus partes genitales con fines predominantemente sexuales, todos en concurso real\u201d<\/strong>.<\/p>\n<p>&nbsp;<\/p>\n","protected":false},"excerpt":{"rendered":"<p>Tiene 68 a\u00f1os y fue capturado tras un procedimiento encabezado desde la DDI, a pedido del fiscal de Delitos Inform\u00e1ticos,<\/p>\n","protected":false},"author":3,"featured_media":9473,"comment_status":"closed","ping_status":"closed","sticky":false,"template":"","format":"standard","meta":{"_jetpack_memberships_contains_paid_content":false,"footnotes":""},"categories":[14,1],"tags":[],"class_list":["post-9472","post","type-post","status-publish","format-standard","has-post-thumbnail","hentry","category-policiales","category-portada"],"jetpack_featured_media_url":"https:\/\/i0.wp.com\/cdnoticias.com\/wp-content\/uploads\/2020\/12\/WhatsApp-Image-2020-12-19-at-21.09.52-e1608490869601.jpeg?fit=763%2C472&ssl=1","jetpack_sharing_enabled":true,"_links":{"self":[{"href":"https:\/\/cdnoticias.com\/index.php\/wp-json\/wp\/v2\/posts\/9472","targetHints":{"allow":["GET"]}}],"collection":[{"href":"https:\/\/cdnoticias.com\/index.php\/wp-json\/wp\/v2\/posts"}],"about":[{"href":"https:\/\/cdnoticias.com\/index.php\/wp-json\/wp\/v2\/types\/post"}],"author":[{"embeddable":true,"href":"https:\/\/cdnoticias.com\/index.php\/wp-json\/wp\/v2\/users\/3"}],"replies":[{"embeddable":true,"href":"https:\/\/cdnoticias.com\/index.php\/wp-json\/wp\/v2\/comments?post=9472"}],"version-history":[{"count":0,"href":"https:\/\/cdnoticias.com\/index.php\/wp-json\/wp\/v2\/posts\/9472\/revisions"}],"wp:featuredmedia":[{"embeddable":true,"href":"https:\/\/cdnoticias.com\/index.php\/wp-json\/wp\/v2\/media\/9473"}],"wp:attachment":[{"href":"https:\/\/cdnoticias.com\/index.php\/wp-json\/wp\/v2\/media?parent=9472"}],"wp:term":[{"taxonomy":"category","embeddable":true,"href":"https:\/\/cdnoticias.com\/index.php\/wp-json\/wp\/v2\/categories?post=9472"},{"taxonomy":"post_tag","embeddable":true,"href":"https:\/\/cdnoticias.com\/index.php\/wp-json\/wp\/v2\/tags?post=9472"}],"curies":[{"name":"wp","href":"https:\/\/api.w.org\/{rel}","templated":true}]}}