{"id":94693,"date":"2023-08-30T08:35:31","date_gmt":"2023-08-30T11:35:31","guid":{"rendered":"https:\/\/www.centraldenoticias.com.ar\/?p=94693"},"modified":"2023-08-30T11:28:48","modified_gmt":"2023-08-30T14:28:48","slug":"siniestro-fatal-sobre-la-ruta-51-dos-muertos-en-un-choque-de-camiones","status":"publish","type":"post","link":"https:\/\/cdnoticias.com\/index.php\/2023\/08\/30\/siniestro-fatal-sobre-la-ruta-51-dos-muertos-en-un-choque-de-camiones\/","title":{"rendered":"Siniestro fatal sobre la ruta 51: dos muertos en un choque de camiones"},"content":{"rendered":"<p>Los veh\u00edculos chocaron de frente. El chofer de uno de los camiones muri\u00f3 en el lugar de los hechos. El segundo, en el Hospital Municipal.<\/p>\n<p><!--more--><\/p>\n<hr \/>\n<p>Foto de Tapa:<em> En L\u00ednea Noticias<\/em><\/p>\n<p>&nbsp;<\/p>\n<p><strong>Dos hombres fallecieron tras un siniestro vial<\/strong> registrado en los primeros minutos de este mi\u00e9rcoles en el que se vieron involucrados dos <strong>camiones<\/strong>.<\/p>\n<p>&nbsp;<\/p>\n<p>El caso tuvo lugar <strong>sobre la ruta provincial 51<\/strong>. A la altura del kil\u00f3metro 469, a pocos kil\u00f3metros del acceso a la planta L\u00b4Amal\u00ed, chocaron de frente los dos veh\u00edculos.<\/p>\n<p>&nbsp;<\/p>\n<blockquote><p>Un cami\u00f3n Scania con acoplado playo que transitaba en sentido desde La Madrid a Olavarr\u00eda choc\u00f3 contra un cami\u00f3n jaula Iveco que circulaba desde Olavarr\u00eda hacia La Madrid, en sentido contrario.<\/p><\/blockquote>\n<p>&nbsp;<\/p>\n<p><img data-recalc-dims=\"1\" loading=\"lazy\" decoding=\"async\" class=\"size-full wp-image-94714 aligncenter\" src=\"https:\/\/i0.wp.com\/cdnoticias.com\/wp-content\/uploads\/2023\/08\/choque-de-camiones-ruta-51-E.jpg?resize=800%2C445&#038;ssl=1\" alt=\"\" width=\"800\" height=\"445\" srcset=\"https:\/\/i0.wp.com\/cdnoticias.com\/wp-content\/uploads\/2023\/08\/choque-de-camiones-ruta-51-E.jpg?w=800&amp;ssl=1 800w, https:\/\/i0.wp.com\/cdnoticias.com\/wp-content\/uploads\/2023\/08\/choque-de-camiones-ruta-51-E.jpg?resize=300%2C167&amp;ssl=1 300w, https:\/\/i0.wp.com\/cdnoticias.com\/wp-content\/uploads\/2023\/08\/choque-de-camiones-ruta-51-E.jpg?resize=768%2C427&amp;ssl=1 768w\" sizes=\"auto, (max-width: 800px) 100vw, 800px\" \/><\/p>\n<p>&nbsp;<\/p>\n<p>Uno de los choferes <strong>muri\u00f3 en el lugar del siniestro<\/strong>. Se trata de quien iba al mando del Scania y es un hombre <strong>domiciliado en Coronel Pringles.<\/strong><\/p>\n<p>&nbsp;<\/p>\n<p>El segundo, <strong>quien conduc\u00eda el Iveco, fue trasladado al Hospital Municipal<\/strong> en grave estado y <strong>falleci\u00f3 poco despu\u00e9s<\/strong>. La v\u00edctima tiene <strong>domicilio de General La Madrid<\/strong>.<\/p>\n<p>&nbsp;<\/p>\n<p><img data-recalc-dims=\"1\" loading=\"lazy\" decoding=\"async\" class=\"size-full wp-image-94713 aligncenter\" src=\"https:\/\/i0.wp.com\/cdnoticias.com\/wp-content\/uploads\/2023\/08\/choque-de-camiones-ruta-51-D.jpg?resize=800%2C445&#038;ssl=1\" alt=\"\" width=\"800\" height=\"445\" srcset=\"https:\/\/i0.wp.com\/cdnoticias.com\/wp-content\/uploads\/2023\/08\/choque-de-camiones-ruta-51-D.jpg?w=800&amp;ssl=1 800w, https:\/\/i0.wp.com\/cdnoticias.com\/wp-content\/uploads\/2023\/08\/choque-de-camiones-ruta-51-D.jpg?resize=300%2C167&amp;ssl=1 300w, https:\/\/i0.wp.com\/cdnoticias.com\/wp-content\/uploads\/2023\/08\/choque-de-camiones-ruta-51-D.jpg?resize=768%2C427&amp;ssl=1 768w\" sizes=\"auto, (max-width: 800px) 100vw, 800px\" \/><\/p>\n<p>&nbsp;<\/p>\n<p>En el lugar de los hechos trabaj\u00f3 una <strong>dotaci\u00f3n de Bomberos<\/strong> del Destacamento de Loma Negra y una segunda unidad que concurri\u00f3 desde el Cuartel Central de Olavarr\u00eda. Las unidades comenzaron su labor hacia las 0.30 de este mi\u00e9rcoles. Los voluntarios lograron rescatar al chofer que hab\u00eda quedado entre los hierros y requer\u00eda atenci\u00f3n m\u00e9dica.<\/p>\n<p>&nbsp;<\/p>\n<p>Adem\u00e1s, intervino personal de polic\u00eda a cargo de la <strong>Subcomisar\u00eda de Loma Negra<\/strong>.<\/p>\n<p>&nbsp;<\/p>\n<p>Se dio intervenci\u00f3n a la <strong>UFI N\u00ba 10<\/strong> de nuestra ciudad.<\/p>\n<p><img data-recalc-dims=\"1\" loading=\"lazy\" decoding=\"async\" class=\"size-full wp-image-94715 aligncenter\" src=\"https:\/\/i0.wp.com\/cdnoticias.com\/wp-content\/uploads\/2023\/08\/choque-de-camiones-ruta-51-F.jpg?resize=800%2C445&#038;ssl=1\" alt=\"\" width=\"800\" height=\"445\" srcset=\"https:\/\/i0.wp.com\/cdnoticias.com\/wp-content\/uploads\/2023\/08\/choque-de-camiones-ruta-51-F.jpg?w=800&amp;ssl=1 800w, https:\/\/i0.wp.com\/cdnoticias.com\/wp-content\/uploads\/2023\/08\/choque-de-camiones-ruta-51-F.jpg?resize=300%2C167&amp;ssl=1 300w, https:\/\/i0.wp.com\/cdnoticias.com\/wp-content\/uploads\/2023\/08\/choque-de-camiones-ruta-51-F.jpg?resize=768%2C427&amp;ssl=1 768w\" sizes=\"auto, (max-width: 800px) 100vw, 800px\" \/><\/p>\n","protected":false},"excerpt":{"rendered":"<p>Los veh\u00edculos chocaron de frente. El chofer de uno de los camiones muri\u00f3 en el lugar de los hechos. El<\/p>\n","protected":false},"author":4,"featured_media":94720,"comment_status":"closed","ping_status":"closed","sticky":false,"template":"","format":"standard","meta":{"_jetpack_memberships_contains_paid_content":false,"footnotes":""},"categories":[14,1],"tags":[],"class_list":["post-94693","post","type-post","status-publish","format-standard","has-post-thumbnail","hentry","category-policiales","category-portada"],"jetpack_featured_media_url":"https:\/\/i0.wp.com\/cdnoticias.com\/wp-content\/uploads\/2023\/08\/En-Linea-choque-de-camiones-ruta-51.jpg?fit=800%2C445&ssl=1","jetpack_sharing_enabled":true,"_links":{"self":[{"href":"https:\/\/cdnoticias.com\/index.php\/wp-json\/wp\/v2\/posts\/94693","targetHints":{"allow":["GET"]}}],"collection":[{"href":"https:\/\/cdnoticias.com\/index.php\/wp-json\/wp\/v2\/posts"}],"about":[{"href":"https:\/\/cdnoticias.com\/index.php\/wp-json\/wp\/v2\/types\/post"}],"author":[{"embeddable":true,"href":"https:\/\/cdnoticias.com\/index.php\/wp-json\/wp\/v2\/users\/4"}],"replies":[{"embeddable":true,"href":"https:\/\/cdnoticias.com\/index.php\/wp-json\/wp\/v2\/comments?post=94693"}],"version-history":[{"count":0,"href":"https:\/\/cdnoticias.com\/index.php\/wp-json\/wp\/v2\/posts\/94693\/revisions"}],"wp:featuredmedia":[{"embeddable":true,"href":"https:\/\/cdnoticias.com\/index.php\/wp-json\/wp\/v2\/media\/94720"}],"wp:attachment":[{"href":"https:\/\/cdnoticias.com\/index.php\/wp-json\/wp\/v2\/media?parent=94693"}],"wp:term":[{"taxonomy":"category","embeddable":true,"href":"https:\/\/cdnoticias.com\/index.php\/wp-json\/wp\/v2\/categories?post=94693"},{"taxonomy":"post_tag","embeddable":true,"href":"https:\/\/cdnoticias.com\/index.php\/wp-json\/wp\/v2\/tags?post=94693"}],"curies":[{"name":"wp","href":"https:\/\/api.w.org\/{rel}","templated":true}]}}