{"id":94688,"date":"2023-08-30T08:17:50","date_gmt":"2023-08-30T11:17:50","guid":{"rendered":"https:\/\/www.centraldenoticias.com.ar\/?p=94688"},"modified":"2023-08-30T08:17:50","modified_gmt":"2023-08-30T11:17:50","slug":"accidente-un-camionero-fallecio-en-el-acceso-a-una-cantera","status":"publish","type":"post","link":"https:\/\/cdnoticias.com\/index.php\/2023\/08\/30\/accidente-un-camionero-fallecio-en-el-acceso-a-una-cantera\/","title":{"rendered":"Accidente: un camionero falleci\u00f3 en el acceso a una cantera"},"content":{"rendered":"<p>Fue en cercan\u00edas de Cantera Puma, en la zona de Sierras Bayas. El hombre falleci\u00f3 tras caer del cami\u00f3n.<\/p>\n<p><!--more--><\/p>\n<hr \/>\n<p>En la tarde del martes <strong>un camionero falleci\u00f3 en el acceso a cantera Puma<\/strong>, en Sierras Bayas.<\/p>\n<p>&nbsp;<\/p>\n<p>Seg\u00fan se pudo saber, <strong>se trat\u00f3 de un accidente sobre el cami\u00f3n<\/strong> que el chofer conduc\u00eda. El caso se registr\u00f3 cuando el veh\u00edculo estaba detenido.<\/p>\n<p>&nbsp;<\/p>\n<p><img data-recalc-dims=\"1\" loading=\"lazy\" decoding=\"async\" class=\"size-full wp-image-94690 aligncenter\" src=\"https:\/\/i0.wp.com\/cdnoticias.com\/wp-content\/uploads\/2023\/08\/canteras-puma-camionero-fallecido-01.jpg?resize=800%2C444&#038;ssl=1\" alt=\"\" width=\"800\" height=\"444\" srcset=\"https:\/\/i0.wp.com\/cdnoticias.com\/wp-content\/uploads\/2023\/08\/canteras-puma-camionero-fallecido-01.jpg?w=800&amp;ssl=1 800w, https:\/\/i0.wp.com\/cdnoticias.com\/wp-content\/uploads\/2023\/08\/canteras-puma-camionero-fallecido-01.jpg?resize=300%2C167&amp;ssl=1 300w, https:\/\/i0.wp.com\/cdnoticias.com\/wp-content\/uploads\/2023\/08\/canteras-puma-camionero-fallecido-01.jpg?resize=768%2C426&amp;ssl=1 768w\" sizes=\"auto, (max-width: 800px) 100vw, 800px\" \/><\/p>\n<p>&nbsp;<\/p>\n<p><strong>El camionero, de 62 a\u00f1os y oriundo de la localidad de Chacabuco<\/strong>, habr\u00eda estado trabajando con la lona del cami\u00f3n y <strong>cay\u00f3 desde algunos metros de altura<\/strong>. Con la ca\u00edda se produjo su muerte.<\/p>\n<p>&nbsp;<\/p>\n<p>Al lugar asisti\u00f3 una dotaci\u00f3n de <strong>Bomberos de Sierras Bayas<\/strong> y tambi\u00e9n una <strong>ambulancia del Hospital de Sierras Bayas<\/strong> cuyo personal constat\u00f3 el fallecimiento.<\/p>\n<p>&nbsp;<\/p>\n<p>Se dio intervenci\u00f3n a la <strong>UFI N\u00ba 10 de Olavarr\u00eda<\/strong> subrogada por la fiscal Paula Serrano.<\/p>\n<p>&nbsp;<\/p>\n<p><img data-recalc-dims=\"1\" loading=\"lazy\" decoding=\"async\" class=\"size-full wp-image-94691 aligncenter\" src=\"https:\/\/i0.wp.com\/cdnoticias.com\/wp-content\/uploads\/2023\/08\/canteras-puma-camionero-fallecido-02.jpg?resize=800%2C599&#038;ssl=1\" alt=\"\" width=\"800\" height=\"599\" srcset=\"https:\/\/i0.wp.com\/cdnoticias.com\/wp-content\/uploads\/2023\/08\/canteras-puma-camionero-fallecido-02.jpg?w=800&amp;ssl=1 800w, https:\/\/i0.wp.com\/cdnoticias.com\/wp-content\/uploads\/2023\/08\/canteras-puma-camionero-fallecido-02.jpg?resize=300%2C225&amp;ssl=1 300w, https:\/\/i0.wp.com\/cdnoticias.com\/wp-content\/uploads\/2023\/08\/canteras-puma-camionero-fallecido-02.jpg?resize=768%2C575&amp;ssl=1 768w\" sizes=\"auto, (max-width: 800px) 100vw, 800px\" \/><\/p>\n","protected":false},"excerpt":{"rendered":"<p>Fue en cercan\u00edas de Cantera Puma, en la zona de Sierras Bayas. El hombre falleci\u00f3 tras caer del cami\u00f3n.<\/p>\n","protected":false},"author":4,"featured_media":94689,"comment_status":"closed","ping_status":"closed","sticky":false,"template":"","format":"standard","meta":{"_jetpack_memberships_contains_paid_content":false,"footnotes":""},"categories":[14,1],"tags":[],"class_list":["post-94688","post","type-post","status-publish","format-standard","has-post-thumbnail","hentry","category-policiales","category-portada"],"jetpack_featured_media_url":"https:\/\/i0.wp.com\/cdnoticias.com\/wp-content\/uploads\/2023\/08\/canteras-puma-camionero-fallecido-00.jpg?fit=800%2C445&ssl=1","jetpack_sharing_enabled":true,"_links":{"self":[{"href":"https:\/\/cdnoticias.com\/index.php\/wp-json\/wp\/v2\/posts\/94688","targetHints":{"allow":["GET"]}}],"collection":[{"href":"https:\/\/cdnoticias.com\/index.php\/wp-json\/wp\/v2\/posts"}],"about":[{"href":"https:\/\/cdnoticias.com\/index.php\/wp-json\/wp\/v2\/types\/post"}],"author":[{"embeddable":true,"href":"https:\/\/cdnoticias.com\/index.php\/wp-json\/wp\/v2\/users\/4"}],"replies":[{"embeddable":true,"href":"https:\/\/cdnoticias.com\/index.php\/wp-json\/wp\/v2\/comments?post=94688"}],"version-history":[{"count":0,"href":"https:\/\/cdnoticias.com\/index.php\/wp-json\/wp\/v2\/posts\/94688\/revisions"}],"wp:featuredmedia":[{"embeddable":true,"href":"https:\/\/cdnoticias.com\/index.php\/wp-json\/wp\/v2\/media\/94689"}],"wp:attachment":[{"href":"https:\/\/cdnoticias.com\/index.php\/wp-json\/wp\/v2\/media?parent=94688"}],"wp:term":[{"taxonomy":"category","embeddable":true,"href":"https:\/\/cdnoticias.com\/index.php\/wp-json\/wp\/v2\/categories?post=94688"},{"taxonomy":"post_tag","embeddable":true,"href":"https:\/\/cdnoticias.com\/index.php\/wp-json\/wp\/v2\/tags?post=94688"}],"curies":[{"name":"wp","href":"https:\/\/api.w.org\/{rel}","templated":true}]}}