{"id":94633,"date":"2023-08-30T10:35:03","date_gmt":"2023-08-30T13:35:03","guid":{"rendered":"https:\/\/www.centraldenoticias.com.ar\/?p=94633"},"modified":"2023-08-30T10:35:03","modified_gmt":"2023-08-30T13:35:03","slug":"homenaje-a-los-inmigrantes-de-loma-negra","status":"publish","type":"post","link":"https:\/\/cdnoticias.com\/index.php\/2023\/08\/30\/homenaje-a-los-inmigrantes-de-loma-negra\/","title":{"rendered":"Homenaje a los inmigrantes de Loma Negra"},"content":{"rendered":"<p>Ser\u00e1 el domingo 3 de septiembre con un acto formal y una fiesta. Se conmemoran los 25 a\u00f1os de la organizaci\u00f3n de homenajes a cargo de la Comisi\u00f3n Casa de Cultura y Turismo VAF Loma Negra.<\/p>\n<p><!--more--><\/p>\n<hr \/>\n<p>La<strong> Comisi\u00f3n Casa de Cultura y Turismo VAF Loma Negra<\/strong> anunci\u00f3 que <strong>el domingo 3 de septiembre<\/strong> llevar\u00e1 adelante distintas <strong>actividades en homenaje a los inmigrantes.<\/strong><\/p>\n<p>&nbsp;<\/p>\n<p>\u201cNuestra comunidad tuvo su origen a partir de la construcci\u00f3n de una f\u00e1brica de cemento. Terminada la Gran Guerra en Europa, en el per\u00edodo entre guerras y tambi\u00e9n como coletazos de la Segunda Guerra Mundial, <strong>la Villa alberg\u00f3 a cientos de inmigrantes de m\u00e1s de 20 nacionalidades distintas<\/strong> que llegaron en b\u00fasqueda de nuevos horizontes. Aqu\u00ed forjaron en base al trabajo, el esfuerzo y la dedicaci\u00f3n, sus vidas y las de sus seres queridos. Encontraron una tierra de paz y la hicieron crecer&#8230; Por eso, <strong>cada a\u00f1o en el mes de septiembre la Comisi\u00f3n Casa de Cultura y Turismo VAF Loma Negra realiza un sentido homenaje a todos aquellos vecinos, hombres\u00a0 y mujeres que llegaron hasta aqu\u00ed y refundaron nuestro peque\u00f1o lugar en el mundo<\/strong>\u201d se destac\u00f3.<\/p>\n<p>&nbsp;<\/p>\n<p><img data-recalc-dims=\"1\" loading=\"lazy\" decoding=\"async\" class=\"size-large wp-image-94635 aligncenter\" src=\"https:\/\/i0.wp.com\/cdnoticias.com\/wp-content\/uploads\/2023\/08\/dia-del-inmigrante-loma-negra-00.jpg?resize=800%2C445&#038;ssl=1\" alt=\"\" width=\"800\" height=\"445\" srcset=\"https:\/\/i0.wp.com\/cdnoticias.com\/wp-content\/uploads\/2023\/08\/dia-del-inmigrante-loma-negra-00.jpg?resize=1024%2C570&amp;ssl=1 1024w, https:\/\/i0.wp.com\/cdnoticias.com\/wp-content\/uploads\/2023\/08\/dia-del-inmigrante-loma-negra-00.jpg?resize=300%2C167&amp;ssl=1 300w, https:\/\/i0.wp.com\/cdnoticias.com\/wp-content\/uploads\/2023\/08\/dia-del-inmigrante-loma-negra-00.jpg?resize=768%2C427&amp;ssl=1 768w, https:\/\/i0.wp.com\/cdnoticias.com\/wp-content\/uploads\/2023\/08\/dia-del-inmigrante-loma-negra-00.jpg?resize=800%2C445&amp;ssl=1 800w, https:\/\/i0.wp.com\/cdnoticias.com\/wp-content\/uploads\/2023\/08\/dia-del-inmigrante-loma-negra-00.jpg?w=1080&amp;ssl=1 1080w\" sizes=\"auto, (max-width: 800px) 100vw, 800px\" \/><\/p>\n<p>&nbsp;<\/p>\n<p>En ese sentido, se inform\u00f3 que este a\u00f1o <strong>se cumple el 25\u00ba de la organizaci\u00f3n del los actos conmemorativos.<\/strong><\/p>\n<p>&nbsp;<\/p>\n<blockquote><p>\u201cTan importante es el proceso migratorio sucedido en nuestro terru\u00f1o, que en la actualidad parte de esa rica historia se cuenta con objetos y documentos en el Museo Hogar. Este es un edificio cuya historia refleja a\u00fan m\u00e1s la importancia de los inmigrantes, ya que su fundaci\u00f3n se debi\u00f3 a la necesidad de contar con un lugar en com\u00fan, donde los hijos de aquellos primeros inmigrantes aprendieran un mismo idioma. Se fund\u00f3 as\u00ed el primer Hogar Infantil o Jard\u00edn de Infantes de la Ciudad de Olavarr\u00eda, y el segundo Jard\u00edn de Infantes de la Provincia de Buenos Aires\u201d destacaron.<\/p><\/blockquote>\n<p>&nbsp;<\/p>\n<figure id=\"attachment_94634\" aria-describedby=\"caption-attachment-94634\" style=\"width: 800px\" class=\"wp-caption aligncenter\"><img data-recalc-dims=\"1\" loading=\"lazy\" decoding=\"async\" class=\"wp-image-94634 size-full\" src=\"https:\/\/i0.wp.com\/cdnoticias.com\/wp-content\/uploads\/2023\/08\/dia-del-inmigrante-loma-negra-02.jpg?resize=800%2C445&#038;ssl=1\" alt=\"\" width=\"800\" height=\"445\" srcset=\"https:\/\/i0.wp.com\/cdnoticias.com\/wp-content\/uploads\/2023\/08\/dia-del-inmigrante-loma-negra-02.jpg?w=800&amp;ssl=1 800w, https:\/\/i0.wp.com\/cdnoticias.com\/wp-content\/uploads\/2023\/08\/dia-del-inmigrante-loma-negra-02.jpg?resize=300%2C167&amp;ssl=1 300w, https:\/\/i0.wp.com\/cdnoticias.com\/wp-content\/uploads\/2023\/08\/dia-del-inmigrante-loma-negra-02.jpg?resize=768%2C427&amp;ssl=1 768w\" sizes=\"auto, (max-width: 800px) 100vw, 800px\" \/><figcaption id=\"caption-attachment-94634\" class=\"wp-caption-text\">El 9 de noviembre de 1998 se cre\u00f3 la Plazoleta de los Inmigrantes en Loma Negra.<\/figcaption><\/figure>\n<p>&nbsp;<\/p>\n<p>Y con ello, la Comisi\u00f3n hizo hincapi\u00e9 en que \u201cen homenaje a aquellos primeros vecinos llegados de otros pa\u00edses, <strong>el 9 de noviembre de 1998 se cre\u00f3 la Plazoleta de los Inmigrantes<\/strong>, de la cual se cumplir\u00e1 este a\u00f1o el 25 aniversario de su creaci\u00f3n\u201d.<\/p>\n<p>&nbsp;<\/p>\n<p>El cronograma de festejos incluye:<\/p>\n<ul>\n<li>Acto D\u00eda del Inmigrante, a las 15 hs en la Plazoleta que lleva su nombre y a todos los honra.<\/li>\n<li>Al cierre, en el sal\u00f3n social del Club Loma Negra se celebrar\u00e1 la fiesta D\u00eda del Inmigrante cuya hora de inicio est\u00e1 prevista a las 16.<\/li>\n<\/ul>\n<p>&nbsp;<\/p>\n<p>&nbsp;<\/p>\n","protected":false},"excerpt":{"rendered":"<p>Ser\u00e1 el domingo 3 de septiembre con un acto formal y una fiesta. Se conmemoran los 25 a\u00f1os de la<\/p>\n","protected":false},"author":4,"featured_media":63129,"comment_status":"closed","ping_status":"closed","sticky":false,"template":"","format":"standard","meta":{"_jetpack_memberships_contains_paid_content":false,"footnotes":""},"categories":[9,1],"tags":[],"class_list":["post-94633","post","type-post","status-publish","format-standard","has-post-thumbnail","hentry","category-cultura","category-portada"],"jetpack_featured_media_url":"https:\/\/i0.wp.com\/cdnoticias.com\/wp-content\/uploads\/2022\/08\/dia-de-los-inmigrantes-loma-negra-00.jpg?fit=800%2C445&ssl=1","jetpack_sharing_enabled":true,"_links":{"self":[{"href":"https:\/\/cdnoticias.com\/index.php\/wp-json\/wp\/v2\/posts\/94633","targetHints":{"allow":["GET"]}}],"collection":[{"href":"https:\/\/cdnoticias.com\/index.php\/wp-json\/wp\/v2\/posts"}],"about":[{"href":"https:\/\/cdnoticias.com\/index.php\/wp-json\/wp\/v2\/types\/post"}],"author":[{"embeddable":true,"href":"https:\/\/cdnoticias.com\/index.php\/wp-json\/wp\/v2\/users\/4"}],"replies":[{"embeddable":true,"href":"https:\/\/cdnoticias.com\/index.php\/wp-json\/wp\/v2\/comments?post=94633"}],"version-history":[{"count":0,"href":"https:\/\/cdnoticias.com\/index.php\/wp-json\/wp\/v2\/posts\/94633\/revisions"}],"wp:featuredmedia":[{"embeddable":true,"href":"https:\/\/cdnoticias.com\/index.php\/wp-json\/wp\/v2\/media\/63129"}],"wp:attachment":[{"href":"https:\/\/cdnoticias.com\/index.php\/wp-json\/wp\/v2\/media?parent=94633"}],"wp:term":[{"taxonomy":"category","embeddable":true,"href":"https:\/\/cdnoticias.com\/index.php\/wp-json\/wp\/v2\/categories?post=94633"},{"taxonomy":"post_tag","embeddable":true,"href":"https:\/\/cdnoticias.com\/index.php\/wp-json\/wp\/v2\/tags?post=94633"}],"curies":[{"name":"wp","href":"https:\/\/api.w.org\/{rel}","templated":true}]}}