{"id":94626,"date":"2023-08-29T17:35:13","date_gmt":"2023-08-29T20:35:13","guid":{"rendered":"https:\/\/www.centraldenoticias.com.ar\/?p=94626"},"modified":"2023-08-29T19:03:12","modified_gmt":"2023-08-29T22:03:12","slug":"la-ajb-departamental-azul-se-reunio-con-el-presidente-de-la-suprema-corte","status":"publish","type":"post","link":"https:\/\/cdnoticias.com\/index.php\/2023\/08\/29\/la-ajb-departamental-azul-se-reunio-con-el-presidente-de-la-suprema-corte\/","title":{"rendered":"La AJB Departamental Azul se reuni\u00f3 con el presidente de la Suprema Corte"},"content":{"rendered":"<p>La entidad gremial solicit\u00f3 al juez Sergio Torres la cobertura de vacantes y la continuidad de la construcci\u00f3n del Polo Judicial de Olavarr\u00eda.<\/p>\n<p><!--more--><\/p>\n<hr \/>\n<p>La <strong>Asociaci\u00f3n de Judiciales Bonaerenses Departamental Azul<\/strong> mantuvo un <strong>encuentro<\/strong> con el <strong>presidente de la Suprema Corte de la provincia, Sergio Torres<\/strong>, en el que se solicit\u00f3 la cobertura de vacantes y la continuidad de la construcci\u00f3n del Polo Judicial de Olavarr\u00eda.<\/p>\n<p>&nbsp;<\/p>\n<p>La entidad gremial que representa a los trabajadores de la justicia dio a conocer que la reuni\u00f3n se desarroll\u00f3 en la ciudad de Azul en el marco de la <strong>visita institucional que el juez Torres hizo a la sede del Departamento Judicial Azul<\/strong>. El objetivo del encuentro fue <strong>\u201cdialogar sobre la realidad de nuestra departamental\u201d<\/strong>.<\/p>\n<p>&nbsp;<\/p>\n<p><img data-recalc-dims=\"1\" loading=\"lazy\" decoding=\"async\" class=\"size-full wp-image-94627 aligncenter\" src=\"https:\/\/i0.wp.com\/cdnoticias.com\/wp-content\/uploads\/2023\/08\/AJB-juez-torres-corte-02.jpg?resize=800%2C445&#038;ssl=1\" alt=\"\" width=\"800\" height=\"445\" srcset=\"https:\/\/i0.wp.com\/cdnoticias.com\/wp-content\/uploads\/2023\/08\/AJB-juez-torres-corte-02.jpg?w=800&amp;ssl=1 800w, https:\/\/i0.wp.com\/cdnoticias.com\/wp-content\/uploads\/2023\/08\/AJB-juez-torres-corte-02.jpg?resize=300%2C167&amp;ssl=1 300w, https:\/\/i0.wp.com\/cdnoticias.com\/wp-content\/uploads\/2023\/08\/AJB-juez-torres-corte-02.jpg?resize=768%2C427&amp;ssl=1 768w\" sizes=\"auto, (max-width: 800px) 100vw, 800px\" \/><\/p>\n<p>&nbsp;<\/p>\n<blockquote><p>\u201cRemarcamos la importancia de la cobertura de vacantes en los distintos organismos, la necesidad de readecuaci\u00f3n de las plantas funcionales a fin de acompa\u00f1ar el crecimiento exponencial de causas, la importancia de la designaci\u00f3n de titulares, la extensi\u00f3n geogr\u00e1fica que dificulta tareas de peritos y notificadores, la necesidad de extensi\u00f3n de la Acordada 4093 a fin de romper la desigualdad generada en jubiladxs y pensionadxs y la importancia de esta en raz\u00f3n del goce de derecho a la carrera judicial del personal en actividad\u201d expuso la AJB.<\/p><\/blockquote>\n<p>&nbsp;<\/p>\n<p>Tambi\u00e9n se inform\u00f3 sobre los pedidos de <strong>continuidad de \u201clos trabajos en el futuro polo judicial de Olavarr\u00eda y Tandil<\/strong>, como as\u00ed tambi\u00e9n se inicien los trabajos de arquitectura en el edificio contiguo al palacio de Av. Per\u00f3n de la cabecera departamental\u201d.<\/p>\n<p>&nbsp;<\/p>\n<p>Otro de los ejes expuestos fue<strong> \u201cla necesidad de capacitaci\u00f3n para titulares de diversas dependencias\u201d<\/strong> en materia de recursos humanos, gesti\u00f3n de personal y comunicaci\u00f3n para <strong>\u201cprevenir y evitar abusos de autoridad, hechos de violencia y mejorar la salud laboral de trabajadoras y trabajadores judiciales\u201d<\/strong>.<\/p>\n<p>&nbsp;<\/p>\n<p><img data-recalc-dims=\"1\" loading=\"lazy\" decoding=\"async\" class=\"size-full wp-image-94628 aligncenter\" src=\"https:\/\/i0.wp.com\/cdnoticias.com\/wp-content\/uploads\/2023\/08\/AJB-juez-torres-corte-00.jpg?resize=800%2C445&#038;ssl=1\" alt=\"\" width=\"800\" height=\"445\" srcset=\"https:\/\/i0.wp.com\/cdnoticias.com\/wp-content\/uploads\/2023\/08\/AJB-juez-torres-corte-00.jpg?w=800&amp;ssl=1 800w, https:\/\/i0.wp.com\/cdnoticias.com\/wp-content\/uploads\/2023\/08\/AJB-juez-torres-corte-00.jpg?resize=300%2C167&amp;ssl=1 300w, https:\/\/i0.wp.com\/cdnoticias.com\/wp-content\/uploads\/2023\/08\/AJB-juez-torres-corte-00.jpg?resize=768%2C427&amp;ssl=1 768w\" sizes=\"auto, (max-width: 800px) 100vw, 800px\" \/><\/p>\n","protected":false},"excerpt":{"rendered":"<p>La entidad gremial solicit\u00f3 al juez Sergio Torres la cobertura de vacantes y la continuidad de la construcci\u00f3n del Polo<\/p>\n","protected":false},"author":4,"featured_media":94629,"comment_status":"closed","ping_status":"closed","sticky":false,"template":"","format":"standard","meta":{"_jetpack_memberships_contains_paid_content":false,"footnotes":""},"categories":[5],"tags":[],"class_list":["post-94626","post","type-post","status-publish","format-standard","has-post-thumbnail","hentry","category-informacion-general"],"jetpack_featured_media_url":"https:\/\/i0.wp.com\/cdnoticias.com\/wp-content\/uploads\/2023\/08\/AJB-juez-torres-corte-01.jpg?fit=800%2C445&ssl=1","jetpack_sharing_enabled":true,"_links":{"self":[{"href":"https:\/\/cdnoticias.com\/index.php\/wp-json\/wp\/v2\/posts\/94626","targetHints":{"allow":["GET"]}}],"collection":[{"href":"https:\/\/cdnoticias.com\/index.php\/wp-json\/wp\/v2\/posts"}],"about":[{"href":"https:\/\/cdnoticias.com\/index.php\/wp-json\/wp\/v2\/types\/post"}],"author":[{"embeddable":true,"href":"https:\/\/cdnoticias.com\/index.php\/wp-json\/wp\/v2\/users\/4"}],"replies":[{"embeddable":true,"href":"https:\/\/cdnoticias.com\/index.php\/wp-json\/wp\/v2\/comments?post=94626"}],"version-history":[{"count":0,"href":"https:\/\/cdnoticias.com\/index.php\/wp-json\/wp\/v2\/posts\/94626\/revisions"}],"wp:featuredmedia":[{"embeddable":true,"href":"https:\/\/cdnoticias.com\/index.php\/wp-json\/wp\/v2\/media\/94629"}],"wp:attachment":[{"href":"https:\/\/cdnoticias.com\/index.php\/wp-json\/wp\/v2\/media?parent=94626"}],"wp:term":[{"taxonomy":"category","embeddable":true,"href":"https:\/\/cdnoticias.com\/index.php\/wp-json\/wp\/v2\/categories?post=94626"},{"taxonomy":"post_tag","embeddable":true,"href":"https:\/\/cdnoticias.com\/index.php\/wp-json\/wp\/v2\/tags?post=94626"}],"curies":[{"name":"wp","href":"https:\/\/api.w.org\/{rel}","templated":true}]}}