{"id":94560,"date":"2023-08-28T20:25:38","date_gmt":"2023-08-28T23:25:38","guid":{"rendered":"https:\/\/www.centraldenoticias.com.ar\/?p=94560"},"modified":"2023-08-29T08:40:23","modified_gmt":"2023-08-29T11:40:23","slug":"ley-de-alquileres-es-una-respuesta-mas-a-los-intereses-de-los-propietarios-que-de-los-inquilinos","status":"publish","type":"post","link":"https:\/\/cdnoticias.com\/index.php\/2023\/08\/28\/ley-de-alquileres-es-una-respuesta-mas-a-los-intereses-de-los-propietarios-que-de-los-inquilinos\/","title":{"rendered":"Ley de alquileres: &#8220;Es una respuesta m\u00e1s a los intereses de los propietarios que de los inquilinos&#8221;"},"content":{"rendered":"<p>Lo expres\u00f3 el Coordinador del Movimiento de Inquilinos, Maximiliano Vittar sobre la media sanci\u00f3n que obtuvo el proyecto en la C\u00e1mara de Diputados. Este martes, se podr\u00eda convertir en Ley. <!--more--><\/p>\n<hr \/>\n<p>El pasado mi\u00e9rcoles, la <strong>C\u00e1mara de Diputados aprob\u00f3 la modificaci\u00f3n de la Ley de Alquileres,<\/strong> sancionada en el a\u00f1o 2020. El Coordinador del Movimiento de Inquilinos, <strong>Maximiliano Vittar, habl\u00f3 con Radio Universidad 90.1<\/strong> teniendo en cuenta que <strong>este martes podr\u00eda convertirse en Ley con la aprobaci\u00f3n de la C\u00e1mara de Senadores.<\/strong><\/p>\n<p>&nbsp;<\/p>\n<p><em>&#8220;La verdad reaccion\u00e9 con mucha bronca y preocupaci\u00f3n, principalmente porque la dirigencia pol\u00edtica y particularmente la oposici\u00f3n vienen diciendo hace much\u00edsimo tiempo que est\u00e1n preocupados por la situaci\u00f3n de los inquilinos y por lo dif\u00edcil de alquilar. <strong>Aparentemente nos ven, pero desgraciadamente no nos escuchan<\/strong> por c\u00f3mo se resolvi\u00f3 la media sanci\u00f3n. <strong>Claramente es una respuesta m\u00e1s a los intereses de los propietarios que de los inquilinos&#8221;<\/strong><\/em> expres\u00f3 Vittar.<\/p>\n<p>&nbsp;<\/p>\n<p>Adem\u00e1s agreg\u00f3 que &#8220;nos empuja a una situaci\u00f3n donde aparentemente la salida es que tengamos m\u00e1s inestabilidad y paguemos m\u00e1s alquiler de lo que estamos pagando&#8221; a la par que explic\u00f3 que &#8220;no ha habido ninguna iniciativa que vaya en beneficio de lo que nosotros venimos planteando&#8221;.<\/p>\n<p>&nbsp;<\/p>\n<p>Entre los temas que se modificaron, Vittar cont\u00f3 que las negativas son muchas: &#8221; tampoco se tuvo en cuenta la posibilidad de reglamentar lo que sucede en materia de <strong>alquileres temporarios<\/strong>, se siguen resistiendo a la creaci\u00f3n de un espacio donde haya una oficina, una c\u00e1mara y el alquiler donde se busque controlar lo que sucede en el mercado inmobiliario y como contrapartida encontramos la <strong>reducci\u00f3n del plazo m\u00ednimo de tres a dos a\u00f1os<\/strong> o que te <strong>ajuste el alquiler en cuatro meses<\/strong> <strong>seg\u00fan el acuerdo entre las partes<\/strong>&#8220;.<\/p>\n<p>&nbsp;<\/p>\n<blockquote><p>&#8220;Hace tres a\u00f1os que estamos tratando de hacer cumplir la ley y no la podemos hacer cumplir, imag\u00ednense. En estos dos puntos en particular yo sigo sin encontrar cu\u00e1l ha sido el beneficio para los inquilinos. Miren lo parad\u00f3jico que es el tratamiento. Nosotros tuvimos cinco a\u00f1os para sacar esta ley y esto en el tratamiento de menos de una semana podemos volver todos para atr\u00e1s. Imag\u00ednense la presi\u00f3n que hace el mercado inmobiliario. Realmente es muy complejo lo que est\u00e1n planteando como salida. Yo vuelvo a convocar a todos los inquilinos e inquilinas a entender de que esta situaci\u00f3n se puede revertir y que los actores principales de ac\u00e1 hasta que se trate en el Senado son las familias que alquilan&#8221; sostuvo el Coordinador del Movimiento de Inquilinos.<\/p><\/blockquote>\n<p>&nbsp;<\/p>\n<p><strong>Derecho a la vivienda\u00a0<\/strong><\/p>\n<p>&nbsp;<\/p>\n<p>Vittar remarc\u00f3 que &#8220;<strong><em>no se entiende por qu\u00e9 el derecho a la educaci\u00f3n y a la salud son derechos que se garanticen y se universalicen desde el Estado que tienen a su vez participaci\u00f3n privada, pero en el momento de discutir el tema del acceso a la vivienda ah\u00ed tenemos que entrar una l\u00f3gica de mercado y el Estado no est\u00e1 presente&#8221;.<\/em><\/strong><\/p>\n<p>&nbsp;<\/p>\n<p>En tanto, agreg\u00f3 que <em>&#8220;lo que pasa es que hay intereses econ\u00f3micos muy fuertes y hay un inter\u00e9s tambi\u00e9n en t\u00e9rminos personales. Hemos visto a diputados planteando la preocupaci\u00f3n de los inquilinos cuando en sus declaraciones juradas tienen seis departamentos en Ciudad Aut\u00f3noma de Buenos Aires alquilados. Hay que ser claros en c\u00f3mo funciona esa aparente c\u00e1mara de representantes del pueblo porque<strong> la mayor\u00eda no est\u00e1 representando el pueblo<\/strong>. Est\u00e1n representando a una expresi\u00f3n minoritaria de la sociedad que tiene un inter\u00e9s econ\u00f3mico&#8221;.<\/em><\/p>\n<p>&nbsp;<\/p>\n<p>Por \u00faltimo dijo con contundencia que &#8220;<em><strong>n<\/strong><strong><em>o <\/em>es que yo elijo comprar una segunda marca de una gaseosa. Es la calle o un techo&#8221;<\/strong> <\/em>cerr\u00f3 Vittar.<\/p>\n","protected":false},"excerpt":{"rendered":"<p>Lo expres\u00f3 el Coordinador del Movimiento de Inquilinos, Maximiliano Vittar sobre la media sanci\u00f3n que obtuvo el proyecto en la<\/p>\n","protected":false},"author":6,"featured_media":81558,"comment_status":"closed","ping_status":"closed","sticky":false,"template":"","format":"standard","meta":{"_jetpack_memberships_contains_paid_content":false,"footnotes":""},"categories":[5,1],"tags":[],"class_list":["post-94560","post","type-post","status-publish","format-standard","has-post-thumbnail","hentry","category-informacion-general","category-portada"],"jetpack_featured_media_url":"https:\/\/i0.wp.com\/cdnoticias.com\/wp-content\/uploads\/2023\/04\/alquileres.jpg?fit=2560%2C1424&ssl=1","jetpack_sharing_enabled":true,"_links":{"self":[{"href":"https:\/\/cdnoticias.com\/index.php\/wp-json\/wp\/v2\/posts\/94560","targetHints":{"allow":["GET"]}}],"collection":[{"href":"https:\/\/cdnoticias.com\/index.php\/wp-json\/wp\/v2\/posts"}],"about":[{"href":"https:\/\/cdnoticias.com\/index.php\/wp-json\/wp\/v2\/types\/post"}],"author":[{"embeddable":true,"href":"https:\/\/cdnoticias.com\/index.php\/wp-json\/wp\/v2\/users\/6"}],"replies":[{"embeddable":true,"href":"https:\/\/cdnoticias.com\/index.php\/wp-json\/wp\/v2\/comments?post=94560"}],"version-history":[{"count":0,"href":"https:\/\/cdnoticias.com\/index.php\/wp-json\/wp\/v2\/posts\/94560\/revisions"}],"wp:featuredmedia":[{"embeddable":true,"href":"https:\/\/cdnoticias.com\/index.php\/wp-json\/wp\/v2\/media\/81558"}],"wp:attachment":[{"href":"https:\/\/cdnoticias.com\/index.php\/wp-json\/wp\/v2\/media?parent=94560"}],"wp:term":[{"taxonomy":"category","embeddable":true,"href":"https:\/\/cdnoticias.com\/index.php\/wp-json\/wp\/v2\/categories?post=94560"},{"taxonomy":"post_tag","embeddable":true,"href":"https:\/\/cdnoticias.com\/index.php\/wp-json\/wp\/v2\/tags?post=94560"}],"curies":[{"name":"wp","href":"https:\/\/api.w.org\/{rel}","templated":true}]}}