{"id":94537,"date":"2023-08-29T09:21:29","date_gmt":"2023-08-29T12:21:29","guid":{"rendered":"https:\/\/www.centraldenoticias.com.ar\/?p=94537"},"modified":"2023-08-29T09:21:29","modified_gmt":"2023-08-29T12:21:29","slug":"la-facultad-de-ingenieria-a-un-paso-de-activar-su-propio-calculador-solar","status":"publish","type":"post","link":"https:\/\/cdnoticias.com\/index.php\/2023\/08\/29\/la-facultad-de-ingenieria-a-un-paso-de-activar-su-propio-calculador-solar\/","title":{"rendered":"La Facultad de Ingenier\u00eda, a un paso de activar su propio calculador solar"},"content":{"rendered":"<p>Fue dise\u00f1ado por investigadores del Centro de Tecnolog\u00edas Ambientales y Energ\u00eda de la Facultad. La herramienta, impulsada por profesionales de la FIO, podr\u00e1 calcular cu\u00e1nta energ\u00eda puede aportar el sol en una casa, negocio o empresa de Olavarr\u00eda o la regi\u00f3n.<!--more--><\/p>\n<hr \/>\n<p>Docentes y estudiantes investigadores de la <strong>Facultad de Ingenier\u00eda<\/strong> trabajan sobre el proyecto de un<strong> calculador solar propio.<\/strong> El objetivo del dispositivo es ofrecer un reporte del sistema solar fotovoltaico necesario, la energ\u00eda generada anual y resultados econ\u00f3micos en funci\u00f3n de los datos b\u00e1sicos que ingrese un usuario. <strong>Se podr\u00e1 acceder desde la web de la Facultad en forma gratuita.<\/strong><\/p>\n<p>&nbsp;<\/p>\n<p>\u201cEsta herramienta viene a contribuir a ese proceso de transformaci\u00f3n hacia un sistema m\u00e1s diversificado y descentralizado de producci\u00f3n y consumo de energ\u00eda\u201d, asegur\u00f3 el ingeniero <strong>Gabriel Blanco<\/strong>, experto en energ\u00edas renovables y cambio clim\u00e1tico, refiri\u00e9ndose al calculador solar dise\u00f1ado y reformulado desde la Facultad de Ingenier\u00eda de la UNICEN. Est\u00e1 pensado para usuarios residenciales, comercios e industrias Pyme por lo que resulta \u201cabarcativo porque no s\u00f3lo indica lo que vas a necesitar sino los costos que te va a demandar la instalaci\u00f3n\u201d, apunt\u00f3 el Ing. Gabriel Blanco.<\/p>\n<p>&nbsp;<\/p>\n<p>El dispositivo surgi\u00f3 en 2018 en el marco del<strong> PROINGED (Programa Provincial de Incentivos a la Generaci\u00f3n de Energ\u00eda Distribuida)<\/strong>, que fomenta el uso de los recursos renovables para obtener electricidad, tanto para el autoconsumo como para la generaci\u00f3n distribuida.<\/p>\n<p>&nbsp;<\/p>\n<p>La iniciativa estuvo enmarcada dentro de la<strong> ley de R\u00e9gimen de Fomento a la Generaci\u00f3n Distribuida de Energ\u00eda Renovable Integrada a la Red El\u00e9ctrica P\u00fablica<\/strong>, promulgada por el Gobierno Nacional en diciembre de 2017. El paso siguiente era la adhesi\u00f3n y reglamentaci\u00f3n provincial que, en el caso de Buenos Aires, se concret\u00f3 reci\u00e9n este a\u00f1o.<\/p>\n<p>&nbsp;<\/p>\n<p>Por motivos del cambio de gesti\u00f3n del gobierno, en 2019 el proyecto se paus\u00f3, y los investigadores del <strong>Centro de Tecnolog\u00edas Ambientales y Energ\u00eda (Ctae)<\/strong> de la FIO decidieron reformularlo e impulsarlo desde la web de la instituci\u00f3n. Este calculador se plantea a partir de una base de datos sobre la radiaci\u00f3n solar en el territorio bonaerense pero tambi\u00e9n sobre los equipos m\u00e1s viables, con un sistema de c\u00e1lculo de energ\u00eda fotovoltaica seg\u00fan el perfil de cada usuario.<\/p>\n<p>&nbsp;<\/p>\n<p><img data-recalc-dims=\"1\" loading=\"lazy\" decoding=\"async\" class=\"size-large wp-image-94545 aligncenter\" src=\"https:\/\/i0.wp.com\/cdnoticias.com\/wp-content\/uploads\/2023\/08\/FIO_calculador_solar_2.jpg?resize=800%2C390&#038;ssl=1\" alt=\"\" width=\"800\" height=\"390\" srcset=\"https:\/\/i0.wp.com\/cdnoticias.com\/wp-content\/uploads\/2023\/08\/FIO_calculador_solar_2.jpg?resize=1024%2C499&amp;ssl=1 1024w, https:\/\/i0.wp.com\/cdnoticias.com\/wp-content\/uploads\/2023\/08\/FIO_calculador_solar_2.jpg?resize=300%2C146&amp;ssl=1 300w, https:\/\/i0.wp.com\/cdnoticias.com\/wp-content\/uploads\/2023\/08\/FIO_calculador_solar_2.jpg?resize=768%2C374&amp;ssl=1 768w, https:\/\/i0.wp.com\/cdnoticias.com\/wp-content\/uploads\/2023\/08\/FIO_calculador_solar_2.jpg?resize=1536%2C748&amp;ssl=1 1536w, https:\/\/i0.wp.com\/cdnoticias.com\/wp-content\/uploads\/2023\/08\/FIO_calculador_solar_2.jpg?w=1600&amp;ssl=1 1600w\" sizes=\"auto, (max-width: 800px) 100vw, 800px\" \/><\/p>\n<p>&nbsp;<\/p>\n<p>El calculador solar con soporte web es capaz de orientar sobre temas tales como la tecnolog\u00eda a utilizar, qu\u00e9 equipos son aconsejables en relaci\u00f3n al costo, cu\u00e1l es la capacidad real de generaci\u00f3n que resulta m\u00e1s conveniente, <strong>qu\u00e9 inversi\u00f3n es necesaria hacer y qu\u00e9 ahorro implica la generaci\u00f3n fotovoltaica distribuida tanto en viviendas como en comercios y Pymes.<\/strong><\/p>\n<p>&nbsp;<\/p>\n<p><strong>La implementaci\u00f3n<\/strong><\/p>\n<p>El estudiante de ingenier\u00eda industrial <strong>Nicol\u00e1s Pereyra<\/strong> fue quien colabor\u00f3 para que el proyecto se concrete. \u201cTen\u00edamos la base del Excel para Proinged pero la idea era que pudiera utilizarlo cualquiera y as\u00ed nos planteamos dos tipos de usuarios, uno b\u00e1sico que no tiene formaci\u00f3n en energ\u00eda solar fotovoltaica y otro avanzado que requiere m\u00e1s conocimientos\u201d, explic\u00f3 el estudiante.<\/p>\n<p>&nbsp;<\/p>\n<p>\u201cNos faltaba la interfaz, pero originalmente era para instalaci\u00f3n no conectada a red porque no estaba reglamentada la ley en Provincia. Ahora vamos a anexar esa posibilidad y que puedan calcular su instalaci\u00f3n conectado a la red\u201d, plante\u00f3 la<strong> Ing. Daniela Keesler<\/strong>, investigadora del Ctae y referente en materia de energ\u00edas renovables y escenarios energ\u00e9ticos.<\/p>\n<p>&nbsp;<\/p>\n<p><img data-recalc-dims=\"1\" loading=\"lazy\" decoding=\"async\" class=\"size-large wp-image-94546 aligncenter\" src=\"https:\/\/i0.wp.com\/cdnoticias.com\/wp-content\/uploads\/2023\/08\/FIO_calculador_solar_3.jpg?resize=800%2C390&#038;ssl=1\" alt=\"\" width=\"800\" height=\"390\" srcset=\"https:\/\/i0.wp.com\/cdnoticias.com\/wp-content\/uploads\/2023\/08\/FIO_calculador_solar_3.jpg?resize=1024%2C499&amp;ssl=1 1024w, https:\/\/i0.wp.com\/cdnoticias.com\/wp-content\/uploads\/2023\/08\/FIO_calculador_solar_3.jpg?resize=300%2C146&amp;ssl=1 300w, https:\/\/i0.wp.com\/cdnoticias.com\/wp-content\/uploads\/2023\/08\/FIO_calculador_solar_3.jpg?resize=768%2C374&amp;ssl=1 768w, https:\/\/i0.wp.com\/cdnoticias.com\/wp-content\/uploads\/2023\/08\/FIO_calculador_solar_3.jpg?resize=1536%2C748&amp;ssl=1 1536w, https:\/\/i0.wp.com\/cdnoticias.com\/wp-content\/uploads\/2023\/08\/FIO_calculador_solar_3.jpg?w=1600&amp;ssl=1 1600w\" sizes=\"auto, (max-width: 800px) 100vw, 800px\" \/><\/p>\n<p>&nbsp;<\/p>\n<blockquote><p>Es una herramienta f\u00e1cil de operar. \u201cSe habilita un bot\u00f3n de resultados y devuelve especificaciones para la instalaci\u00f3n, tipo de paneles, valor de inversi\u00f3n en el primer a\u00f1o, curva de gastos en operaci\u00f3n y mantenimiento y se puede contrastar con la factura de luz, lo que estar\u00edas pagando\u201d, ejemplific\u00f3 el alumno de la FIO.<\/p><\/blockquote>\n<p>&nbsp;<\/p>\n<p><strong>Los costos<\/strong><\/p>\n<p>Para avanzar hacia la generaci\u00f3n domiciliaria conectada a la red a\u00fan faltan definiciones con respecto a c\u00f3mo se aplicar\u00e1 a nivel local, seg\u00fan aclararon los investigadores.<\/p>\n<p>&nbsp;<\/p>\n<p><em>\u201cLa reglamentaci\u00f3n de Provincia es muy vaga en detalles y deja mucho librado a las distribuidoras. En Olavarr\u00eda hay que ver c\u00f3mo va a actuar Coopelectric, que debe fijar el precio que genere cada usuario &#8220;prosumidor&#8221;, o sea que consume, pero tambi\u00e9n genera energ\u00eda\u201d<\/em>, observ\u00f3 Blanco.<\/p>\n<p>&nbsp;<\/p>\n<p>El costo de la instalaci\u00f3n sigue siendo importante debido a que no hay desarrollo tecnol\u00f3gico nacional que sea competitivo respecto de los grandes proveedores, pero siempre hay que compararlo con las tarifas locales y con la incertidumbre en el valor de esas tarifas, comentaron los profesionales de la Facultad.<\/p>\n<p>&nbsp;<\/p>\n<p><img data-recalc-dims=\"1\" loading=\"lazy\" decoding=\"async\" class=\"size-large wp-image-94547 aligncenter\" src=\"https:\/\/i0.wp.com\/cdnoticias.com\/wp-content\/uploads\/2023\/08\/FIO_calculador_solar_4.jpg?resize=800%2C390&#038;ssl=1\" alt=\"\" width=\"800\" height=\"390\" srcset=\"https:\/\/i0.wp.com\/cdnoticias.com\/wp-content\/uploads\/2023\/08\/FIO_calculador_solar_4.jpg?resize=1024%2C499&amp;ssl=1 1024w, https:\/\/i0.wp.com\/cdnoticias.com\/wp-content\/uploads\/2023\/08\/FIO_calculador_solar_4.jpg?resize=300%2C146&amp;ssl=1 300w, https:\/\/i0.wp.com\/cdnoticias.com\/wp-content\/uploads\/2023\/08\/FIO_calculador_solar_4.jpg?resize=768%2C374&amp;ssl=1 768w, https:\/\/i0.wp.com\/cdnoticias.com\/wp-content\/uploads\/2023\/08\/FIO_calculador_solar_4.jpg?resize=1536%2C748&amp;ssl=1 1536w, https:\/\/i0.wp.com\/cdnoticias.com\/wp-content\/uploads\/2023\/08\/FIO_calculador_solar_4.jpg?w=1600&amp;ssl=1 1600w\" sizes=\"auto, (max-width: 800px) 100vw, 800px\" \/><\/p>\n<p>&nbsp;<\/p>\n<p>El calculador solar ser\u00eda una contribuci\u00f3n m\u00e1s dentro del proceso de transformaci\u00f3n energ\u00e9tica que demanda el planeta.<em>\u00a0\u201cLa pol\u00edtica desde el Gobierno nacional ha sido en el sentido de una mayor concentraci\u00f3n. Han apoyado la expansi\u00f3n de la producci\u00f3n de petr\u00f3leo y de gas, incluso yendo hacia el Mar Argentino; planean la cuarta central nuclear y la l\u00ednea es en esa direcci\u00f3n\u201d<\/em>, asumi\u00f3 con preocupaci\u00f3n el investigador, voz autorizada a nivel internacional en materia clim\u00e1tica.<\/p>\n<p>&nbsp;<\/p>\n<p>En s\u00edntesis, el calculador solar resurge como una \u201cherramienta que viene a contribuir con ese proceso de transformaci\u00f3n hacia un sistema m\u00e1s diversificado y descentralizado de producci\u00f3n y consumo de energ\u00eda\u201d, concluy\u00f3 el investigador de la FIO.<\/p>\n","protected":false},"excerpt":{"rendered":"<p>Fue dise\u00f1ado por investigadores del Centro de Tecnolog\u00edas Ambientales y Energ\u00eda de la Facultad. La herramienta, impulsada por profesionales de<\/p>\n","protected":false},"author":2,"featured_media":94544,"comment_status":"closed","ping_status":"closed","sticky":false,"template":"","format":"standard","meta":{"_jetpack_memberships_contains_paid_content":false,"footnotes":""},"categories":[5,1],"tags":[],"class_list":["post-94537","post","type-post","status-publish","format-standard","has-post-thumbnail","hentry","category-informacion-general","category-portada"],"jetpack_featured_media_url":"https:\/\/i0.wp.com\/cdnoticias.com\/wp-content\/uploads\/2023\/08\/FIO_calculador_solar-scaled.jpg?fit=2560%2C1440&ssl=1","jetpack_sharing_enabled":true,"_links":{"self":[{"href":"https:\/\/cdnoticias.com\/index.php\/wp-json\/wp\/v2\/posts\/94537","targetHints":{"allow":["GET"]}}],"collection":[{"href":"https:\/\/cdnoticias.com\/index.php\/wp-json\/wp\/v2\/posts"}],"about":[{"href":"https:\/\/cdnoticias.com\/index.php\/wp-json\/wp\/v2\/types\/post"}],"author":[{"embeddable":true,"href":"https:\/\/cdnoticias.com\/index.php\/wp-json\/wp\/v2\/users\/2"}],"replies":[{"embeddable":true,"href":"https:\/\/cdnoticias.com\/index.php\/wp-json\/wp\/v2\/comments?post=94537"}],"version-history":[{"count":0,"href":"https:\/\/cdnoticias.com\/index.php\/wp-json\/wp\/v2\/posts\/94537\/revisions"}],"wp:featuredmedia":[{"embeddable":true,"href":"https:\/\/cdnoticias.com\/index.php\/wp-json\/wp\/v2\/media\/94544"}],"wp:attachment":[{"href":"https:\/\/cdnoticias.com\/index.php\/wp-json\/wp\/v2\/media?parent=94537"}],"wp:term":[{"taxonomy":"category","embeddable":true,"href":"https:\/\/cdnoticias.com\/index.php\/wp-json\/wp\/v2\/categories?post=94537"},{"taxonomy":"post_tag","embeddable":true,"href":"https:\/\/cdnoticias.com\/index.php\/wp-json\/wp\/v2\/tags?post=94537"}],"curies":[{"name":"wp","href":"https:\/\/api.w.org\/{rel}","templated":true}]}}