{"id":94533,"date":"2023-08-28T19:07:48","date_gmt":"2023-08-28T22:07:48","guid":{"rendered":"https:\/\/www.centraldenoticias.com.ar\/?p=94533"},"modified":"2023-08-28T19:07:48","modified_gmt":"2023-08-28T22:07:48","slug":"mantenimiento-de-equipos-funcionamiento-optimo-del-equipo-de-rayos","status":"publish","type":"post","link":"https:\/\/cdnoticias.com\/index.php\/2023\/08\/28\/mantenimiento-de-equipos-funcionamiento-optimo-del-equipo-de-rayos\/","title":{"rendered":"Mantenimiento de equipos: funcionamiento \u00f3ptimo del equipo de rayos"},"content":{"rendered":"<p>Este lunes se realiz\u00f3 el recambio del &#8220;tubo&#8221; del equipo de rayos. \u201cSe demor\u00f3 m\u00e1s de lo previsto el recambio porque su cotizaci\u00f3n es en d\u00f3lares (20 mil), y por el contexto y las pol\u00edticas macroecon\u00f3micas de nuestro pa\u00eds el proveedor no quer\u00eda realizar la venta\u201d expres\u00f3 el secretario de Salud, Germ\u00e1n Caputo. <!--more--><\/p>\n<hr \/>\n<p>En la jornada de este lunes, en la Sala 1 de Rayos del Hospital Municipal \u201cDr. H\u00e9ctor M. Cura\u201d, se realiz\u00f3 el <strong>recambio del \u201ctubo\u201d del equipo de rayos.<\/strong><\/p>\n<p>&nbsp;<\/p>\n<p>El mismo hab\u00eda cumplido su funci\u00f3n \u00fatil y esto deriv\u00f3 en una disminuci\u00f3n del ritmo de pr\u00e1cticas que se realizaban. <em><strong>\u201cEl tubo del equipo de rayos tiene una \u2018vida \u00fatil\u2019 que se va desgastando con el correr del tiempo y de uso. \u00c9ste hab\u00eda cumplido ya con su funci\u00f3n y por eso fue cambiado por uno nuevo\u201d<\/strong><\/em>, sostuvo el secretario de Salud, Germ\u00e1n Caputo.<\/p>\n<p>&nbsp;<\/p>\n<p><img data-recalc-dims=\"1\" loading=\"lazy\" decoding=\"async\" class=\"aligncenter wp-image-94534 size-full\" src=\"https:\/\/i0.wp.com\/cdnoticias.com\/wp-content\/uploads\/2023\/08\/Salud-Recambio-equipo-de-rayos-2.jpeg?resize=800%2C600&#038;ssl=1\" alt=\"\" width=\"800\" height=\"600\" srcset=\"https:\/\/i0.wp.com\/cdnoticias.com\/wp-content\/uploads\/2023\/08\/Salud-Recambio-equipo-de-rayos-2.jpeg?w=1024&amp;ssl=1 1024w, https:\/\/i0.wp.com\/cdnoticias.com\/wp-content\/uploads\/2023\/08\/Salud-Recambio-equipo-de-rayos-2.jpeg?resize=300%2C225&amp;ssl=1 300w, https:\/\/i0.wp.com\/cdnoticias.com\/wp-content\/uploads\/2023\/08\/Salud-Recambio-equipo-de-rayos-2.jpeg?resize=768%2C576&amp;ssl=1 768w\" sizes=\"auto, (max-width: 800px) 100vw, 800px\" \/><\/p>\n<p>&nbsp;<\/p>\n<p><em><strong>\u201cSe demor\u00f3 m\u00e1s de lo previsto el recambio porque su cotizaci\u00f3n es en d\u00f3lares (20 mil), y por el contexto y las pol\u00edticas macroecon\u00f3micas de nuestro pa\u00eds el proveedor no quer\u00eda realizar la venta\u201d,<\/strong><\/em> agreg\u00f3 Caputo.<\/p>\n<p>&nbsp;<\/p>\n<p>Por \u00faltimo, indic\u00f3 que \u201ctal como coment\u00e9 la semana pasada, nosotros tenemos un equipo que se hace cargo del mantenimiento diario y tambi\u00e9n de las rupturas de la aparatolog\u00eda. A veces, por este contexto, no se puede conseguir el tipo espec\u00edfico y ello nos representa la disminuci\u00f3n de su uso. \u00c9ste hoy fue recambiado y ya continuamos con el ritmo de turnos habitual\u201d.<\/p>\n","protected":false},"excerpt":{"rendered":"<p>Este lunes se realiz\u00f3 el recambio del &#8220;tubo&#8221; del equipo de rayos. \u201cSe demor\u00f3 m\u00e1s de lo previsto el recambio<\/p>\n","protected":false},"author":6,"featured_media":94535,"comment_status":"closed","ping_status":"closed","sticky":false,"template":"","format":"standard","meta":{"_jetpack_memberships_contains_paid_content":false,"footnotes":""},"categories":[5,1],"tags":[],"class_list":["post-94533","post","type-post","status-publish","format-standard","has-post-thumbnail","hentry","category-informacion-general","category-portada"],"jetpack_featured_media_url":"https:\/\/i0.wp.com\/cdnoticias.com\/wp-content\/uploads\/2023\/08\/Salud-Recambio-equipo-de-rayos-1.jpeg?fit=1024%2C768&ssl=1","jetpack_sharing_enabled":true,"_links":{"self":[{"href":"https:\/\/cdnoticias.com\/index.php\/wp-json\/wp\/v2\/posts\/94533","targetHints":{"allow":["GET"]}}],"collection":[{"href":"https:\/\/cdnoticias.com\/index.php\/wp-json\/wp\/v2\/posts"}],"about":[{"href":"https:\/\/cdnoticias.com\/index.php\/wp-json\/wp\/v2\/types\/post"}],"author":[{"embeddable":true,"href":"https:\/\/cdnoticias.com\/index.php\/wp-json\/wp\/v2\/users\/6"}],"replies":[{"embeddable":true,"href":"https:\/\/cdnoticias.com\/index.php\/wp-json\/wp\/v2\/comments?post=94533"}],"version-history":[{"count":0,"href":"https:\/\/cdnoticias.com\/index.php\/wp-json\/wp\/v2\/posts\/94533\/revisions"}],"wp:featuredmedia":[{"embeddable":true,"href":"https:\/\/cdnoticias.com\/index.php\/wp-json\/wp\/v2\/media\/94535"}],"wp:attachment":[{"href":"https:\/\/cdnoticias.com\/index.php\/wp-json\/wp\/v2\/media?parent=94533"}],"wp:term":[{"taxonomy":"category","embeddable":true,"href":"https:\/\/cdnoticias.com\/index.php\/wp-json\/wp\/v2\/categories?post=94533"},{"taxonomy":"post_tag","embeddable":true,"href":"https:\/\/cdnoticias.com\/index.php\/wp-json\/wp\/v2\/tags?post=94533"}],"curies":[{"name":"wp","href":"https:\/\/api.w.org\/{rel}","templated":true}]}}