{"id":94495,"date":"2023-08-28T18:30:12","date_gmt":"2023-08-28T21:30:12","guid":{"rendered":"https:\/\/www.centraldenoticias.com.ar\/?p=94495"},"modified":"2023-08-28T18:30:12","modified_gmt":"2023-08-28T21:30:12","slug":"la-yumba-en-el-lanzamiento-de-la-federacion-de-cooperativas-culturales","status":"publish","type":"post","link":"https:\/\/cdnoticias.com\/index.php\/2023\/08\/28\/la-yumba-en-el-lanzamiento-de-la-federacion-de-cooperativas-culturales\/","title":{"rendered":"La Yumba, en el lanzamiento de la Federaci\u00f3n de Cooperativas Culturales"},"content":{"rendered":"<p>Fue en CABA donde la mutual olavarriense estuvo representada por Braian Morales quien defini\u00f3 a la federaci\u00f3n como \u201cuna alternativa solidaria, federal y popular dentro de la industria cultural\u201d.<\/p>\n<p><!--more--><\/p>\n<hr \/>\n<p>El pasado mi\u00e9rcoles 23 de agosto las y los <strong>trabajadores del espacio cultural y de formaci\u00f3n La Yumba<\/strong> se sumaron a la presentaci\u00f3n de la <strong>primera Federaci\u00f3n de Cooperativas Culturales \u201cFederaci\u00f3n Cultura Popular&#8221;<\/strong> con la presencia del <em>Presidente del INAES, Alex Roig y el representante de cooperativas culturales en INAES, Mart\u00edn Flaxx.<\/em><\/p>\n<p>&nbsp;<\/p>\n<blockquote><p>Braian Morales, responsable del espacio cultural La Yumba, destac\u00f3 que \u201cLa Federaci\u00f3n de Cooperativas de trabajo \u2018Cultura popular\u2019 es una herramienta cultural, pol\u00edtica, gremial y productiva que se proyecta como una alternativa solidaria, federal y popular dentro de la industria cultural en diferentes puntos de nuestro pa\u00eds\u201d. Adem\u00e1s, sostuvo que la Federaci\u00f3n Cultura Popular \u201cmultiplica las posibilidades de generar trabajo y gestionar recursos. A la vez, da sustento institucional a una voz colectiva con peso y legitimidad para discutir las problem\u00e1ticas y necesidades sectoriales\u201d.<\/p><\/blockquote>\n<p>&nbsp;<\/p>\n<p><img data-recalc-dims=\"1\" loading=\"lazy\" decoding=\"async\" class=\"size-full wp-image-94496 aligncenter\" src=\"https:\/\/i0.wp.com\/cdnoticias.com\/wp-content\/uploads\/2023\/08\/federacion-cultural-la-yumba-01.jpg?resize=800%2C445&#038;ssl=1\" alt=\"\" width=\"800\" height=\"445\" srcset=\"https:\/\/i0.wp.com\/cdnoticias.com\/wp-content\/uploads\/2023\/08\/federacion-cultural-la-yumba-01.jpg?w=800&amp;ssl=1 800w, https:\/\/i0.wp.com\/cdnoticias.com\/wp-content\/uploads\/2023\/08\/federacion-cultural-la-yumba-01.jpg?resize=300%2C167&amp;ssl=1 300w, https:\/\/i0.wp.com\/cdnoticias.com\/wp-content\/uploads\/2023\/08\/federacion-cultural-la-yumba-01.jpg?resize=768%2C427&amp;ssl=1 768w\" sizes=\"auto, (max-width: 800px) 100vw, 800px\" \/><\/p>\n<p>&nbsp;<\/p>\n<p>El encuentro se dio en <strong>921 Casa Cultural en la Ciudad Aut\u00f3noma de Buenos Aires<\/strong>. All\u00ed estuvieron cooperativas\u00a0 de trabajo y mutuales culturales de distintos puntos del pa\u00eds.\u00a0 Adem\u00e1s de m\u00fasica en vivo, hubo paneles, entregas de matr\u00edculas por el INAES y la presentaci\u00f3n de la <strong>p\u00e1gina web: https:\/\/federacionculturapopular.com.ar\/<\/strong>. Esta plataforma virtual propone diversas herramientas para colaborar en forma activa con el desarrollo de las cooperativas.<\/p>\n<p>&nbsp;<\/p>\n<p>Entre las cooperativas participantes de todo el pa\u00eds se encontraron: <em>La Quince Cultural, La Bemba, Vibras, Hacha de Papel, Matriz Colectiva, 921 Casa Cultural, Rio Patio Cultural, Fuaa, Viejo Cooke, A mover, TCA, Mercedes Sosa, Abundar, La compa\u00f1\u00eda de Otto, UDAI, Cultura Navarro, Plataforma Nave, El Tanque Cultural, La Astronauta Orquesta, Colmena Cultura, Estudio 1945, La Coop, Tano Cabron, Momo Caf\u00e9 Cultural, Frias, Locos de Nacimiento, El Club de la M\u00fasica, Siete Octavos, Federaci\u00f3n de Red de Medios Digitales<\/em> y <strong>desde Olavarr\u00eda, Asociaci\u00f3n Mutual La Yumba.<\/strong><\/p>\n","protected":false},"excerpt":{"rendered":"<p>Fue en CABA donde la mutual olavarriense estuvo representada por Braian Morales quien defini\u00f3 a la federaci\u00f3n como \u201cuna alternativa<\/p>\n","protected":false},"author":4,"featured_media":94497,"comment_status":"closed","ping_status":"closed","sticky":false,"template":"","format":"standard","meta":{"_jetpack_memberships_contains_paid_content":false,"footnotes":""},"categories":[9,1],"tags":[],"class_list":["post-94495","post","type-post","status-publish","format-standard","has-post-thumbnail","hentry","category-cultura","category-portada"],"jetpack_featured_media_url":"https:\/\/i0.wp.com\/cdnoticias.com\/wp-content\/uploads\/2023\/08\/federacion-cultural-la-yumba-00.jpg?fit=800%2C445&ssl=1","jetpack_sharing_enabled":true,"_links":{"self":[{"href":"https:\/\/cdnoticias.com\/index.php\/wp-json\/wp\/v2\/posts\/94495","targetHints":{"allow":["GET"]}}],"collection":[{"href":"https:\/\/cdnoticias.com\/index.php\/wp-json\/wp\/v2\/posts"}],"about":[{"href":"https:\/\/cdnoticias.com\/index.php\/wp-json\/wp\/v2\/types\/post"}],"author":[{"embeddable":true,"href":"https:\/\/cdnoticias.com\/index.php\/wp-json\/wp\/v2\/users\/4"}],"replies":[{"embeddable":true,"href":"https:\/\/cdnoticias.com\/index.php\/wp-json\/wp\/v2\/comments?post=94495"}],"version-history":[{"count":0,"href":"https:\/\/cdnoticias.com\/index.php\/wp-json\/wp\/v2\/posts\/94495\/revisions"}],"wp:featuredmedia":[{"embeddable":true,"href":"https:\/\/cdnoticias.com\/index.php\/wp-json\/wp\/v2\/media\/94497"}],"wp:attachment":[{"href":"https:\/\/cdnoticias.com\/index.php\/wp-json\/wp\/v2\/media?parent=94495"}],"wp:term":[{"taxonomy":"category","embeddable":true,"href":"https:\/\/cdnoticias.com\/index.php\/wp-json\/wp\/v2\/categories?post=94495"},{"taxonomy":"post_tag","embeddable":true,"href":"https:\/\/cdnoticias.com\/index.php\/wp-json\/wp\/v2\/tags?post=94495"}],"curies":[{"name":"wp","href":"https:\/\/api.w.org\/{rel}","templated":true}]}}