{"id":94489,"date":"2023-08-28T11:46:07","date_gmt":"2023-08-28T14:46:07","guid":{"rendered":"https:\/\/www.centraldenoticias.com.ar\/?p=94489"},"modified":"2023-08-28T11:46:07","modified_gmt":"2023-08-28T14:46:07","slug":"festejo-del-dia-de-la-ninez-en-sierra-chica","status":"publish","type":"post","link":"https:\/\/cdnoticias.com\/index.php\/2023\/08\/28\/festejo-del-dia-de-la-ninez-en-sierra-chica\/","title":{"rendered":"Festejo del D\u00eda de la Ni\u00f1ez en Sierra Chica"},"content":{"rendered":"<p>Se llev\u00f3 a cabo el domingo y all\u00ed estuvo el referente de Encuentro Republicano Federal Olavarr\u00eda, el concejal Nicol\u00e1s Marinangeli.<\/p>\n<p><!--more--><\/p>\n<hr \/>\n<p><strong>Este domingo el concejal Nicol\u00e1s Marinangeli<\/strong>, particip\u00f3 de la celebraci\u00f3n del <strong>D\u00eda de la Ni\u00f1ez en la localidad de Sierra Chica<\/strong>.<\/p>\n<p>&nbsp;<\/p>\n<p>El evento, <strong>organizado en colaboraci\u00f3n entre la Delegaci\u00f3n Municipal y diversas instituciones comunitarias y educativas<\/strong>, tuvo lugar el en la quinta del Banco Provincia, situada en la localidad.<\/p>\n<p>&nbsp;<\/p>\n<p><img data-recalc-dims=\"1\" loading=\"lazy\" decoding=\"async\" class=\"size-full wp-image-94493 aligncenter\" src=\"https:\/\/i0.wp.com\/cdnoticias.com\/wp-content\/uploads\/2023\/08\/dia-de-la-ninez-en-sierra-chica-02.jpg?resize=800%2C445&#038;ssl=1\" alt=\"\" width=\"800\" height=\"445\" srcset=\"https:\/\/i0.wp.com\/cdnoticias.com\/wp-content\/uploads\/2023\/08\/dia-de-la-ninez-en-sierra-chica-02.jpg?w=800&amp;ssl=1 800w, https:\/\/i0.wp.com\/cdnoticias.com\/wp-content\/uploads\/2023\/08\/dia-de-la-ninez-en-sierra-chica-02.jpg?resize=300%2C167&amp;ssl=1 300w, https:\/\/i0.wp.com\/cdnoticias.com\/wp-content\/uploads\/2023\/08\/dia-de-la-ninez-en-sierra-chica-02.jpg?resize=768%2C427&amp;ssl=1 768w\" sizes=\"auto, (max-width: 800px) 100vw, 800px\" \/><\/p>\n<p><img data-recalc-dims=\"1\" loading=\"lazy\" decoding=\"async\" class=\"size-full wp-image-94491 aligncenter\" src=\"https:\/\/i0.wp.com\/cdnoticias.com\/wp-content\/uploads\/2023\/08\/dia-de-la-ninez-en-sierra-chica-01.jpg?resize=800%2C445&#038;ssl=1\" alt=\"\" width=\"800\" height=\"445\" srcset=\"https:\/\/i0.wp.com\/cdnoticias.com\/wp-content\/uploads\/2023\/08\/dia-de-la-ninez-en-sierra-chica-01.jpg?w=800&amp;ssl=1 800w, https:\/\/i0.wp.com\/cdnoticias.com\/wp-content\/uploads\/2023\/08\/dia-de-la-ninez-en-sierra-chica-01.jpg?resize=300%2C167&amp;ssl=1 300w, https:\/\/i0.wp.com\/cdnoticias.com\/wp-content\/uploads\/2023\/08\/dia-de-la-ninez-en-sierra-chica-01.jpg?resize=768%2C427&amp;ssl=1 768w\" sizes=\"auto, (max-width: 800px) 100vw, 800px\" \/><\/p>\n<p>&nbsp;<\/p>\n<p>Los ni\u00f1os y ni\u00f1as disfrutaron de emocionantes<strong> juegos deportivos y actividades art\u00edsticas<\/strong>, dirigidos por miembros de las instituciones locales. Adem\u00e1s, compartieron un delicioso chocolate caliente acompa\u00f1ado de facturas y golosinas, creando un ambiente perfecto para que los m\u00e1s peque\u00f1os disfrutaran de esta festiva conmemoraci\u00f3n de la ni\u00f1ez.<\/p>\n<p>&nbsp;<\/p>\n<blockquote><p>\u201cEncuentro Republicano Federal Olavarr\u00eda se enorgullece de haber participado en este evento que fortalece el esp\u00edritu comunitario y el bienestar de nuestros j\u00f3venes ciudadanos. La celebraci\u00f3n del D\u00eda de la Ni\u00f1ez en Sierra Chica fue una ocasi\u00f3n especial para reafirmar el compromiso con el desarrollo y la alegr\u00eda de nuestros ni\u00f1os y ni\u00f1as\u201d resalt\u00f3 la agrupaci\u00f3n que integra Marinangeli.<\/p><\/blockquote>\n<p>&nbsp;<\/p>\n<p><img data-recalc-dims=\"1\" loading=\"lazy\" decoding=\"async\" class=\"size-full wp-image-94492 aligncenter\" src=\"https:\/\/i0.wp.com\/cdnoticias.com\/wp-content\/uploads\/2023\/08\/dia-de-la-ninez-en-sierra-chica-03.jpg?resize=800%2C600&#038;ssl=1\" alt=\"\" width=\"800\" height=\"600\" srcset=\"https:\/\/i0.wp.com\/cdnoticias.com\/wp-content\/uploads\/2023\/08\/dia-de-la-ninez-en-sierra-chica-03.jpg?w=800&amp;ssl=1 800w, https:\/\/i0.wp.com\/cdnoticias.com\/wp-content\/uploads\/2023\/08\/dia-de-la-ninez-en-sierra-chica-03.jpg?resize=300%2C225&amp;ssl=1 300w, https:\/\/i0.wp.com\/cdnoticias.com\/wp-content\/uploads\/2023\/08\/dia-de-la-ninez-en-sierra-chica-03.jpg?resize=768%2C576&amp;ssl=1 768w\" sizes=\"auto, (max-width: 800px) 100vw, 800px\" \/><\/p>\n","protected":false},"excerpt":{"rendered":"<p>Se llev\u00f3 a cabo el domingo y all\u00ed estuvo el referente de Encuentro Republicano Federal Olavarr\u00eda, el concejal Nicol\u00e1s Marinangeli.<\/p>\n","protected":false},"author":4,"featured_media":94490,"comment_status":"closed","ping_status":"closed","sticky":false,"template":"","format":"standard","meta":{"_jetpack_memberships_contains_paid_content":false,"footnotes":""},"categories":[5,1],"tags":[],"class_list":["post-94489","post","type-post","status-publish","format-standard","has-post-thumbnail","hentry","category-informacion-general","category-portada"],"jetpack_featured_media_url":"https:\/\/i0.wp.com\/cdnoticias.com\/wp-content\/uploads\/2023\/08\/dia-de-la-ninez-en-sierra-chica-00.jpg?fit=800%2C445&ssl=1","jetpack_sharing_enabled":true,"_links":{"self":[{"href":"https:\/\/cdnoticias.com\/index.php\/wp-json\/wp\/v2\/posts\/94489","targetHints":{"allow":["GET"]}}],"collection":[{"href":"https:\/\/cdnoticias.com\/index.php\/wp-json\/wp\/v2\/posts"}],"about":[{"href":"https:\/\/cdnoticias.com\/index.php\/wp-json\/wp\/v2\/types\/post"}],"author":[{"embeddable":true,"href":"https:\/\/cdnoticias.com\/index.php\/wp-json\/wp\/v2\/users\/4"}],"replies":[{"embeddable":true,"href":"https:\/\/cdnoticias.com\/index.php\/wp-json\/wp\/v2\/comments?post=94489"}],"version-history":[{"count":0,"href":"https:\/\/cdnoticias.com\/index.php\/wp-json\/wp\/v2\/posts\/94489\/revisions"}],"wp:featuredmedia":[{"embeddable":true,"href":"https:\/\/cdnoticias.com\/index.php\/wp-json\/wp\/v2\/media\/94490"}],"wp:attachment":[{"href":"https:\/\/cdnoticias.com\/index.php\/wp-json\/wp\/v2\/media?parent=94489"}],"wp:term":[{"taxonomy":"category","embeddable":true,"href":"https:\/\/cdnoticias.com\/index.php\/wp-json\/wp\/v2\/categories?post=94489"},{"taxonomy":"post_tag","embeddable":true,"href":"https:\/\/cdnoticias.com\/index.php\/wp-json\/wp\/v2\/tags?post=94489"}],"curies":[{"name":"wp","href":"https:\/\/api.w.org\/{rel}","templated":true}]}}