{"id":94480,"date":"2023-08-28T18:01:43","date_gmt":"2023-08-28T21:01:43","guid":{"rendered":"https:\/\/www.centraldenoticias.com.ar\/?p=94480"},"modified":"2023-08-28T18:01:43","modified_gmt":"2023-08-28T21:01:43","slug":"los-debates-presidenciales-con-participacion-ciudadana-y-mas-dinamicos","status":"publish","type":"post","link":"https:\/\/cdnoticias.com\/index.php\/2023\/08\/28\/los-debates-presidenciales-con-participacion-ciudadana-y-mas-dinamicos\/","title":{"rendered":"Los debates presidenciales, con participaci\u00f3n ciudadana y m\u00e1s din\u00e1micos"},"content":{"rendered":"<p>&#8220;Buscamos que sean m\u00e1s din\u00e1micos, m\u00e1s sorpresivo el sorteo de las preguntas, que tenga mayor agilidad, pero sobre todo en un punto, en preguntarle a los candidatos no solamente qu\u00e9 van a hacer sino c\u00f3mo lo van a hacer&#8221;, dijo el presidente de la C\u00e1mara Nacional Electoral, Alberto Dalla V\u00eda.<\/p>\n<p><!--more--><\/p>\n<hr \/>\n<p>Una vez superadas las PASO,<strong> la C\u00e1mara Nacional Electoral (CNE) se aboca ahora a la preparaci\u00f3n de los debates presidenciales obligatorios<\/strong> con vistas a las elecciones generales del 22 de octubre, con la novedad este a\u00f1o de qu<strong>e incluir\u00e1n la participaci\u00f3n de ciudadanos en la formulaci\u00f3n de preguntas.<\/strong><\/p>\n<p>&nbsp;<\/p>\n<blockquote><p>&#8220;Buscamos que sean m\u00e1s din\u00e1micos, m\u00e1s sorpresivo el sorteo de las preguntas, que tenga mayor agilidad, pero sobre todo en un punto, en preguntarle a los candidatos no solamente qu\u00e9 van a hacer sino c\u00f3mo lo van a hacer&#8221;, dijo el presidente de la C\u00e1mara Nacional Electoral (CNE), Alberto Dalla V\u00eda, en una entrevista con T\u00e9lam.<\/p><\/blockquote>\n<p>&nbsp;<\/p>\n<p>La CNE ya estableci\u00f3 que los debates entre<strong> los cinco candidatos presidenciales que sortearon las PASO<\/strong> -Javier Milei, Patricia Bullrich, Sergio Massa, Juan Schiaretti y Myriam Bregman- se realizar\u00e1n los <strong>domingos 1 de octubre en la Universidad Nacional de Santiago del Estero (Unse) y el 8 de octubre en la Facultad de Derecho de la Universidad de Buenos Aires (UBA)<\/strong>.<\/p>\n<p>&nbsp;<\/p>\n<p>Un ingrediente novedoso para los debates de este a\u00f1o es que tendr\u00e1n &#8220;participaci\u00f3n ciudadana&#8221;, es decir que <strong>se podr\u00e1 hacerle preguntas anticipadamente a los candidatos<\/strong>, que ser\u00e1n sorteadas.<\/p>\n<p>&nbsp;<\/p>\n<blockquote><p>&#8220;La ciudadan\u00eda tiene derecho al voto informado y tiene derecho a saber c\u00f3mo van a ser las cosas tambi\u00e9n porque parecer\u00eda que cuando uno escucha los discursos p\u00fablicos en la Argentina estamos m\u00e1s o menos de acuerdo que tenemos que arreglar algunas cuestiones, la moneda, la econom\u00eda; el tema es c\u00f3mo se va a hacer eso&#8221;, indic\u00f3 el titular de la c\u00e1mara.<\/p><\/blockquote>\n<p>&nbsp;<\/p>\n<p>Para Dalla V\u00eda, &#8220;por lo que se juega en esta elecci\u00f3n y por las personalidades de los candidatos <strong>vamos a tener un debate picante y participativo&#8221;<\/strong>.<\/p>\n<p>&nbsp;<\/p>\n<p>Los debates vienen siendo organizados por un <strong>consejo asesor &#8220;muy pluralista&#8221;<\/strong> que est\u00e1 &#8220;buscando que el debate sea m\u00e1s din\u00e1mico, porque est\u00e1 dirigido a la ciudadan\u00eda y no a los pol\u00edticos&#8221;, explic\u00f3 Dalla V\u00eda.\u00a0Entre los integrantes de este consejo se encuentran los exjueces Le\u00f3n Carlos Arslanian y Ricardo Gil Lavedra; la titular de Abuelas de Plaza de Mayo, Estela de Carlotto, y los especialistas Bel\u00e9n Amadeo, Atilio Bor\u00f3n, Marcelo Cavarozzi,, Daniel Dessein, Delia Ferreira Rubio, Adriana Guerrero, Alejandro Tullio, Leandro Vergara, Manuel Calder\u00f3n, Gala D\u00edaz Langou, H\u00e9ctor Paz y Silvana Vives.<\/p>\n<p>&nbsp;<\/p>\n<p>&#8220;El consejo tiene una funci\u00f3n principal que es <strong>proponer los temas del debate<\/strong> y esta vez se decidi\u00f3 que tambi\u00e9n habr\u00e1 participaci\u00f3n ciudadana, es decir que podr\u00e1n proponer temas y hacer preguntas a los candidatos, que despu\u00e9s se van a sortear y a hacer p\u00fablicas&#8221;, adelant\u00f3.<\/p>\n<p>&nbsp;<\/p>\n<p>Y explic\u00f3 que &#8220;se tratar\u00e1 de que la mec\u00e1nica sea esta vez lo m\u00e1s \u00e1gil que el formato permite. Siempre hemos escuchado que el debate en Argentina es un debate muy formal o m\u00e1s acartonado que el que uno ve en otros pa\u00edses&#8221;.<\/p>\n<p>&nbsp;<\/p>\n<p>La Ley que estableci\u00f3 los debates obligatorios prev\u00e9 que<strong> deben participar del debate todos los candidatos a presidente que superaron el 1,5% de los votos en las PASO y si un postulante se niega a participar recibe una sanci\u00f3n<\/strong> que consiste en no otorgarle espacios de publicidad para su campa\u00f1a electoral en televisi\u00f3n y radio.\u00a0Adem\u00e1s, el d\u00eda del debate, el lugar f\u00edsico que deb\u00eda ocupar el candidato que se neg\u00f3 a participar debe quedar vac\u00edo para demostrar su ausencia.<\/p>\n<p>&nbsp;<\/p>\n<p>En caso de que haya <strong>balotaje<\/strong> se realizar\u00e1 un<strong> tercer debate<\/strong> entre los dos candidatos m\u00e1s votados en las generales que participar\u00e1n en la segunda vuelta.\u00a0Debe hacerse dentro de los 10 d\u00edas anteriores a la fecha de la elecci\u00f3n, que est\u00e1 prevista para el domingo 19 de noviembre.<\/p>\n<p>&nbsp;<\/p>\n<p>Fuente: <em>Telam<\/em><\/p>\n<p>&nbsp;<\/p>\n","protected":false},"excerpt":{"rendered":"<p>&#8220;Buscamos que sean m\u00e1s din\u00e1micos, m\u00e1s sorpresivo el sorteo de las preguntas, que tenga mayor agilidad, pero sobre todo en<\/p>\n","protected":false},"author":4,"featured_media":94481,"comment_status":"closed","ping_status":"closed","sticky":false,"template":"","format":"standard","meta":{"_jetpack_memberships_contains_paid_content":false,"footnotes":""},"categories":[6,1],"tags":[],"class_list":["post-94480","post","type-post","status-publish","format-standard","has-post-thumbnail","hentry","category-nacionales","category-portada"],"jetpack_featured_media_url":"https:\/\/i0.wp.com\/cdnoticias.com\/wp-content\/uploads\/2023\/08\/debate-presidencial-0.jpg?fit=800%2C450&ssl=1","jetpack_sharing_enabled":true,"_links":{"self":[{"href":"https:\/\/cdnoticias.com\/index.php\/wp-json\/wp\/v2\/posts\/94480","targetHints":{"allow":["GET"]}}],"collection":[{"href":"https:\/\/cdnoticias.com\/index.php\/wp-json\/wp\/v2\/posts"}],"about":[{"href":"https:\/\/cdnoticias.com\/index.php\/wp-json\/wp\/v2\/types\/post"}],"author":[{"embeddable":true,"href":"https:\/\/cdnoticias.com\/index.php\/wp-json\/wp\/v2\/users\/4"}],"replies":[{"embeddable":true,"href":"https:\/\/cdnoticias.com\/index.php\/wp-json\/wp\/v2\/comments?post=94480"}],"version-history":[{"count":0,"href":"https:\/\/cdnoticias.com\/index.php\/wp-json\/wp\/v2\/posts\/94480\/revisions"}],"wp:featuredmedia":[{"embeddable":true,"href":"https:\/\/cdnoticias.com\/index.php\/wp-json\/wp\/v2\/media\/94481"}],"wp:attachment":[{"href":"https:\/\/cdnoticias.com\/index.php\/wp-json\/wp\/v2\/media?parent=94480"}],"wp:term":[{"taxonomy":"category","embeddable":true,"href":"https:\/\/cdnoticias.com\/index.php\/wp-json\/wp\/v2\/categories?post=94480"},{"taxonomy":"post_tag","embeddable":true,"href":"https:\/\/cdnoticias.com\/index.php\/wp-json\/wp\/v2\/tags?post=94480"}],"curies":[{"name":"wp","href":"https:\/\/api.w.org\/{rel}","templated":true}]}}