{"id":94440,"date":"2023-08-27T21:13:39","date_gmt":"2023-08-28T00:13:39","guid":{"rendered":"https:\/\/www.centraldenoticias.com.ar\/?p=94440"},"modified":"2023-08-28T08:20:18","modified_gmt":"2023-08-28T11:20:18","slug":"una-semana-de-escuchar-a-las-urnas","status":"publish","type":"post","link":"https:\/\/cdnoticias.com\/index.php\/2023\/08\/27\/una-semana-de-escuchar-a-las-urnas\/","title":{"rendered":"Una semana de \u201cescuchar a las urnas\u201d"},"content":{"rendered":"<p>Ezequiel Galli impuls\u00f3 medidas fuertes de gesti\u00f3n y retom\u00f3 la campa\u00f1a con salida a la calle. Hubo consecuencias no esperadas. Maximiliano Wesner y Celeste Arouxet dejaron algunas pistas de c\u00f3mo seguir\u00e1 el camino a octubre.<\/p>\n<p><!--more--><\/p>\n<hr \/>\n<p>&nbsp;<\/p>\n<p><em><span style=\"font-weight: 400;\">*Volver a las Fuentes, por Josefina Bargas y Alexis Grierson<\/span><\/em><\/p>\n<p>&nbsp;<\/p>\n<p><span style=\"text-decoration: underline;\"><strong>Cambio, cambio, cambio<\/strong><\/span><\/p>\n<p>&nbsp;<\/p>\n<p>No es lo que est\u00e1s pensando. Hablamos de que <strong>Ezequiel Galli tom\u00f3 varias decisiones para\u00a0 mostrar cambios en la gesti\u00f3n<\/strong> despu\u00e9s de que el resultado electoral estuviera muy lejos del esperado.<\/p>\n<p>&nbsp;<\/p>\n<p>Supimos que, con nula publicidad, <strong>hubo reuniones internas desde el d\u00eda siguiente de las PASO<\/strong>. Con pocos y muchos funcionarios, el intendente <strong>hizo y recibi\u00f3 planteos internos<\/strong> sobre su gesti\u00f3n.<\/p>\n<p>&nbsp;<\/p>\n<p>Despu\u00e9s del feriado, <strong>el martes a la ma\u00f1ana el Hospital se convirti\u00f3 en la sede de un anuncio<\/strong>: <a href=\"https:\/\/cdnoticias.com\/index.php\/2023\/08\/22\/con-el-resultado-adverso-en-las-paso-ezequiel-galli-apunto-a-mejorar-el-sistema-de-salud\/\" target=\"_blank\" rel=\"noopener\">el secretario de Gobierno Hilario Galli se instal\u00f3 all\u00ed en lo que es una virtual intervenci\u00f3n<\/a>. Sentado a la derecha del intendente, el secretario (y primer candidato a concejal). Sentado a la izquierda el secretario de Salud, Germ\u00e1n Caputo. Cada uno va a seguir en su cargo, pero el anuncio tuvo una frase clave: <strong>\u201chemos tomado la decisi\u00f3n con el equipo de que alguien del Ejecutivo se siente en una oficina en el Hospital para trabajar en el d\u00eda a d\u00eda\u201d<\/strong>.<\/p>\n<p>&nbsp;<\/p>\n<p>De por s\u00ed hubo una particularidad:<strong> el viernes anterior &#8211;<\/strong><a href=\"https:\/\/cdnoticias.com\/index.php\/2023\/08\/20\/el-mensaje-de-las-urnas-en-olavarria\/\" target=\"_blank\" rel=\"noopener\">y lo mencionamos en este newsletter<\/a><strong>&#8211; el propio Caputo hab\u00eda se\u00f1alado que las cr\u00edticas opositoras al Hospital eran de dirigentes \u201cque no hab\u00edan pisado el Hospital\u201d<\/strong> ni se hab\u00edan comunicado con \u00e9l para conocer la realidad del centro de salud. M\u00e1s all\u00e1 de sus fundamentos, <strong>lo sucedido d\u00edas despu\u00e9s son\u00f3, de m\u00ednima, contradictorio<\/strong>. Es que atacaron los puntos donde los vecinos se quejaron pero, adem\u00e1s, los puntos que plante\u00f3 la oposici\u00f3n, no s\u00f3lo de otros frentes, sino tambi\u00e9n del mismo Juntos por el Cambio.<\/p>\n<p>&nbsp;<\/p>\n<p><img data-recalc-dims=\"1\" loading=\"lazy\" decoding=\"async\" class=\"size-full wp-image-93839 aligncenter\" src=\"https:\/\/i0.wp.com\/cdnoticias.com\/wp-content\/uploads\/2023\/08\/ezequiel-hilario-galli-caputo-02.jpg?resize=800%2C445&#038;ssl=1\" alt=\"\" width=\"800\" height=\"445\" srcset=\"https:\/\/i0.wp.com\/cdnoticias.com\/wp-content\/uploads\/2023\/08\/ezequiel-hilario-galli-caputo-02.jpg?w=1000&amp;ssl=1 1000w, https:\/\/i0.wp.com\/cdnoticias.com\/wp-content\/uploads\/2023\/08\/ezequiel-hilario-galli-caputo-02.jpg?resize=300%2C167&amp;ssl=1 300w, https:\/\/i0.wp.com\/cdnoticias.com\/wp-content\/uploads\/2023\/08\/ezequiel-hilario-galli-caputo-02.jpg?resize=768%2C427&amp;ssl=1 768w, https:\/\/i0.wp.com\/cdnoticias.com\/wp-content\/uploads\/2023\/08\/ezequiel-hilario-galli-caputo-02.jpg?resize=800%2C445&amp;ssl=1 800w\" sizes=\"auto, (max-width: 800px) 100vw, 800px\" \/><\/p>\n<p>&nbsp;<\/p>\n<p><strong>Turnos, guardias, mantenimiento e insumos<\/strong> son los temas sobre los que iba a intervenir Hilario Galli despu\u00e9s de hacer un diagn\u00f3stico. <strong>El viernes ya hubo medidas sobre el tema turnos con un refuerzo al famoso ChatBot<\/strong> <a href=\"https:\/\/cdnoticias.com\/index.php\/2023\/08\/25\/el-municipio-informo-acciones-directas-por-turnos-en-el-hospital\/\" target=\"_blank\" rel=\"noopener\">tras detectar algunos \u201cturnos no brindados\u201d<\/a>. Se aclar\u00f3 a este newsletter que es una cifra estimativa (<em>1400 casos sin respuesta<\/em>) dado que hay otros sistemas para acceder a turnos y quiz\u00e1s \u201cquien no lo consigui\u00f3 por el ChatBot termin\u00f3 sac\u00e1ndolo en el Hospital o de alg\u00fan otro modo\u201d indicaron.<\/p>\n<p>&nbsp;<\/p>\n<p>Horas despu\u00e9s, otro anuncio: <strong>despido del delegado de Sierras Bayas, Guillermo Rikal<\/strong>, y <a href=\"https:\/\/cdnoticias.com\/index.php\/2023\/08\/22\/ezequiel-galli-reemplazo-al-delegado-de-sierras-bayas\/\" target=\"_blank\" rel=\"noopener\">designaci\u00f3n de un reemplazante, Alejandro Pereyra<\/a>. La situaci\u00f3n fue comunicada bajo el mismo argumento: <strong>\u201clas urnas hablaron el 13 de agosto, escuchamos y actuamos en consecuencia\u201d<\/strong>. Fue llamativa la salida sin otra resonante, por lo que gener\u00f3<strong> un efecto distinto<\/strong> al que se busc\u00f3 en un principio.<\/p>\n<p>&nbsp;<\/p>\n<p><strong>Para muchos vecinos de Sierras Bayas, la salida del delegado fue \u201cla gota que rebals\u00f3 el vaso\u201d<\/strong>. <a href=\"https:\/\/cdnoticias.com\/index.php\/2023\/08\/24\/mas-de-150-personas-se-manifestaron-en-sierras-bayas-y-pidieron-la-restitucion-del-delegado-rikal\/\" target=\"_blank\" rel=\"noopener\">Y convocaron a una movilizaci\u00f3n<\/a>. Poco m\u00e1s de 150 personas se concentraron en la plaza del pueblo para pedir la restituci\u00f3n del delegado, pero detr\u00e1s del pedido mostraron el hartazgo por la falta de respuestas de la comuna en la localidad.<\/p>\n<p>&nbsp;<\/p>\n<p><img data-recalc-dims=\"1\" loading=\"lazy\" decoding=\"async\" class=\"size-large wp-image-94154 aligncenter\" src=\"https:\/\/i0.wp.com\/cdnoticias.com\/wp-content\/uploads\/2023\/08\/ssbb-8.jpg?resize=800%2C445&#038;ssl=1\" alt=\"\" width=\"800\" height=\"445\" srcset=\"https:\/\/i0.wp.com\/cdnoticias.com\/wp-content\/uploads\/2023\/08\/ssbb-8.jpg?resize=1024%2C570&amp;ssl=1 1024w, https:\/\/i0.wp.com\/cdnoticias.com\/wp-content\/uploads\/2023\/08\/ssbb-8.jpg?resize=300%2C167&amp;ssl=1 300w, https:\/\/i0.wp.com\/cdnoticias.com\/wp-content\/uploads\/2023\/08\/ssbb-8.jpg?resize=768%2C427&amp;ssl=1 768w, https:\/\/i0.wp.com\/cdnoticias.com\/wp-content\/uploads\/2023\/08\/ssbb-8.jpg?resize=800%2C445&amp;ssl=1 800w, https:\/\/i0.wp.com\/cdnoticias.com\/wp-content\/uploads\/2023\/08\/ssbb-8.jpg?w=1068&amp;ssl=1 1068w\" sizes=\"auto, (max-width: 800px) 100vw, 800px\" \/><\/p>\n<p>&nbsp;<\/p>\n<p>Nuevamente son\u00f3 el <em>\u201cpueblo olvidado\u201d, el reclamo por ausencia de m\u00e9dico en el Hospital de la localidad, la falta de obras y de controles a camiones que circulan en caminos que se rompen a\u00fan m\u00e1s<\/em>. El recuerdo al Impuesto a la Piedra fue instant\u00e1neo y un mensaje duro, pero contundente: \u201clas urnas hablamos, dijimos que no queremos m\u00e1s a Galli, no que saque a Rikal\u201d.<\/p>\n<p>&nbsp;<\/p>\n<p>Si bien es necesario aclarar que Rikal fue designado finalmente como delegado por decisi\u00f3n del Intendente dado que no alcanz\u00f3 el piso de votantes en las \u00faltimas elecciones a delegado de Sierras Bayas, sumado a que a\u00fan as\u00ed tiene potestad de poder removerlo si as\u00ed lo deseara (el cargo de delegado lo transforma en un funcionario propio, de hecho) <strong>lo que molestaron fueron las formas, e incluso la \u201cmala interpretaci\u00f3n\u201d<\/strong> de despedir a alguien que nadie pidi\u00f3 que despidieran. \u201cUn ejemplo m\u00e1s de que Galli no escucha las localidades\u201d. En otras palabras, son\u00f3 m\u00e1s a castigo que a una respuesta que acerque a los sierrabayenses.<\/p>\n<p>&nbsp;<\/p>\n<p><strong>Decidieron presentar un petitorio con firmas en el Concejo Deliberante<\/strong> para que Rikal pueda volver a su cargo y terminar su mandato como delegado, aunque con la reciente aclaraci\u00f3n alcanza para dar cuenta de que probablemente no tenga seguimiento m\u00e1s all\u00e1 de un pedido de vecinos: legalmente, el decreto permite tomar la decisi\u00f3n que se tom\u00f3 desde el Municipio. De todas maneras, el efecto es el hecho a analizar. Y si llega al HCD, probablemente tenga repercusi\u00f3n legislativa al menos en lo discursivo.<\/p>\n<p>&nbsp;<\/p>\n<p><img data-recalc-dims=\"1\" loading=\"lazy\" decoding=\"async\" class=\"size-large wp-image-94109 aligncenter\" src=\"https:\/\/i0.wp.com\/cdnoticias.com\/wp-content\/uploads\/2023\/08\/Obras-Repavimentacion-Av.-Avellaneda-3.jpeg?resize=800%2C600&#038;ssl=1\" alt=\"\" width=\"800\" height=\"600\" srcset=\"https:\/\/i0.wp.com\/cdnoticias.com\/wp-content\/uploads\/2023\/08\/Obras-Repavimentacion-Av.-Avellaneda-3.jpeg?resize=1024%2C768&amp;ssl=1 1024w, https:\/\/i0.wp.com\/cdnoticias.com\/wp-content\/uploads\/2023\/08\/Obras-Repavimentacion-Av.-Avellaneda-3.jpeg?resize=300%2C225&amp;ssl=1 300w, https:\/\/i0.wp.com\/cdnoticias.com\/wp-content\/uploads\/2023\/08\/Obras-Repavimentacion-Av.-Avellaneda-3.jpeg?resize=768%2C576&amp;ssl=1 768w, https:\/\/i0.wp.com\/cdnoticias.com\/wp-content\/uploads\/2023\/08\/Obras-Repavimentacion-Av.-Avellaneda-3.jpeg?resize=1536%2C1152&amp;ssl=1 1536w, https:\/\/i0.wp.com\/cdnoticias.com\/wp-content\/uploads\/2023\/08\/Obras-Repavimentacion-Av.-Avellaneda-3.jpeg?w=1600&amp;ssl=1 1600w\" sizes=\"auto, (max-width: 800px) 100vw, 800px\" \/><\/p>\n<p>&nbsp;<\/p>\n<p>\u00bfM\u00e1s sobre localidades? <strong>Galli se reuni\u00f3 con vecinos de Loma Negra<\/strong> en el inicio de <a href=\"https:\/\/cdnoticias.com\/index.php\/2023\/08\/24\/galli-se-reunio-con-vecinos-de-loma-negra-en-la-obra-de-repavimentacion-de-avenida-avellaneda\/\" target=\"_blank\" rel=\"noopener\">nuevas etapas del reasfaltado de avenida Avellaneda hacia ruta 51<\/a>. El mensaje fue claro: <em>es un camino muy utilizado por los vecinos de la localidad para llegar a Olavarr\u00eda y lleva mucho tiempo cortado dados los trabajos extensos en el lugar<\/em>.<\/p>\n<p>&nbsp;<\/p>\n<p>\u00bfM\u00e1s cambios? Algunas fuentes confirmaron a este newsletter que <strong>hubo algunas bajas de direcciones por diversas razones, tambi\u00e9n<\/strong>. No fueron comunicadas y las informaciones datan de <strong>al menos seis funcionarios y funcionarias que fueron corridas de los cargos<\/strong>, pero no fueron despedidos. Es decir, contin\u00faan trabajando pero no con la jerarqu\u00eda con la que ten\u00edan. No se especific\u00f3, cabe se\u00f1alar, las razones por las cuales se dieron estos movimientos.<\/p>\n<p>&nbsp;<\/p>\n<p>En tanto, hubo <strong>otro anuncio en conferencia del intendente, y en este caso en el Palacio Municipal<\/strong>: el mes pr\u00f3ximo se llamar\u00e1 a <a href=\"https:\/\/cdnoticias.com\/index.php\/2023\/08\/23\/viviendas-galli-anuncio-que-se-abrio-la-inscripcion-para-114-lotes-con-servicios\/\" target=\"_blank\" rel=\"noopener\">inscripci\u00f3n para los 114 lotes de la chacra 398<\/a>. En este caso, <em>Ezequiel Galli apareci\u00f3 con los secretarios de Obras P\u00fablicas, Julio Ferraro, y de Desarrollo Humano, Diego Robbiani, y con los subsecretarios de Desarrollo Social Romina Sponer y Legales, Marcelo Fabbi<\/em>. Durante el mes que viene, el personal estar\u00e1 en los servicios territoriales para que se puedan anotar los interesados y la definici\u00f3n del otorgamiento estar\u00e1 en manos del organismo nacional de Desarrollo Social.<\/p>\n<p>&nbsp;<\/p>\n<p>En este caso, la conferencia tuvo un aspecto llamativo: <strong>los expositores estuvieron de pie<\/strong> y no utilizaron las sillas ni la mesita de mantel azul que siempre est\u00e1 ubicada en el sal\u00f3n Blanco. El cambio aqu\u00ed es de corte est\u00e9tico, pero esto es pol\u00edtica y, como ya sabemos, todo comunica.<\/p>\n<p>&nbsp;<\/p>\n<p><img data-recalc-dims=\"1\" loading=\"lazy\" decoding=\"async\" class=\"size-full wp-image-93966 aligncenter\" src=\"https:\/\/i0.wp.com\/cdnoticias.com\/wp-content\/uploads\/2023\/08\/anuncio-inscripcion-lotes-00.jpg?resize=800%2C445&#038;ssl=1\" alt=\"\" width=\"800\" height=\"445\" srcset=\"https:\/\/i0.wp.com\/cdnoticias.com\/wp-content\/uploads\/2023\/08\/anuncio-inscripcion-lotes-00.jpg?w=800&amp;ssl=1 800w, https:\/\/i0.wp.com\/cdnoticias.com\/wp-content\/uploads\/2023\/08\/anuncio-inscripcion-lotes-00.jpg?resize=300%2C167&amp;ssl=1 300w, https:\/\/i0.wp.com\/cdnoticias.com\/wp-content\/uploads\/2023\/08\/anuncio-inscripcion-lotes-00.jpg?resize=768%2C427&amp;ssl=1 768w\" sizes=\"auto, (max-width: 800px) 100vw, 800px\" \/><\/p>\n<p>&nbsp;<\/p>\n<p>&nbsp;<\/p>\n<p>Mientras esta conferencia transcurr\u00eda, <strong>afuera del Palacio Municipal estaban los integrantes de la Asamblea por la Vivienda en manifestaci\u00f3n<\/strong>. Minutos antes<a href=\"https:\/\/cdnoticias.com\/index.php\/2023\/08\/23\/integrantes-de-asamblea-por-tierra-y-vivienda-hablaron-con-funcionarios-municipales\/\" target=\"_blank\" rel=\"noopener\"> hab\u00edan entregado un nuevo petitorio para reclamar por soluciones habitacionales<\/a>. Vienen haciendo la misma movida desde la semana posterior a la \u00faltima toma de tierras grupal. Bueno, aprovecharon la ocasi\u00f3n para<strong> lograr un di\u00e1logo directo con Robbiani y Sponer. Dijeron que se fueron \u201csatisfechos\u201d<\/strong> con la respuesta recibida, ya que les dieron el cronograma de presentaci\u00f3n en los servicios territoriales y los requisitos para poder postularse para los lotes.<\/p>\n<p>&nbsp;<\/p>\n<p>Algo m\u00e1s. Por fuera de los mensajes, las formas y los resultados, algo que logr\u00f3 el Ejecutivo esta semana fue <strong>copar la agenda medi\u00e1tica local.<\/strong> Por acci\u00f3n y por coyuntura, Ezequiel Galli se llev\u00f3 varias tapas.<\/p>\n<p>&nbsp;<\/p>\n<p><span style=\"text-decoration: underline;\"><strong>S\u00e1bado, de campa\u00f1a<\/strong><\/span><\/p>\n<p>&nbsp;<\/p>\n<p><strong>Y ayer volvi\u00f3 formalmente a la campa\u00f1a<\/strong>. Por la ma\u00f1ana, un grupo de <strong>dirigentes y militantes del Pro y tambi\u00e9n de funcionarios<\/strong> se reunieron en la sede partidaria y <a href=\"https:\/\/cdnoticias.com\/index.php\/2023\/08\/26\/ezequiel-galli-volvio-a-la-campana\/\" target=\"_blank\" rel=\"noopener\">desde all\u00ed hubo recorrida por distintos sectores<\/a>.<\/p>\n<p>&nbsp;<\/p>\n<p><img data-recalc-dims=\"1\" loading=\"lazy\" decoding=\"async\" class=\"size-full wp-image-94332 aligncenter\" src=\"https:\/\/i0.wp.com\/cdnoticias.com\/wp-content\/uploads\/2023\/08\/ezequiel-galli-salida-01.jpg?resize=800%2C445&#038;ssl=1\" alt=\"\" width=\"800\" height=\"445\" srcset=\"https:\/\/i0.wp.com\/cdnoticias.com\/wp-content\/uploads\/2023\/08\/ezequiel-galli-salida-01.jpg?w=800&amp;ssl=1 800w, https:\/\/i0.wp.com\/cdnoticias.com\/wp-content\/uploads\/2023\/08\/ezequiel-galli-salida-01.jpg?resize=300%2C167&amp;ssl=1 300w, https:\/\/i0.wp.com\/cdnoticias.com\/wp-content\/uploads\/2023\/08\/ezequiel-galli-salida-01.jpg?resize=768%2C427&amp;ssl=1 768w\" sizes=\"auto, (max-width: 800px) 100vw, 800px\" \/><\/p>\n<p>&nbsp;<\/p>\n<p>Ezequiel Galli se mostr\u00f3 <strong>en visitas a comercios y en contacto con los vecinos<\/strong>. En las fotos que se difundieron estuvo acompa\u00f1ado por el secretario Ferraro.<\/p>\n<p>&nbsp;<\/p>\n<p>Lo que se vio en las publicaciones en redes es <strong>un cara a cara en la calle que casi no se hab\u00eda visto en la campa\u00f1a a las PASO. \u00bfSer\u00e1 una pata importante en esta etapa?<\/strong> Ha sido el fuerte de Galli en campa\u00f1as anteriores, pero claro que no es lo mismo que en 2015 y en 2019. Hay un desgaste de imagen, a la par que -incluso por lo que se vio en la campa\u00f1a de otros candidatos- hay \u201cdemanda\u201d de muchos vecinos de ver al intendente\/candidato en la calle.<\/p>\n<p>&nbsp;<\/p>\n<p>Tambi\u00e9n hubo <a href=\"https:\/\/cdnoticias.com\/index.php\/2023\/08\/26\/martin-endere-y-alejandra-lorden-trabajan-en-conjunto-de-cara-a-las-elecciones\/\" target=\"_blank\" rel=\"noopener\">novedades por el lado seccional de Juntos<\/a>. Ayer se difundi\u00f3 <strong>foto de Alejandra Lord\u00e9n y Mart\u00edn Endere<\/strong> en Saladillo. <em>\u201cCharlaron sobre los pr\u00f3ximos 60 d\u00edas, de cara a las elecciones generales 2023\u201d<\/em> se inform\u00f3 sobre el encuentro.<\/p>\n<p>&nbsp;<\/p>\n<p><img data-recalc-dims=\"1\" loading=\"lazy\" decoding=\"async\" class=\"size-full wp-image-94333 aligncenter\" src=\"https:\/\/i0.wp.com\/cdnoticias.com\/wp-content\/uploads\/2023\/08\/lorden-endere.jpg?resize=800%2C445&#038;ssl=1\" alt=\"\" width=\"800\" height=\"445\" srcset=\"https:\/\/i0.wp.com\/cdnoticias.com\/wp-content\/uploads\/2023\/08\/lorden-endere.jpg?w=800&amp;ssl=1 800w, https:\/\/i0.wp.com\/cdnoticias.com\/wp-content\/uploads\/2023\/08\/lorden-endere.jpg?resize=300%2C167&amp;ssl=1 300w, https:\/\/i0.wp.com\/cdnoticias.com\/wp-content\/uploads\/2023\/08\/lorden-endere.jpg?resize=768%2C427&amp;ssl=1 768w\" sizes=\"auto, (max-width: 800px) 100vw, 800px\" \/><\/p>\n<p>La semana pasada contamos de la <a href=\"https:\/\/cdnoticias.com\/index.php\/2023\/08\/14\/endere-perdio-su-interna-pero-integrara-como-segundo-candidato-a-diputado\/\" target=\"_blank\" rel=\"noopener\">integraci\u00f3n de listas internas de Juntos<\/a> en las candidaturas a diputados. La saladillense encabeza, el olavarriense va segundo. Ahora definieron que enfocar\u00e1n la campa\u00f1a a \u201cescuchar las problem\u00e1ticas de los vecinos de la S\u00e9ptima y procurar brindar respuestas desde los lugares que les toca ocupar tanto antes como despu\u00e9s del 22 de octubre\u201d. Combinaci\u00f3n de gesti\u00f3n y campa\u00f1a, resumido.<\/p>\n<p>&nbsp;<\/p>\n<p><span style=\"text-decoration: underline;\"><strong>Hacia la misma direcci\u00f3n<\/strong><\/span><\/p>\n<p>&nbsp;<\/p>\n<p><strong>Maximiliano Wesner volvi\u00f3 a encabezar la agenda de Uni\u00f3n por la Patria tras las PASO<\/strong>. Como si no hubiera pasado nada -aunque pas\u00f3 mucho- el candidato que result\u00f3 el m\u00e1s votado el 13 de agosto<a href=\"https:\/\/cdnoticias.com\/index.php\/2023\/08\/26\/maxi-wesner-volvio-a-reunir-a-una-multitud-de-vecinos-y-vecinas\/\" target=\"_blank\" rel=\"noopener\"> volvi\u00f3 a las recorridas intensas, a la agenda fuerte<\/a> y a mostrar el mismo camino que lo llev\u00f3 a ese lugar.<\/p>\n<p>&nbsp;<\/p>\n<p>Con algunas novedades interesantes, como por ejemplo su<strong> llegada a Espigas con una agenda variada y con algunas gestiones para instituciones<\/strong>, como material deportivo al Club de la localidad. Seg\u00fan logr\u00f3 saber este newsletter,<em> hubo muy buena recepci\u00f3n y quedaron conformes por la presentaci\u00f3n de varios proyectos que tendr\u00edan luz verde<\/em> para avanzar en caso de que Wesner se convierta en Intendente.<\/p>\n<p>&nbsp;<\/p>\n<p><img data-recalc-dims=\"1\" loading=\"lazy\" decoding=\"async\" class=\"size-full wp-image-94441 aligncenter\" src=\"https:\/\/i0.wp.com\/cdnoticias.com\/wp-content\/uploads\/2023\/08\/maxi-wesner-en-espigas.jpg?resize=800%2C445&#038;ssl=1\" alt=\"\" width=\"800\" height=\"445\" srcset=\"https:\/\/i0.wp.com\/cdnoticias.com\/wp-content\/uploads\/2023\/08\/maxi-wesner-en-espigas.jpg?w=800&amp;ssl=1 800w, https:\/\/i0.wp.com\/cdnoticias.com\/wp-content\/uploads\/2023\/08\/maxi-wesner-en-espigas.jpg?resize=300%2C167&amp;ssl=1 300w, https:\/\/i0.wp.com\/cdnoticias.com\/wp-content\/uploads\/2023\/08\/maxi-wesner-en-espigas.jpg?resize=768%2C427&amp;ssl=1 768w\" sizes=\"auto, (max-width: 800px) 100vw, 800px\" \/><\/p>\n<p>&nbsp;<\/p>\n<p>Otra vez, los s\u00e1bados por la ma\u00f1ana fueron su muestra de campa\u00f1a m\u00e1s fuerte. En este caso -y <strong>ante una enorme cantidad de vecinos que llegaron al Parque del Bicentenario<\/strong>&#8211; se reparti\u00f3 un f<strong>olleto agradeciendo el acompa\u00f1amiento pero\u2026 que tiene propuestas<\/strong>. Algunas destacadas y otras mediante un QR para conocerlas en su totalidad.<\/p>\n<p>&nbsp;<\/p>\n<p>Y con una <strong>respuesta muy encubierta a Ezequiel Galli<\/strong>, Wesner dijo en la previa a la salida que <strong>\u201cnuestro proyecto no es contra nadie, es a favor de los vecinos\u201d<\/strong>.<\/p>\n<p>&nbsp;<\/p>\n<p>Siempre desde la positiva,<strong> Wesner no respondi\u00f3 ninguna de las acusaciones del oficialismo<\/strong> y se mantiene en su riel de mostrar gesti\u00f3n -apalancado por la Naci\u00f3n pero por la Provincia, sobre todo- mientras propone potenciar dichas gestiones en caso de llegar al Palacio San Mart\u00edn.<\/p>\n<p>&nbsp;<\/p>\n<p><img data-recalc-dims=\"1\" loading=\"lazy\" decoding=\"async\" class=\"size-full wp-image-94318 aligncenter\" src=\"https:\/\/i0.wp.com\/cdnoticias.com\/wp-content\/uploads\/2023\/08\/maxi-wesner-acto-03.jpg?resize=800%2C445&#038;ssl=1\" alt=\"\" width=\"800\" height=\"445\" srcset=\"https:\/\/i0.wp.com\/cdnoticias.com\/wp-content\/uploads\/2023\/08\/maxi-wesner-acto-03.jpg?w=800&amp;ssl=1 800w, https:\/\/i0.wp.com\/cdnoticias.com\/wp-content\/uploads\/2023\/08\/maxi-wesner-acto-03.jpg?resize=300%2C167&amp;ssl=1 300w, https:\/\/i0.wp.com\/cdnoticias.com\/wp-content\/uploads\/2023\/08\/maxi-wesner-acto-03.jpg?resize=768%2C427&amp;ssl=1 768w\" sizes=\"auto, (max-width: 800px) 100vw, 800px\" \/><\/p>\n<p>&nbsp;<\/p>\n<p>Desde el espacio adem\u00e1s valoraron la <strong>creaci\u00f3n de puentes con \u201ctodos los sectores sociales, productivos y de distinta \u00edndole del Partido\u201d<\/strong> e incluso pol\u00edticos, con otros espacios cercanos y no tanto. \u201cSiempre hay que tener di\u00e1logo, con algunos se podr\u00e1 m\u00e1s que otro, pero el contacto siempre hay que tenerlo\u201d se\u00f1alaron en di\u00e1logo con este newsletter.<\/p>\n<p>&nbsp;<\/p>\n<p>Ejemplos se vieron durante la campa\u00f1a a las PASO: desde el fluido di\u00e1logo con la Uni\u00f3n de Clubes, la articulaci\u00f3n con integrantes de las cl\u00ednicas privadas, entre otros, son algunos de los ejemplos de esta construcci\u00f3n de puentes que buscar\u00e1n profundizar con m\u00e1s sectores y pensando en la posibilidad de aportar y retroalimentarse para mejorar las instituciones y para crecer la propuesta de gesti\u00f3n de Wesner.<\/p>\n<p>&nbsp;<\/p>\n<p>A priori, parece que<strong> \u201clas propuestas\u201d van a ser uno de los fuertes de la comunicaci\u00f3n de la campa\u00f1a local de Uni\u00f3n por la Patria<\/strong>.<\/p>\n<p>&nbsp;<\/p>\n<p><span style=\"text-decoration: underline;\"><strong>La Libertad Avanza\u2026 en Olavarr\u00eda y con gente<\/strong><\/span><\/p>\n<p>&nbsp;<\/p>\n<p><strong>Fue una de las sorpresas de las PASO junto con Javier Milei a nivel nacional y el impacto local fue inmediato<\/strong>. Se\u00f1alaron que en 24 horas se ofrecieron <strong>m\u00e1s de 80 personas de forma espont\u00e1nea \u201cpara militar la boleta el 22 de octubre, es dif\u00edcil de creer\u201d<\/strong> indicaron a este grupo de periodistas desde Ahora Olavarr\u00eda, que encabeza Celeste Arouxet.<\/p>\n<p>&nbsp;<\/p>\n<p><img data-recalc-dims=\"1\" loading=\"lazy\" decoding=\"async\" class=\"size-large wp-image-93259 aligncenter\" src=\"https:\/\/i0.wp.com\/cdnoticias.com\/wp-content\/uploads\/2023\/08\/arouxet-decla1.jpg?resize=800%2C445&#038;ssl=1\" alt=\"\" width=\"800\" height=\"445\" srcset=\"https:\/\/i0.wp.com\/cdnoticias.com\/wp-content\/uploads\/2023\/08\/arouxet-decla1.jpg?resize=1024%2C570&amp;ssl=1 1024w, https:\/\/i0.wp.com\/cdnoticias.com\/wp-content\/uploads\/2023\/08\/arouxet-decla1.jpg?resize=300%2C167&amp;ssl=1 300w, https:\/\/i0.wp.com\/cdnoticias.com\/wp-content\/uploads\/2023\/08\/arouxet-decla1.jpg?resize=768%2C427&amp;ssl=1 768w, https:\/\/i0.wp.com\/cdnoticias.com\/wp-content\/uploads\/2023\/08\/arouxet-decla1.jpg?resize=1536%2C854&amp;ssl=1 1536w, https:\/\/i0.wp.com\/cdnoticias.com\/wp-content\/uploads\/2023\/08\/arouxet-decla1.jpg?resize=800%2C445&amp;ssl=1 800w, https:\/\/i0.wp.com\/cdnoticias.com\/wp-content\/uploads\/2023\/08\/arouxet-decla1.jpg?w=1600&amp;ssl=1 1600w\" sizes=\"auto, (max-width: 800px) 100vw, 800px\" \/><\/p>\n<p>&nbsp;<\/p>\n<p>Pero a eso se le debe sumar que, durante esta semana, hubo <strong>dos importantes encuentros que superaron las expectativas<\/strong>. Al que esperaban 20 fueron 40, al que esperaban 40 fueron 60 y mucha gente pidi\u00f3 informaci\u00f3n porque se qued\u00f3 afuera: <em>\u201cpara nosotros que venimos de una campa\u00f1a m\u00e1s tranquila comparada con la de otros candidatos la verdad que nos sorprende gratamente\u201d<\/em> agregaron.<\/p>\n<p>&nbsp;<\/p>\n<p>Incluso, un poco explica el fen\u00f3meno (en crecimiento) de Milei: <strong>\u201cdijo que lo que m\u00e1s hab\u00eda que cuidar eran las boletas de las urnas y r\u00e1pidamente hubo muchos ofrecimientos de fiscales. Es muy llamativo lo que pasa con Javier\u201d<\/strong>.<\/p>\n<p>&nbsp;<\/p>\n<p><img data-recalc-dims=\"1\" loading=\"lazy\" decoding=\"async\" class=\"size-large wp-image-93258 aligncenter\" src=\"https:\/\/i0.wp.com\/cdnoticias.com\/wp-content\/uploads\/2023\/08\/arouxet-decla.jpg?resize=800%2C445&#038;ssl=1\" alt=\"\" width=\"800\" height=\"445\" srcset=\"https:\/\/i0.wp.com\/cdnoticias.com\/wp-content\/uploads\/2023\/08\/arouxet-decla.jpg?resize=1024%2C570&amp;ssl=1 1024w, https:\/\/i0.wp.com\/cdnoticias.com\/wp-content\/uploads\/2023\/08\/arouxet-decla.jpg?resize=300%2C167&amp;ssl=1 300w, https:\/\/i0.wp.com\/cdnoticias.com\/wp-content\/uploads\/2023\/08\/arouxet-decla.jpg?resize=768%2C428&amp;ssl=1 768w, https:\/\/i0.wp.com\/cdnoticias.com\/wp-content\/uploads\/2023\/08\/arouxet-decla.jpg?resize=800%2C445&amp;ssl=1 800w, https:\/\/i0.wp.com\/cdnoticias.com\/wp-content\/uploads\/2023\/08\/arouxet-decla.jpg?w=1200&amp;ssl=1 1200w\" sizes=\"auto, (max-width: 800px) 100vw, 800px\" \/><\/p>\n<p>&nbsp;<\/p>\n<p>Celeste Arouxet fue la segunda m\u00e1s votada. Pero igualmente enfrenta <strong>un desaf\u00edo grande<\/strong> que la puede depositar en la intendencia de Olavarr\u00eda. Tiene varias ventajas incluso \u201ccorriendo de atr\u00e1s\u201d pero una gran debilidad que qued\u00f3 expuesta en la PASO: <strong>tuvo miles de votos menos que su candidato nacional<\/strong>. Muchos se fueron en corte a otros candidatos -por no decir la mayor\u00eda- y otros decidieron cortar y dejar el espacio en blanco a la intendencia. Es decir, <strong>debe reforzar su imagen y su contenido electoral local<\/strong>. Ella lo sabe y hacia all\u00ed dirige parte de su trabajo en esta etapa. En ese marco, trascendi\u00f3 que para esta semana tiene prevista una reuni\u00f3n en una localidad en la que no estuvo en la previa a las PASO.<\/p>\n<p>&nbsp;<\/p>\n<p>Pero las ventajas le dan otra expectativa y otro aire.<strong> Si Ezequiel Galli decide confrontar solamente con Maximiliano Wesner, el crecimiento de Arouxet puede ser inevitable.<\/strong> De hecho, la b\u00fasqueda de polarizar en una elecci\u00f3n de tercios y con una boleta tan competitiva, hoy, parece dif\u00edcil de generar resultados. Sin embargo, la campa\u00f1a es muy larga. No seamos ansiosos, reci\u00e9n pasaron dos semanas de las elecciones. Parece una vida ya.<\/p>\n<p>&nbsp;<\/p>\n<p><strong>*Un extracto<\/strong><\/p>\n<p>&nbsp;<\/p>\n<p>Esta publicaci\u00f3n es parte de la edici\u00f3n de este domingo del newsletter\u00a0Volver\u00a0a las\u00a0Fuentes\u00a0que escriben Alexis Grierson y Josefina Bargas. La edici\u00f3n completa est\u00e1\u00a0<em><a href=\"https:\/\/zcvrp-zgvfh.campaign-view.com\/ua\/SharedView?od=3ze8729c286f54973021ca849466b964f7fe34a331c7b811adb1aca9358666b9e7&amp;cno=11a2b0b1dc3adf5&amp;cd=1f099c43b6a9c470&amp;m=0\" target=\"_blank\" rel=\"noopener\" data-saferedirecturl=\"https:\/\/www.google.com\/url?q=https:\/\/zcvrp-zgvfh.campaign-view.com\/ua\/SharedView?od%3D3ze8729c286f54973021ca849466b964f7fe34a331c7b811adb1aca9358666b9e7%26cno%3D11a2b0b1dc3adf5%26cd%3D1f099c43b6a9c470%26m%3D0&amp;source=gmail&amp;ust=1693266038643000&amp;usg=AOvVaw3k159o3a_JR7_4EInK8E8E\">disponible aqu\u00ed<\/a><\/em>\u00a0y tiene un sistema de suscripci\u00f3n econ\u00f3mica y aportes \u00fanicos al que se puede\u00a0<a href=\"https:\/\/linktr.ee\/nhdp_valf\" target=\"_blank\" rel=\"noopener\" data-saferedirecturl=\"https:\/\/www.google.com\/url?q=https:\/\/linktr.ee\/nhdp_valf&amp;source=gmail&amp;ust=1693266038643000&amp;usg=AOvVaw2USPXjdufAS5BFKPzKtzuY\">acceder aqu\u00ed<\/a>.<\/p>\n","protected":false},"excerpt":{"rendered":"<p>Ezequiel Galli impuls\u00f3 medidas fuertes de gesti\u00f3n y retom\u00f3 la campa\u00f1a con salida a la calle. Hubo consecuencias no esperadas.<\/p>\n","protected":false},"author":4,"featured_media":93838,"comment_status":"closed","ping_status":"closed","sticky":false,"template":"","format":"standard","meta":{"_jetpack_memberships_contains_paid_content":false,"footnotes":""},"categories":[4,1],"tags":[],"class_list":["post-94440","post","type-post","status-publish","format-standard","has-post-thumbnail","hentry","category-politica","category-portada"],"jetpack_featured_media_url":"https:\/\/i0.wp.com\/cdnoticias.com\/wp-content\/uploads\/2023\/08\/ezequiel-hilario-galli-caputo-01.jpg?fit=1000%2C556&ssl=1","jetpack_sharing_enabled":true,"_links":{"self":[{"href":"https:\/\/cdnoticias.com\/index.php\/wp-json\/wp\/v2\/posts\/94440","targetHints":{"allow":["GET"]}}],"collection":[{"href":"https:\/\/cdnoticias.com\/index.php\/wp-json\/wp\/v2\/posts"}],"about":[{"href":"https:\/\/cdnoticias.com\/index.php\/wp-json\/wp\/v2\/types\/post"}],"author":[{"embeddable":true,"href":"https:\/\/cdnoticias.com\/index.php\/wp-json\/wp\/v2\/users\/4"}],"replies":[{"embeddable":true,"href":"https:\/\/cdnoticias.com\/index.php\/wp-json\/wp\/v2\/comments?post=94440"}],"version-history":[{"count":0,"href":"https:\/\/cdnoticias.com\/index.php\/wp-json\/wp\/v2\/posts\/94440\/revisions"}],"wp:featuredmedia":[{"embeddable":true,"href":"https:\/\/cdnoticias.com\/index.php\/wp-json\/wp\/v2\/media\/93838"}],"wp:attachment":[{"href":"https:\/\/cdnoticias.com\/index.php\/wp-json\/wp\/v2\/media?parent=94440"}],"wp:term":[{"taxonomy":"category","embeddable":true,"href":"https:\/\/cdnoticias.com\/index.php\/wp-json\/wp\/v2\/categories?post=94440"},{"taxonomy":"post_tag","embeddable":true,"href":"https:\/\/cdnoticias.com\/index.php\/wp-json\/wp\/v2\/tags?post=94440"}],"curies":[{"name":"wp","href":"https:\/\/api.w.org\/{rel}","templated":true}]}}