{"id":9442,"date":"2020-12-20T11:35:05","date_gmt":"2020-12-20T14:35:05","guid":{"rendered":"http:\/\/www.centraldenoticias.com.ar\/?p=9442"},"modified":"2020-12-20T11:35:05","modified_gmt":"2020-12-20T14:35:05","slug":"se-volaron-los-techos-de-dos-viviendas-en-colonia-nievas","status":"publish","type":"post","link":"https:\/\/cdnoticias.com\/index.php\/2020\/12\/20\/se-volaron-los-techos-de-dos-viviendas-en-colonia-nievas\/","title":{"rendered":"Se volaron los techos de dos viviendas en Colonia Nievas"},"content":{"rendered":"<p>El temporal de viento de la tarde del s\u00e1bado tambi\u00e9n afect\u00f3 a la localidad serrana. \u00c1rboles ca\u00eddos y da\u00f1os en el tendido el\u00e9ctrico sobre ruta 226.<!--more--><\/p>\n<hr \/>\n<p>El <strong>presidente de la Sociedad de Fomento de Colonia Nievas, Osvaldo Bugliese<\/strong>, inform\u00f3 a <strong>Central de Noticias<\/strong> que se registraron da\u00f1os en la localidad a causa del <a href=\"https:\/\/cdnoticias.com\/index.php\/2020\/12\/19\/alerta-por-viento-se-registraron-rafagas-de-92-kilometros-por-hora\/\" target=\"_blank\" rel=\"noopener\">temporal de viento<\/a> de la tarde del s\u00e1bado.<\/p>\n<blockquote><p>Se volaron los techos de dos viviendas y, afortunadamente, nadie result\u00f3 herido.<\/p><\/blockquote>\n<p><img data-recalc-dims=\"1\" loading=\"lazy\" decoding=\"async\" class=\"aligncenter wp-image-9444 size-large\" src=\"https:\/\/i0.wp.com\/cdnoticias.com\/wp-content\/uploads\/2020\/12\/colonia-nievas-2.jpeg?resize=800%2C600&#038;ssl=1\" alt=\"\" width=\"800\" height=\"600\" srcset=\"https:\/\/i0.wp.com\/cdnoticias.com\/wp-content\/uploads\/2020\/12\/colonia-nievas-2.jpeg?resize=1024%2C768&amp;ssl=1 1024w, https:\/\/i0.wp.com\/cdnoticias.com\/wp-content\/uploads\/2020\/12\/colonia-nievas-2.jpeg?resize=300%2C225&amp;ssl=1 300w, https:\/\/i0.wp.com\/cdnoticias.com\/wp-content\/uploads\/2020\/12\/colonia-nievas-2.jpeg?resize=768%2C576&amp;ssl=1 768w, https:\/\/i0.wp.com\/cdnoticias.com\/wp-content\/uploads\/2020\/12\/colonia-nievas-2.jpeg?w=1280&amp;ssl=1 1280w\" sizes=\"auto, (max-width: 800px) 100vw, 800px\" \/><\/p>\n<p>En tanto, <strong>varios \u00e1rboles cayeron<\/strong> y al igual que en el resto del distrito los mayores problemas fueron por las ramas que volaron.<\/p>\n<p>En cuanto al servicio de electricidad, los mayores problemas estuvieron en el<strong> tendido sobre la ruta 226<\/strong>. Explic\u00f3 que si bien los postes no cayeron, quedaron sostenidos por el cableado, lo que se interpret\u00f3 como un riesgo inminente.<\/p>\n<p>Bugliese recorri\u00f3 la localidad despu\u00e9s del temporal y dialog\u00f3 con los vecinos para verificar si se presentaban necesidades a fin de asistirlos.<\/p>\n<p><img data-recalc-dims=\"1\" loading=\"lazy\" decoding=\"async\" class=\"aligncenter wp-image-9445 size-large\" src=\"https:\/\/i0.wp.com\/cdnoticias.com\/wp-content\/uploads\/2020\/12\/colonia-nievas-3.jpeg?resize=800%2C600&#038;ssl=1\" alt=\"\" width=\"800\" height=\"600\" srcset=\"https:\/\/i0.wp.com\/cdnoticias.com\/wp-content\/uploads\/2020\/12\/colonia-nievas-3.jpeg?resize=1024%2C768&amp;ssl=1 1024w, https:\/\/i0.wp.com\/cdnoticias.com\/wp-content\/uploads\/2020\/12\/colonia-nievas-3.jpeg?resize=300%2C225&amp;ssl=1 300w, https:\/\/i0.wp.com\/cdnoticias.com\/wp-content\/uploads\/2020\/12\/colonia-nievas-3.jpeg?resize=768%2C576&amp;ssl=1 768w, https:\/\/i0.wp.com\/cdnoticias.com\/wp-content\/uploads\/2020\/12\/colonia-nievas-3.jpeg?w=1280&amp;ssl=1 1280w\" sizes=\"auto, (max-width: 800px) 100vw, 800px\" \/><\/p>\n<p>&nbsp;<\/p>\n<p><em>Fotos: Gentileza Osvaldo Bugliese<\/em><\/p>\n","protected":false},"excerpt":{"rendered":"<p>El temporal de viento de la tarde del s\u00e1bado tambi\u00e9n afect\u00f3 a la localidad serrana. \u00c1rboles ca\u00eddos y da\u00f1os en<\/p>\n","protected":false},"author":4,"featured_media":9443,"comment_status":"closed","ping_status":"closed","sticky":false,"template":"","format":"standard","meta":{"_jetpack_memberships_contains_paid_content":false,"footnotes":""},"categories":[5,1],"tags":[],"class_list":["post-9442","post","type-post","status-publish","format-standard","has-post-thumbnail","hentry","category-informacion-general","category-portada"],"jetpack_featured_media_url":"https:\/\/i0.wp.com\/cdnoticias.com\/wp-content\/uploads\/2020\/12\/colonia-nievas-1.jpeg?fit=1280%2C960&ssl=1","jetpack_sharing_enabled":true,"_links":{"self":[{"href":"https:\/\/cdnoticias.com\/index.php\/wp-json\/wp\/v2\/posts\/9442","targetHints":{"allow":["GET"]}}],"collection":[{"href":"https:\/\/cdnoticias.com\/index.php\/wp-json\/wp\/v2\/posts"}],"about":[{"href":"https:\/\/cdnoticias.com\/index.php\/wp-json\/wp\/v2\/types\/post"}],"author":[{"embeddable":true,"href":"https:\/\/cdnoticias.com\/index.php\/wp-json\/wp\/v2\/users\/4"}],"replies":[{"embeddable":true,"href":"https:\/\/cdnoticias.com\/index.php\/wp-json\/wp\/v2\/comments?post=9442"}],"version-history":[{"count":0,"href":"https:\/\/cdnoticias.com\/index.php\/wp-json\/wp\/v2\/posts\/9442\/revisions"}],"wp:featuredmedia":[{"embeddable":true,"href":"https:\/\/cdnoticias.com\/index.php\/wp-json\/wp\/v2\/media\/9443"}],"wp:attachment":[{"href":"https:\/\/cdnoticias.com\/index.php\/wp-json\/wp\/v2\/media?parent=9442"}],"wp:term":[{"taxonomy":"category","embeddable":true,"href":"https:\/\/cdnoticias.com\/index.php\/wp-json\/wp\/v2\/categories?post=9442"},{"taxonomy":"post_tag","embeddable":true,"href":"https:\/\/cdnoticias.com\/index.php\/wp-json\/wp\/v2\/tags?post=9442"}],"curies":[{"name":"wp","href":"https:\/\/api.w.org\/{rel}","templated":true}]}}