{"id":94357,"date":"2023-08-27T08:48:06","date_gmt":"2023-08-27T11:48:06","guid":{"rendered":"https:\/\/www.centraldenoticias.com.ar\/?p=94357"},"modified":"2023-08-27T08:48:06","modified_gmt":"2023-08-27T11:48:06","slug":"angel-seijo-angelito-q-e-p-d","status":"publish","type":"post","link":"https:\/\/cdnoticias.com\/index.php\/2023\/08\/27\/angel-seijo-angelito-q-e-p-d\/","title":{"rendered":"\u00c1ngel Seijo &#8220;Angelito&#8221; (Q.E.P.D.)"},"content":{"rendered":"<p>Falleci\u00f3 en Olavarr\u00eda el d\u00eda 26 de agosto de 2023 a los 99 a\u00f1os. Sus hijos Mar\u00eda Diana, Mar\u00eda Marta y Luis \u00c1ngel Seijo. Su hijo pol\u00edtico Gustavo Gil. Sus nietos Lucia y Juli\u00e1n Gil Seijo; Julia Balduzzi Seijo; Florencia\u00a0y Sebasti\u00e1n Seijo. Sus nietos pol\u00edticos. Sus bisnietos Amadeo, Vigo y Fausto; y dem\u00e1s deudos participan su fallecimiento.<\/p>\n<p>&nbsp;<\/p>\n<p>Velatorio: Espa\u00f1a 2942 departamento &#8220;B&#8221;. Comienza a las 8:00. Responso: Capilla Ardiente. Inhumaci\u00f3n: Cementerio Loma de Paz, domingo 27 a las 10:30. Servicio adherido a Coopelectric.<\/p>\n<p>&nbsp;<\/p>\n<p>Barrio en el que viv\u00eda: Vecino de Microcentro.<\/p>\n<p>Lugar de nacimiento: Nacido en Cachar\u00ed.<\/p>\n<p>Actividad que desarrollaba: Jubilado comerciante y productor agropecuario.<\/p>\n","protected":false},"excerpt":{"rendered":"<p>Falleci\u00f3 en Olavarr\u00eda el d\u00eda 26 de agosto de 2023 a los 99 a\u00f1os. Sus hijos Mar\u00eda Diana, Mar\u00eda Marta<\/p>\n","protected":false},"author":6,"featured_media":67646,"comment_status":"closed","ping_status":"closed","sticky":false,"template":"","format":"standard","meta":{"_jetpack_memberships_contains_paid_content":false,"footnotes":""},"categories":[10],"tags":[],"class_list":["post-94357","post","type-post","status-publish","format-standard","has-post-thumbnail","hentry","category-necrologicas"],"jetpack_featured_media_url":"https:\/\/i0.wp.com\/cdnoticias.com\/wp-content\/uploads\/2022\/10\/necrologicas-390-x-240.jpg?fit=390%2C240&ssl=1","jetpack_sharing_enabled":true,"_links":{"self":[{"href":"https:\/\/cdnoticias.com\/index.php\/wp-json\/wp\/v2\/posts\/94357","targetHints":{"allow":["GET"]}}],"collection":[{"href":"https:\/\/cdnoticias.com\/index.php\/wp-json\/wp\/v2\/posts"}],"about":[{"href":"https:\/\/cdnoticias.com\/index.php\/wp-json\/wp\/v2\/types\/post"}],"author":[{"embeddable":true,"href":"https:\/\/cdnoticias.com\/index.php\/wp-json\/wp\/v2\/users\/6"}],"replies":[{"embeddable":true,"href":"https:\/\/cdnoticias.com\/index.php\/wp-json\/wp\/v2\/comments?post=94357"}],"version-history":[{"count":0,"href":"https:\/\/cdnoticias.com\/index.php\/wp-json\/wp\/v2\/posts\/94357\/revisions"}],"wp:featuredmedia":[{"embeddable":true,"href":"https:\/\/cdnoticias.com\/index.php\/wp-json\/wp\/v2\/media\/67646"}],"wp:attachment":[{"href":"https:\/\/cdnoticias.com\/index.php\/wp-json\/wp\/v2\/media?parent=94357"}],"wp:term":[{"taxonomy":"category","embeddable":true,"href":"https:\/\/cdnoticias.com\/index.php\/wp-json\/wp\/v2\/categories?post=94357"},{"taxonomy":"post_tag","embeddable":true,"href":"https:\/\/cdnoticias.com\/index.php\/wp-json\/wp\/v2\/tags?post=94357"}],"curies":[{"name":"wp","href":"https:\/\/api.w.org\/{rel}","templated":true}]}}