{"id":94345,"date":"2023-08-28T17:16:57","date_gmt":"2023-08-28T20:16:57","guid":{"rendered":"https:\/\/www.centraldenoticias.com.ar\/?p=94345"},"modified":"2023-08-28T17:18:46","modified_gmt":"2023-08-28T20:18:46","slug":"se-realizo-el-encuentro-provincial-de-centros-de-formacion-de-la-cta-t","status":"publish","type":"post","link":"https:\/\/cdnoticias.com\/index.php\/2023\/08\/28\/se-realizo-el-encuentro-provincial-de-centros-de-formacion-de-la-cta-t\/","title":{"rendered":"Se realiz\u00f3 el encuentro provincial de Centros de Formaci\u00f3n de la CTA-T"},"content":{"rendered":"<p>Fue el pasado martes en la sede del CFL N\u00b0403 de la CTA, \u201cCarlos Alberto Moreno\u201d. Desde las conducciones de los centros se manifest\u00f3 la urgencia en la defensa de la educaci\u00f3n p\u00fablica.<!--more--><\/p>\n<hr \/>\n<p>El pasado martes en la sede del CFL N\u00b0403 de la CTA, \u201cCarlos Alberto Moreno\u201d se realiz\u00f3 el <strong>Plenario de Conducci\u00f3n de los CFL que forman parte del Convenio CTA<\/strong> (Provincia de Buenos Aires), con el Ministerio de Trabajo Provincial y la Direcci\u00f3n General de Cultura y Educaci\u00f3n. El encuentro estuvo a cargo de Richard Pais y Patricia Lezcano, responsables de la coordinaci\u00f3n de los centros de formaci\u00f3n de la CTA.<\/p>\n<p>&nbsp;<\/p>\n<p>En tanto, estuvieron presentes el Secretario General Adjunto, Ra\u00fal Calamante; Silvia Almaz\u00e1n, Secretaria de Formaci\u00f3n y Cristina Jonic, Directora de Programas de Formaci\u00f3n Laboral del Ministerio de Trabajo bonaerense.<\/p>\n<p>&nbsp;<\/p>\n<p>Cabe destacar que <strong>participaron los 13 equipos directivos y conducciones regionales de la CTA<\/strong> de la totalidad de los centros que, al d\u00eda de hoy, forman parte del convenio con la DGCyE y el Ministerio de Trabajo de la Provincia de Buenos Aires.<\/p>\n<p>&nbsp;<\/p>\n<p><img data-recalc-dims=\"1\" loading=\"lazy\" decoding=\"async\" class=\"aligncenter wp-image-94347 size-large\" src=\"https:\/\/i0.wp.com\/cdnoticias.com\/wp-content\/uploads\/2023\/08\/Plenaria.jpg?resize=800%2C600&#038;ssl=1\" alt=\"\" width=\"800\" height=\"600\" srcset=\"https:\/\/i0.wp.com\/cdnoticias.com\/wp-content\/uploads\/2023\/08\/Plenaria.jpg?resize=1024%2C768&amp;ssl=1 1024w, https:\/\/i0.wp.com\/cdnoticias.com\/wp-content\/uploads\/2023\/08\/Plenaria.jpg?resize=300%2C225&amp;ssl=1 300w, https:\/\/i0.wp.com\/cdnoticias.com\/wp-content\/uploads\/2023\/08\/Plenaria.jpg?resize=768%2C576&amp;ssl=1 768w, https:\/\/i0.wp.com\/cdnoticias.com\/wp-content\/uploads\/2023\/08\/Plenaria.jpg?w=1280&amp;ssl=1 1280w\" sizes=\"auto, (max-width: 800px) 100vw, 800px\" \/><\/p>\n<p>&nbsp;<\/p>\n<p>En el encuentro se debati\u00f3 la <strong>coyuntura actual y su incidencia en el mundo del trabajo y la formaci\u00f3n profesional y laboral.<\/strong> Se reconoci\u00f3 la importancia que tienen los centros de formaci\u00f3n en tanto espacios de conocimiento y reconocimiento de los derechos conquistados por la clase trabajadora, como lugar construcci\u00f3n de procesos formativos e identitarios que puedan impedir que se re-instaure un modelo econ\u00f3mico y pol\u00edtico de exclusi\u00f3n, as\u00ed como de la posibilidad de consolidar las redes de organizaci\u00f3n de los y las trabajadores\/a, sea cual sea el formato laboral.<\/p>\n<p>&nbsp;<\/p>\n<p>Desde las conducciones de los centros<strong> se manifest\u00f3 la urgencia en la defensa de la educaci\u00f3n p\u00fablica,<\/strong> de calidad, de construcci\u00f3n colectiva del conocimiento y para lo cual es vital motorizar todas las herramientas disponibles, que permita interrumpir el discurso hegem\u00f3nico que hace foco en lo individual y habilitar la visibilizaci\u00f3n y la potencia que tiene la organizaci\u00f3n de la comunidad. El encuentro cont\u00f3, en su habitual tramo de Formaci\u00f3n, con el valioso aporte de la Licenciada M\u00f3nica Sladogna, quien realiz\u00f3 una capacitaci\u00f3n en materia de Planificaci\u00f3n Estrat\u00e9gica y Construcci\u00f3n de Proyectos.<\/p>\n<p>&nbsp;<\/p>\n<p>Como parte de la demostraci\u00f3n de la potencia que tiene la formaci\u00f3n laboral, integrantes de la Cooperadora de la instituci\u00f3n (conformada por estudiantes, docentes y egresados\/as), estuvieron a cargo del desayuno y almuerzo, realizados en las instalaciones del CFL, donde tambi\u00e9n funcionan cursos del \u00e1rea de gastronom\u00eda.<\/p>\n","protected":false},"excerpt":{"rendered":"<p>Fue el pasado martes en la sede del CFL N\u00b0403 de la CTA, \u201cCarlos Alberto Moreno\u201d. Desde las conducciones de<\/p>\n","protected":false},"author":6,"featured_media":94346,"comment_status":"closed","ping_status":"closed","sticky":false,"template":"","format":"standard","meta":{"_jetpack_memberships_contains_paid_content":false,"footnotes":""},"categories":[5,1],"tags":[],"class_list":["post-94345","post","type-post","status-publish","format-standard","has-post-thumbnail","hentry","category-informacion-general","category-portada"],"jetpack_featured_media_url":"https:\/\/i0.wp.com\/cdnoticias.com\/wp-content\/uploads\/2023\/08\/Plenaria-I-toma-de-palabra-de-Raul-Calamante.jpg?fit=1280%2C656&ssl=1","jetpack_sharing_enabled":true,"_links":{"self":[{"href":"https:\/\/cdnoticias.com\/index.php\/wp-json\/wp\/v2\/posts\/94345","targetHints":{"allow":["GET"]}}],"collection":[{"href":"https:\/\/cdnoticias.com\/index.php\/wp-json\/wp\/v2\/posts"}],"about":[{"href":"https:\/\/cdnoticias.com\/index.php\/wp-json\/wp\/v2\/types\/post"}],"author":[{"embeddable":true,"href":"https:\/\/cdnoticias.com\/index.php\/wp-json\/wp\/v2\/users\/6"}],"replies":[{"embeddable":true,"href":"https:\/\/cdnoticias.com\/index.php\/wp-json\/wp\/v2\/comments?post=94345"}],"version-history":[{"count":0,"href":"https:\/\/cdnoticias.com\/index.php\/wp-json\/wp\/v2\/posts\/94345\/revisions"}],"wp:featuredmedia":[{"embeddable":true,"href":"https:\/\/cdnoticias.com\/index.php\/wp-json\/wp\/v2\/media\/94346"}],"wp:attachment":[{"href":"https:\/\/cdnoticias.com\/index.php\/wp-json\/wp\/v2\/media?parent=94345"}],"wp:term":[{"taxonomy":"category","embeddable":true,"href":"https:\/\/cdnoticias.com\/index.php\/wp-json\/wp\/v2\/categories?post=94345"},{"taxonomy":"post_tag","embeddable":true,"href":"https:\/\/cdnoticias.com\/index.php\/wp-json\/wp\/v2\/tags?post=94345"}],"curies":[{"name":"wp","href":"https:\/\/api.w.org\/{rel}","templated":true}]}}