{"id":9433,"date":"2020-12-19T20:40:51","date_gmt":"2020-12-19T23:40:51","guid":{"rendered":"http:\/\/www.centraldenoticias.com.ar\/?p=9433"},"modified":"2020-12-19T20:40:51","modified_gmt":"2020-12-19T23:40:51","slug":"le-pido-a-la-gente-que-no-salga-a-caminar-a-los-parques","status":"publish","type":"post","link":"https:\/\/cdnoticias.com\/index.php\/2020\/12\/19\/le-pido-a-la-gente-que-no-salga-a-caminar-a-los-parques\/","title":{"rendered":"\u201cLe pido a la gente que no salga a caminar a los parques\u201d"},"content":{"rendered":"<p>&nbsp;<\/p>\n<p>As\u00ed lo expres\u00f3 el Intendente en la conferencia de prensa sobre los alcances de la tormenta de viento que azot\u00f3 a Olavarr\u00eda. Destac\u00f3 el trabajo realizado, las tareas que faltan y la comunicaci\u00f3n con la Provincia.<!--more--><\/p>\n<hr \/>\n<p>El intendente Ezequiel Galli encabez\u00f3 una conferencia de prensa en el cuartel central de Bomberos Voluntarios. Estuvo acompa\u00f1ado de los jefes del destacamento y de Defensa Civil. Juntos, brindaron un <a href=\"https:\/\/cdnoticias.com\/index.php\/2020\/12\/19\/alerta-por-vientos-esto-no-ha-pasado-del-todo-todavia\/\" target=\"_blank\" rel=\"noopener\">exhaustivo detalle de las intervenciones realizadas y los da\u00f1os<\/a> provocados por la <a href=\"https:\/\/cdnoticias.com\/index.php\/2020\/12\/19\/alerta-por-viento-se-registraron-rafagas-de-92-kilometros-por-hora\/\" target=\"_blank\" rel=\"noopener\">tormenta de viento que se registr\u00f3 este s\u00e1bado en nuestra ciudad.<\/a><\/p>\n<p>&nbsp;<\/p>\n<p>Uno de los pedidos \u201cpersonales\u201d que realiz\u00f3 Galli fue <strong><em>\u201cque la gente no salga esta noche y ma\u00f1ana a caminar a los parques. Hay muchos gajos que pueden haber quedado flojos y vamos a tener a mucha gente trabajando\u201d.<\/em><\/strong><\/p>\n<p>&nbsp;<\/p>\n<p>Adem\u00e1s, se\u00f1al\u00f3 que <strong><em>\u201clos vecinos que todav\u00eda est\u00e1n sin energ\u00eda que tengan paciencia. Estamos trabajando para solucionar todos los reclamos\u201d.<\/em><\/strong><\/p>\n<p>&nbsp;<\/p>\n<p>Seg\u00fan los informes recibidos hasta el momento por el Comit\u00e9 de Crisis <em>\u201cno habr\u00eda que evacuar a nadie. Si bien son voladuras de techos, mucho ya se est\u00e1 arreglando\u201d<\/em>, asegur\u00f3 el intendente y <strong>agradeci\u00f3 la predisposici\u00f3n de la Provincia<\/strong> a trav\u00e9s <em>\u201cde un llamado que recib\u00ed de Federico Aguilera para ponerse a disposici\u00f3n y proveer materiales si es necesario\u201d.<\/em><\/p>\n<p>&nbsp;<\/p>\n<p><img data-recalc-dims=\"1\" loading=\"lazy\" decoding=\"async\" class=\"alignnone size-full wp-image-9428\" src=\"https:\/\/i0.wp.com\/cdnoticias.com\/wp-content\/uploads\/2020\/12\/conferenciatemporal4.jpg?resize=800%2C600&#038;ssl=1\" alt=\"\" width=\"800\" height=\"600\" srcset=\"https:\/\/i0.wp.com\/cdnoticias.com\/wp-content\/uploads\/2020\/12\/conferenciatemporal4.jpg?w=4032&amp;ssl=1 4032w, https:\/\/i0.wp.com\/cdnoticias.com\/wp-content\/uploads\/2020\/12\/conferenciatemporal4.jpg?resize=300%2C225&amp;ssl=1 300w, https:\/\/i0.wp.com\/cdnoticias.com\/wp-content\/uploads\/2020\/12\/conferenciatemporal4.jpg?resize=768%2C576&amp;ssl=1 768w, https:\/\/i0.wp.com\/cdnoticias.com\/wp-content\/uploads\/2020\/12\/conferenciatemporal4.jpg?resize=1024%2C768&amp;ssl=1 1024w, https:\/\/i0.wp.com\/cdnoticias.com\/wp-content\/uploads\/2020\/12\/conferenciatemporal4.jpg?w=1600&amp;ssl=1 1600w, https:\/\/i0.wp.com\/cdnoticias.com\/wp-content\/uploads\/2020\/12\/conferenciatemporal4.jpg?w=2400&amp;ssl=1 2400w\" sizes=\"auto, (max-width: 800px) 100vw, 800px\" \/><\/p>\n<p>&nbsp;<\/p>\n<p><strong>Una tormenta particular<\/strong><\/p>\n<p>&nbsp;<\/p>\n<p>El jefe comunal destac\u00f3 las caracter\u00edsticas de este temporal que llam\u00f3 la atenci\u00f3n de todos, debido a que<strong><em> \u201cno hubo una franja como suele suceder en este tipo de tormentas\u201d<\/em><\/strong> y record\u00f3 el fen\u00f3meno que se registr\u00f3 en el a\u00f1o 2011 cuando la ciudad sufri\u00f3 numerosos da\u00f1os a ra\u00edz de un temporal.<\/p>\n<p>&nbsp;<\/p>\n<p>En este caso,<strong> la afectaci\u00f3n fue generalizada en todo el Partido y en ciudades vecinas.<\/strong> En ese sentido, el Jefe del Cuerpo de Bomberos Voluntarios, Comandante General Ra\u00fal Ferreira, ampli\u00f3 que <strong><em>\u201chubo ca\u00edda de plantas, postes, pero no as\u00ed voladuras de techos en las localidades. Lo principal es que no hubo v\u00edctimas ni lastimados\u201d.<\/em><\/strong><\/p>\n<p>&nbsp;<\/p>\n<p>Por su parte, Adri\u00e1n Guevara, titular de Defensa Civil, elogi\u00f3 el<strong> nuevo sistema de alerta del Servicio Meteorol\u00f3gico.<\/strong> <em>\u201cEs mucho m\u00e1s espec\u00edfico\u201d<\/em> y los cambios permiten que <em>\u201cal estar integrados en una regi\u00f3n m\u00e1s peque\u00f1a, hay otros instrumentos para que sea m\u00e1s eficaz y m\u00e1s certero\u201d, <\/em>concluy\u00f3.<\/p>\n","protected":false},"excerpt":{"rendered":"<p>&nbsp; As\u00ed lo expres\u00f3 el Intendente en la conferencia de prensa sobre los alcances de la tormenta de viento que<\/p>\n","protected":false},"author":2,"featured_media":9429,"comment_status":"closed","ping_status":"closed","sticky":false,"template":"","format":"standard","meta":{"_jetpack_memberships_contains_paid_content":false,"footnotes":""},"categories":[5,1],"tags":[],"class_list":["post-9433","post","type-post","status-publish","format-standard","has-post-thumbnail","hentry","category-informacion-general","category-portada"],"jetpack_featured_media_url":"https:\/\/i0.wp.com\/cdnoticias.com\/wp-content\/uploads\/2020\/12\/conferenciatemporal7.jpg?fit=1280%2C853&ssl=1","jetpack_sharing_enabled":true,"_links":{"self":[{"href":"https:\/\/cdnoticias.com\/index.php\/wp-json\/wp\/v2\/posts\/9433","targetHints":{"allow":["GET"]}}],"collection":[{"href":"https:\/\/cdnoticias.com\/index.php\/wp-json\/wp\/v2\/posts"}],"about":[{"href":"https:\/\/cdnoticias.com\/index.php\/wp-json\/wp\/v2\/types\/post"}],"author":[{"embeddable":true,"href":"https:\/\/cdnoticias.com\/index.php\/wp-json\/wp\/v2\/users\/2"}],"replies":[{"embeddable":true,"href":"https:\/\/cdnoticias.com\/index.php\/wp-json\/wp\/v2\/comments?post=9433"}],"version-history":[{"count":0,"href":"https:\/\/cdnoticias.com\/index.php\/wp-json\/wp\/v2\/posts\/9433\/revisions"}],"wp:featuredmedia":[{"embeddable":true,"href":"https:\/\/cdnoticias.com\/index.php\/wp-json\/wp\/v2\/media\/9429"}],"wp:attachment":[{"href":"https:\/\/cdnoticias.com\/index.php\/wp-json\/wp\/v2\/media?parent=9433"}],"wp:term":[{"taxonomy":"category","embeddable":true,"href":"https:\/\/cdnoticias.com\/index.php\/wp-json\/wp\/v2\/categories?post=9433"},{"taxonomy":"post_tag","embeddable":true,"href":"https:\/\/cdnoticias.com\/index.php\/wp-json\/wp\/v2\/tags?post=9433"}],"curies":[{"name":"wp","href":"https:\/\/api.w.org\/{rel}","templated":true}]}}