{"id":94322,"date":"2023-08-26T14:32:28","date_gmt":"2023-08-26T17:32:28","guid":{"rendered":"https:\/\/www.centraldenoticias.com.ar\/?p=94322"},"modified":"2023-08-26T19:00:32","modified_gmt":"2023-08-26T22:00:32","slug":"en-bicicleta-al-pueblo-de-su-papa-por-una-promesa-emocion-en-blanca-grande","status":"publish","type":"post","link":"https:\/\/cdnoticias.com\/index.php\/2023\/08\/26\/en-bicicleta-al-pueblo-de-su-papa-por-una-promesa-emocion-en-blanca-grande\/","title":{"rendered":"En bicicleta al pueblo de su pap\u00e1 por una promesa: emoci\u00f3n en Blanca Grande"},"content":{"rendered":"<p>J\u00e9sica y Carla regresaron despu\u00e9s de m\u00e1s 30 a\u00f1os. Pedalearon por las mismas calles donde crecieron sus abuelos, su padre y su t\u00eda. La experiencia super\u00f3 todas sus expectativas.<!--more--><\/p>\n<hr \/>\n<p>Desde que eran muy chicas,<strong> J\u00e9sica y Carla Recio escuchaban las historias de su pap\u00e1 sobre su infancia en Blanca Grande<\/strong>. Cada verano iban a la casa de sus abuelos y sus t\u00edos, dejaban la vida de ciudad y caminaban cada cuadra admiradas por los paisajes y la tranquilidad. <strong>Desde hac\u00eda al menos 30 a\u00f1os no hab\u00edan vuelto a pasar por all\u00ed.<\/strong><\/p>\n<p>&nbsp;<\/p>\n<p><strong>El d\u00eda en que se llevaron a cabo las PASO, supieron que la escuela rural en la que estudi\u00f3 su padre iba a estar abierta, y decidieron cumplir la promesa que le hab\u00edan hecho<\/strong>: volver a pasar por el colegio. La bienvenida que les dieron fue incre\u00edble, y super\u00f3 todas sus expectativas. <em>\u201c\u00c9ramos la gran noticia para los 74 habitantes, ver pedalear a alguien fue todo un acontecimiento, y nos ofrecieron todo lo que ten\u00edan a su disposici\u00f3n\u201d contaron.<\/em><\/p>\n<p>&nbsp;<\/p>\n<p>A las 10 de la ma\u00f1ana fueron a votar en una escuela de Olavarr\u00eda donde J\u00e9sica da clases -es docente de educaci\u00f3n secundaria de adultos-, y luego encararon los 80 kil\u00f3metros a trav\u00e9s de la Ruta Nacional 226. A la altura del puente de Blanca Grande, en el kil\u00f3metro 380, ingresaron al destino que sab\u00edan las iba a reconectar con las ra\u00edces de su pap\u00e1, quien muri\u00f3 en 2021. Luego de 10 kil\u00f3metros de tierra,<strong> vislumbraron la Escuela Primaria N\u00ba 75 \u201cJuan Uhalde\u201d<\/strong>, con las puertas abiertas. <strong>Las recibieron cinco mujeres que estaban cumpliendo sus funciones<\/strong> en el d\u00eda electoral como autoridades designadas, y reaccionaron con absoluta<strong> sorpresa y alegr\u00eda<\/strong> cuando supieron el motivo de su visita.<\/p>\n<p>&nbsp;<\/p>\n<blockquote><p>\u201cLes contamos que somos hijas de un exalumno, Carlos Recio. Nos escuchaban atentos el polic\u00eda y el personal del ej\u00e9rcito que custodiaban la urna. Se nos empezaron a poner los ojos brillosos a todos, y el lugar se hizo gigante de tanta emoci\u00f3n\u201d, expresa J\u00e9sica, conmovida por todo lo que pas\u00f3 en unas pocas horas. Ten\u00eda 5 a\u00f1os cuando recorr\u00eda a pie desde la capilla hasta el almac\u00e9n de ramos generales, pasaba por la estaci\u00f3n del tren y todo le parec\u00eda \u201cm\u00e1gico\u201d. Sent\u00eda que era una localidad enorme porque ve\u00eda el horizonte por todos los puntos cardinales. \u201cAhora tengo 42, mi hermana 43, y fue como ser ni\u00f1as de nuevo cuando salimos a ver las seis cuadras que componen Blanca Grande, porque en cada una hay algo distinto\u201d, describe.<\/p><\/blockquote>\n<p>&nbsp;<\/p>\n<p><img data-recalc-dims=\"1\" loading=\"lazy\" decoding=\"async\" class=\"size-full wp-image-94323 aligncenter\" src=\"https:\/\/i0.wp.com\/cdnoticias.com\/wp-content\/uploads\/2023\/08\/blanca-grande-bici-00.jpg?resize=800%2C445&#038;ssl=1\" alt=\"\" width=\"800\" height=\"445\" srcset=\"https:\/\/i0.wp.com\/cdnoticias.com\/wp-content\/uploads\/2023\/08\/blanca-grande-bici-00.jpg?w=800&amp;ssl=1 800w, https:\/\/i0.wp.com\/cdnoticias.com\/wp-content\/uploads\/2023\/08\/blanca-grande-bici-00.jpg?resize=300%2C167&amp;ssl=1 300w, https:\/\/i0.wp.com\/cdnoticias.com\/wp-content\/uploads\/2023\/08\/blanca-grande-bici-00.jpg?resize=768%2C427&amp;ssl=1 768w\" sizes=\"auto, (max-width: 800px) 100vw, 800px\" \/><\/p>\n<p>&nbsp;<\/p>\n<p>En esas tierras nacieron sus abuelos, su padre y su t\u00eda, as\u00ed que <strong>cada rinc\u00f3n resguarda recuerdos de la familia<\/strong>. \u201cMi pap\u00e1 hizo ah\u00ed toda la primaria, y despu\u00e9s se mud\u00f3 a Olavarr\u00eda, pero nunca se olvid\u00f3 de que ah\u00ed aprendi\u00f3 las tablas, era un experto en multiplicaci\u00f3n, y siempre<strong> nos ense\u00f1\u00f3 que ten\u00edamos que darle valor a la educaci\u00f3n<\/strong>, que a \u00e9l lo forj\u00f3 para siempre\u201d, destaca.<\/p>\n<p>&nbsp;<\/p>\n<p>Esa filosof\u00eda de vida fue la que le inculc\u00f3 a ella y a sus tres hermanos, y es la que la impuls\u00f3 a pensar en su futuro. \u201cEstudi\u00e9 Administraci\u00f3n de Empresas, me recib\u00ed, despu\u00e9s hice la carrera de Derecho y rend\u00ed las materias did\u00e1cticas para la docencia, as\u00ed que tuvo mucho que ver lo que me transmitieron en mi casa en cuanto a constancia y vocaci\u00f3n\u201d, confiesa. Y agrega: \u201cDar clases me acerc\u00f3 m\u00e1s a lo social porque es un intercambio donde es muy importante escuchar al otro y comunicar los conocimientos. Creo que as\u00ed como ellos incorporan determinados conceptos, yo tambi\u00e9n aprendo todos los d\u00edas de mis alumnos\u201d.<\/p>\n<p>&nbsp;<\/p>\n<h2>El famoso busto de Sarmiento<\/h2>\n<p>&nbsp;<\/p>\n<p>Miles de veces escucharon a su padre nombrar<strong> \u201cel busto de Sarmiento\u201d, a tal punto que se volvi\u00f3 famoso en las cenas familiares.<\/strong> Se refer\u00eda a un monumento que se encuentra en el patio de la escuela, y lo mencionaba cada vez que se portaban mal porque ese<strong> era el rinc\u00f3n en el que \u00e9l se sentaba si hab\u00eda hecho alguna travesura<\/strong>. Ellas so\u00f1aban con tomar unos mates justo en ese lugar, y rendirle tributo a la cantidad de veces que estuvo ah\u00ed. <em>\u201cLas se\u00f1oras se acordaban de nuestro pap\u00e1, empezaron a contarnos historias de \u00e9l, nos dec\u00edan: \u2018\u00bfC\u00f3mo nos vamos a olvidar de Carlitos?\u2019, porque era re inquieto, y empezaron a aparecer vecinos que lo hab\u00edan conocido, nos se\u00f1alaban d\u00f3nde estaba la casa donde viv\u00eda, y se emocionaban cuando sab\u00edan que \u00e9ramos sus hijas\u201d<\/em>, relata.<\/p>\n<p>&nbsp;<\/p>\n<p>Preguntaron cu\u00e1ntas personas viven en la localidad, y les contaron que en 2022 realizaron un censo local y registraron un total de 74 habitantes, y si se consideran las \u00e1reas rurales cercanas alcanzan los 91. <strong>En la primaria hay 10 estudiantes actualmente, con doble jornada<\/strong>, un n\u00famero prometedor si se considera la totalidad de la poblaci\u00f3n. <em>\u201cNos dijeron que les alegramos el d\u00eda, que pensaron que iba a ser una jornada de votaci\u00f3n normal, pero nuestra visita las hizo felices<\/em>, y eso para nosotras fue un regalo inmenso, porque a veces no somos conscientes de cu\u00e1nto puede significar un gesto para el otro\u201d, reflexiona.<\/p>\n<p>&nbsp;<\/p>\n<blockquote><p>Les dijeron que su llegada representaba una \u201cbocanada de esperanza y alegr\u00eda\u201d, y que anhelaban que alguna vez sus hijos o nietos tambi\u00e9n vuelvan a su querencia. La bondad, dulzura y sentido de pertenencia con el que les hablaban las conmov\u00eda en cada conversaci\u00f3n con los residentes. Y J\u00e9sica se sorprendi\u00f3 a\u00fan m\u00e1s cuando habl\u00f3 con el joven militar que estaba de custodio, y al mirarlo con detenimiento le vio cara conocida. \u201cResulta que era un alumno m\u00edo, que hab\u00eda tomado clases en la escuela donde yo ense\u00f1o, y eso me pareci\u00f3 incre\u00edble, fue la definici\u00f3n literal de que el mundo es un pa\u00f1uelo, porque justo le toc\u00f3 estar ah\u00ed\u201d, revela asombrada.<\/p><\/blockquote>\n<p>&nbsp;<\/p>\n<p><img data-recalc-dims=\"1\" loading=\"lazy\" decoding=\"async\" class=\"size-full wp-image-94325 aligncenter\" src=\"https:\/\/i0.wp.com\/cdnoticias.com\/wp-content\/uploads\/2023\/08\/blanca-grande-bici-02.jpg?resize=800%2C446&#038;ssl=1\" alt=\"\" width=\"800\" height=\"446\" srcset=\"https:\/\/i0.wp.com\/cdnoticias.com\/wp-content\/uploads\/2023\/08\/blanca-grande-bici-02.jpg?w=800&amp;ssl=1 800w, https:\/\/i0.wp.com\/cdnoticias.com\/wp-content\/uploads\/2023\/08\/blanca-grande-bici-02.jpg?resize=300%2C167&amp;ssl=1 300w, https:\/\/i0.wp.com\/cdnoticias.com\/wp-content\/uploads\/2023\/08\/blanca-grande-bici-02.jpg?resize=768%2C428&amp;ssl=1 768w\" sizes=\"auto, (max-width: 800px) 100vw, 800px\" \/><\/p>\n<p>&nbsp;<\/p>\n<p><strong>La cordialidad y la vocaci\u00f3n de servicio<\/strong> fue la caracter\u00edstica que se repiti\u00f3 en cada charla. \u201cNos ofrec\u00edan el ba\u00f1o de sus casas. Nos quer\u00edan calentar agua para los termos, nos se\u00f1alaban d\u00f3nde viv\u00edan para que pasemos, gente tan pero tan linda que nos dio una retribuci\u00f3n constante de amabilidad\u201d, sentencia.<\/p>\n<p>&nbsp;<\/p>\n<p>Antes de sacar el equipo matero para cumplir con la promesa, sacaron sus bicis plegables para pasear y sacar algunas fotos que hagan eterno el momento. Ambas tienen experiencia en cicloturismo -J\u00e9sica sube sus experiencias en la cuenta de Instagram @bicicleteandoenolavarria-, pero esta vez fue totalmente diferente por el viaje emocional que represent\u00f3 para ambas. \u201cLas personas sal\u00edan de sus casas para conocernos.<strong> Tambi\u00e9n se nos acercaron dos nenes que estaban fascinados con nuestras bicicletas, y nos preguntaron para qu\u00e9 hab\u00edamos ido y les cont\u00e9: \u201cVinimos a conocer la escuela a la que fue mi pap\u00e1, la misma a la que van ustedes ahora\u2019\u201d<\/strong>, comenta.<\/p>\n<p>&nbsp;<\/p>\n<p>Fuente y fotos: <em>Infobae<\/em><\/p>\n<p>&nbsp;<\/p>\n","protected":false},"excerpt":{"rendered":"<p>J\u00e9sica y Carla regresaron despu\u00e9s de m\u00e1s 30 a\u00f1os. Pedalearon por las mismas calles donde crecieron sus abuelos, su padre<\/p>\n","protected":false},"author":4,"featured_media":94324,"comment_status":"closed","ping_status":"closed","sticky":false,"template":"","format":"standard","meta":{"_jetpack_memberships_contains_paid_content":false,"footnotes":""},"categories":[5,1],"tags":[],"class_list":["post-94322","post","type-post","status-publish","format-standard","has-post-thumbnail","hentry","category-informacion-general","category-portada"],"jetpack_featured_media_url":"https:\/\/i0.wp.com\/cdnoticias.com\/wp-content\/uploads\/2023\/08\/blanca-grande-bici-01.jpg?fit=800%2C445&ssl=1","jetpack_sharing_enabled":true,"_links":{"self":[{"href":"https:\/\/cdnoticias.com\/index.php\/wp-json\/wp\/v2\/posts\/94322","targetHints":{"allow":["GET"]}}],"collection":[{"href":"https:\/\/cdnoticias.com\/index.php\/wp-json\/wp\/v2\/posts"}],"about":[{"href":"https:\/\/cdnoticias.com\/index.php\/wp-json\/wp\/v2\/types\/post"}],"author":[{"embeddable":true,"href":"https:\/\/cdnoticias.com\/index.php\/wp-json\/wp\/v2\/users\/4"}],"replies":[{"embeddable":true,"href":"https:\/\/cdnoticias.com\/index.php\/wp-json\/wp\/v2\/comments?post=94322"}],"version-history":[{"count":0,"href":"https:\/\/cdnoticias.com\/index.php\/wp-json\/wp\/v2\/posts\/94322\/revisions"}],"wp:featuredmedia":[{"embeddable":true,"href":"https:\/\/cdnoticias.com\/index.php\/wp-json\/wp\/v2\/media\/94324"}],"wp:attachment":[{"href":"https:\/\/cdnoticias.com\/index.php\/wp-json\/wp\/v2\/media?parent=94322"}],"wp:term":[{"taxonomy":"category","embeddable":true,"href":"https:\/\/cdnoticias.com\/index.php\/wp-json\/wp\/v2\/categories?post=94322"},{"taxonomy":"post_tag","embeddable":true,"href":"https:\/\/cdnoticias.com\/index.php\/wp-json\/wp\/v2\/tags?post=94322"}],"curies":[{"name":"wp","href":"https:\/\/api.w.org\/{rel}","templated":true}]}}