{"id":9432,"date":"2020-12-19T20:39:49","date_gmt":"2020-12-19T23:39:49","guid":{"rendered":"http:\/\/www.centraldenoticias.com.ar\/?p=9432"},"modified":"2020-12-20T09:46:43","modified_gmt":"2020-12-20T12:46:43","slug":"alerta-por-vientos-esto-no-ha-pasado-del-todo-todavia","status":"publish","type":"post","link":"https:\/\/cdnoticias.com\/index.php\/2020\/12\/19\/alerta-por-vientos-esto-no-ha-pasado-del-todo-todavia\/","title":{"rendered":"Alerta por vientos: \u201cEsto no ha pasado del todo todav\u00eda\u201d"},"content":{"rendered":"<p>El intendente Ezequiel Galli, junto a integrantes del Comit\u00e9 de Crisis, encabezaron una conferencia de prensa en el Cuartel de Bomberos Voluntarios.<\/p>\n<p><!--more--><\/p>\n<hr \/>\n<p><strong>\u201cActuamos en las peores condiciones, corriendo serios riegos\u201d<\/strong>. De esa manera el comandante general Ra\u00fal Ferrera, Jefe del Cuerpo Activo de Bomberos Voluntarios, narr\u00f3 las tareas que fueron desarrolladas en distintos puntos del partido de Olavarr\u00eda para atender las emergencias e inconvenientes provocados por el temporal de viento que a\u00fan azota Olavarr\u00eda.<\/p>\n<p>&nbsp;<\/p>\n<p>Se trat\u00f3 del primero de los oradores de la conferencia de prense iniciada minutos despu\u00e9s de las 20 en el cuartel central de bomberos voluntarios. El intendente Ezequiel fue quien realiz\u00f3 una breve introducci\u00f3n en la que puso el acento en que el comit\u00e9 de crisis <strong>\u201choy demostr\u00f3 estar a la altura de las circunstancias\u201d, para ya luego ceder la palabra a Ferreyra.<\/strong><\/p>\n<p>&nbsp;<\/p>\n<p><img data-recalc-dims=\"1\" loading=\"lazy\" decoding=\"async\" class=\"alignnone size-large wp-image-9427\" src=\"https:\/\/i0.wp.com\/cdnoticias.com\/wp-content\/uploads\/2020\/12\/conferenciatemporal5.jpg?resize=800%2C600&#038;ssl=1\" alt=\"\" width=\"800\" height=\"600\" srcset=\"https:\/\/i0.wp.com\/cdnoticias.com\/wp-content\/uploads\/2020\/12\/conferenciatemporal5.jpg?resize=1024%2C768&amp;ssl=1 1024w, https:\/\/i0.wp.com\/cdnoticias.com\/wp-content\/uploads\/2020\/12\/conferenciatemporal5.jpg?resize=300%2C225&amp;ssl=1 300w, https:\/\/i0.wp.com\/cdnoticias.com\/wp-content\/uploads\/2020\/12\/conferenciatemporal5.jpg?resize=768%2C576&amp;ssl=1 768w, https:\/\/i0.wp.com\/cdnoticias.com\/wp-content\/uploads\/2020\/12\/conferenciatemporal5.jpg?w=1600&amp;ssl=1 1600w, https:\/\/i0.wp.com\/cdnoticias.com\/wp-content\/uploads\/2020\/12\/conferenciatemporal5.jpg?w=2400&amp;ssl=1 2400w\" sizes=\"auto, (max-width: 800px) 100vw, 800px\" \/><\/p>\n<p>&nbsp;<\/p>\n<p><strong>\u201cHoy hemos tenido una jornada agitada, tuvimos que actuar en las peores condiciones, corr\u00edamos serios riesgos\u201d<\/strong>, narr\u00f3 el jefe del Cuerpo Activo de Bomberos Voluntarios, quien precis\u00f3 que tanto sumando las comunicaciones recibidas tanto en el Cuartel Central como en los destacamentos en las localidades se recibieron \u201c165 llamados por distintos tipos de servicios\u201d.<\/p>\n<p>&nbsp;<\/p>\n<p>En ese sentido precis\u00f3 que se llevaron adelante<strong> \u201c70 servicios, priorizando las voladuras de techos. Se contabiliz\u00f3 40 auxilios en viviendas\u201d<\/strong>, precis\u00f3 a medida que describi\u00f3 la asistencia a partir de voladuras o complicaciones por postes en torno a domicilios. \u201cUna tarea tit\u00e1nica\u201d, defini\u00f3.<\/p>\n<p>&nbsp;<\/p>\n<p><strong>\u201cAlrededor de 30 ca\u00eddas de plantas, cortando calles, o sobre coches y viviendas\u201d<\/strong>, a\u00f1adi\u00f3 y detall\u00f3 que la situaci\u00f3n amerit\u00f3 la puesta en funcionamiento de 11 unidades y 65 integrantes del cuerpo activo que trabajaron \u201ca destajo total, a\u00fan sabiendo que la situaci\u00f3n en el exterior era de m\u00e1ximo riesgo\u201d<\/p>\n<p>&nbsp;<\/p>\n<p><em><strong>\u201cDebemos estar prevenidos y preparados\u201d<\/strong><\/em><\/p>\n<p>&nbsp;<\/p>\n<p>Otro de los oradores de la rueda de prensa fue el director de Defensa Civil, Adri\u00e1n Guevara, quien revel\u00f3 que gracias al Sistema de Alerta Temprana del Servicio Meteorol\u00f3gico Nacional, e inclusive comunicaciones desde Defensa Civil de la provincia de Buenos Aires, se encontraban prevenidos de la situaci\u00f3n. <strong>\u201cEst\u00e1bamos preparados\u201d<\/strong>, enfatiz\u00f3.<\/p>\n<p>&nbsp;<\/p>\n<p>Tal cual fue narrado m\u00e1s temprano, ratific\u00f3 que en Olavarr\u00eda se registraron r\u00e1fagas m\u00e1ximas de 92 kil\u00f3metros por hora y que, con el arribo de la tarde, los vientos comenzaron a mermar. No obstante, <strong>si bien descendi\u00f3 de naranja a amarillo, el alerta persiste<\/strong>.<\/p>\n<p>&nbsp;<\/p>\n<p><img data-recalc-dims=\"1\" loading=\"lazy\" decoding=\"async\" class=\"alignnone size-large wp-image-9430\" src=\"https:\/\/i0.wp.com\/cdnoticias.com\/wp-content\/uploads\/2020\/12\/conferenciatemporal6.jpg?resize=800%2C533&#038;ssl=1\" alt=\"\" width=\"800\" height=\"533\" srcset=\"https:\/\/i0.wp.com\/cdnoticias.com\/wp-content\/uploads\/2020\/12\/conferenciatemporal6.jpg?resize=1024%2C682&amp;ssl=1 1024w, https:\/\/i0.wp.com\/cdnoticias.com\/wp-content\/uploads\/2020\/12\/conferenciatemporal6.jpg?resize=300%2C200&amp;ssl=1 300w, https:\/\/i0.wp.com\/cdnoticias.com\/wp-content\/uploads\/2020\/12\/conferenciatemporal6.jpg?resize=768%2C512&amp;ssl=1 768w, https:\/\/i0.wp.com\/cdnoticias.com\/wp-content\/uploads\/2020\/12\/conferenciatemporal6.jpg?resize=272%2C182&amp;ssl=1 272w, https:\/\/i0.wp.com\/cdnoticias.com\/wp-content\/uploads\/2020\/12\/conferenciatemporal6.jpg?w=1280&amp;ssl=1 1280w\" sizes=\"auto, (max-width: 800px) 100vw, 800px\" \/><\/p>\n<p>&nbsp;<\/p>\n<p>En ese sentido estuvo el acento de la intervenci\u00f3n de Guevara, quien expres\u00f3 que \u00a0\u201cdurante la ma\u00f1ana y tarde del d\u00eda domingo vamos a tener una situaci\u00f3n de vientos fuertes, si bien en situaciones normales no conllevar\u00eda peligro, debemos seguir preparados por la situaci\u00f3n de hoy\u201d. Siguiendo esa explicaci\u00f3n, precis\u00f3 que las consecuencias del temporal de este s\u00e1bado han debilitado estructuras que podr\u00edan colapsar sino se tienen los cuidados pertinentes. \u00a0\u201c<strong>Si bien para el d\u00eda de ma\u00f1ana no estamos en una situaci\u00f3n de alerta, debemos estar prevenidos y preparados\u201d, concluy\u00f3.<\/strong><\/p>\n<p>&nbsp;<\/p>\n<p><em><strong>\u201cEsto no ha pasado del todo todav\u00eda\u201d<\/strong><\/em><\/p>\n<p>&nbsp;<\/p>\n<p>Por \u00faltimo, <a href=\"https:\/\/cdnoticias.com\/index.php\/2020\/12\/19\/le-pido-a-la-gente-que-no-salga-a-caminar-a-los-parques\/\" target=\"_blank\" rel=\"noopener\">previo a someterse a las preguntas de los medios presentes<\/a>, el intendente Ezequiel Galli tambi\u00e9n hizo uso de la palabra. Primero <strong>lo hizo para agradecer a todo el personal involucrado, en el cual tambi\u00e9n incluy\u00f3 a personal municipal que realiz\u00f3 diversas tareas de asistencia y emergencia. Tambi\u00e9n enumer\u00f3 a cada uno de los integrantes y dependencias que fueron parte del Comit\u00e9 de Crisis que se reuni\u00f3 en varias ocasiones durante la jornada.<\/strong><\/p>\n<p>&nbsp;<\/p>\n<p><strong>\u201cSe pusieron a trabajar m\u00e1s de 200 personas en la calle\u201d<\/strong>, expres\u00f3 y luego agreg\u00f3 que \u201cse le dio prioridad a limpiar las v\u00edas de tr\u00e1nsito, calles bloqueadas por \u00e1rboles y ramas, esa fue la prioridad para que autobombas, ambulancias y patrulleros puedan moverse libremente\u201d<\/p>\n<p>&nbsp;<\/p>\n<p><img data-recalc-dims=\"1\" loading=\"lazy\" decoding=\"async\" class=\"alignnone size-large wp-image-9429\" src=\"https:\/\/i0.wp.com\/cdnoticias.com\/wp-content\/uploads\/2020\/12\/conferenciatemporal7.jpg?resize=800%2C533&#038;ssl=1\" alt=\"\" width=\"800\" height=\"533\" srcset=\"https:\/\/i0.wp.com\/cdnoticias.com\/wp-content\/uploads\/2020\/12\/conferenciatemporal7.jpg?resize=1024%2C682&amp;ssl=1 1024w, https:\/\/i0.wp.com\/cdnoticias.com\/wp-content\/uploads\/2020\/12\/conferenciatemporal7.jpg?resize=300%2C200&amp;ssl=1 300w, https:\/\/i0.wp.com\/cdnoticias.com\/wp-content\/uploads\/2020\/12\/conferenciatemporal7.jpg?resize=768%2C512&amp;ssl=1 768w, https:\/\/i0.wp.com\/cdnoticias.com\/wp-content\/uploads\/2020\/12\/conferenciatemporal7.jpg?resize=272%2C182&amp;ssl=1 272w, https:\/\/i0.wp.com\/cdnoticias.com\/wp-content\/uploads\/2020\/12\/conferenciatemporal7.jpg?w=1280&amp;ssl=1 1280w\" sizes=\"auto, (max-width: 800px) 100vw, 800px\" \/><\/p>\n<p>&nbsp;<\/p>\n<p>A la par, narr\u00f3 las conversaciones sostenidas con referentes de Coopelectric, quienes le narraron que un 80% del servicio el\u00e9ctrico de la ciudad se vio afectado, pero que ya por estas horas se encuentra pr\u00e1cticamente restablecido al 100%. No obstante ello, <strong>\u201centre hoy y ma\u00f1ana vamos a tener baja presi\u00f3n de agua en la ciudad a ra\u00edz de los cortes de energ\u00eda\u201d, inform\u00f3.<\/strong><\/p>\n<p>&nbsp;<\/p>\n<p>Adem\u00e1s, siguiendo con el suministro el\u00e9ctrico, agreg\u00f3 que \u201ctodav\u00eda las localidades rurales est\u00e1n sin energ\u00eda, seguramente lo est\u00e9n hasta ma\u00f1ana\u201d, asimismo, expres\u00f3 que <strong>\u201cse encuentran trabajando en Loma Negra e Hinojo para restablecer lo antes posible\u201d<\/strong>.<\/p>\n<p>&nbsp;<\/p>\n<p>Por \u00faltimo, adem\u00e1s de retomar lo dicho por Adri\u00e1n Guevara para que persistan los cuidados, expres\u00f3 que <strong>\u201cma\u00f1ana con una cuadrilla del Regimiento en conjunto con la subsecretar\u00eda de Obras P\u00fablicas vamos a estar limpiando los parques p\u00fablicos\u201d.<\/strong><\/p>\n","protected":false},"excerpt":{"rendered":"<p>El intendente Ezequiel Galli, junto a integrantes del Comit\u00e9 de Crisis, encabezaron una conferencia de prensa en el Cuartel de<\/p>\n","protected":false},"author":3,"featured_media":9431,"comment_status":"closed","ping_status":"closed","sticky":false,"template":"","format":"standard","meta":{"_jetpack_memberships_contains_paid_content":false,"footnotes":""},"categories":[5,1],"tags":[],"class_list":["post-9432","post","type-post","status-publish","format-standard","has-post-thumbnail","hentry","category-informacion-general","category-portada"],"jetpack_featured_media_url":"https:\/\/i0.wp.com\/cdnoticias.com\/wp-content\/uploads\/2020\/12\/conferenciatemporal8.jpg?fit=1280%2C853&ssl=1","jetpack_sharing_enabled":true,"_links":{"self":[{"href":"https:\/\/cdnoticias.com\/index.php\/wp-json\/wp\/v2\/posts\/9432","targetHints":{"allow":["GET"]}}],"collection":[{"href":"https:\/\/cdnoticias.com\/index.php\/wp-json\/wp\/v2\/posts"}],"about":[{"href":"https:\/\/cdnoticias.com\/index.php\/wp-json\/wp\/v2\/types\/post"}],"author":[{"embeddable":true,"href":"https:\/\/cdnoticias.com\/index.php\/wp-json\/wp\/v2\/users\/3"}],"replies":[{"embeddable":true,"href":"https:\/\/cdnoticias.com\/index.php\/wp-json\/wp\/v2\/comments?post=9432"}],"version-history":[{"count":0,"href":"https:\/\/cdnoticias.com\/index.php\/wp-json\/wp\/v2\/posts\/9432\/revisions"}],"wp:featuredmedia":[{"embeddable":true,"href":"https:\/\/cdnoticias.com\/index.php\/wp-json\/wp\/v2\/media\/9431"}],"wp:attachment":[{"href":"https:\/\/cdnoticias.com\/index.php\/wp-json\/wp\/v2\/media?parent=9432"}],"wp:term":[{"taxonomy":"category","embeddable":true,"href":"https:\/\/cdnoticias.com\/index.php\/wp-json\/wp\/v2\/categories?post=9432"},{"taxonomy":"post_tag","embeddable":true,"href":"https:\/\/cdnoticias.com\/index.php\/wp-json\/wp\/v2\/tags?post=9432"}],"curies":[{"name":"wp","href":"https:\/\/api.w.org\/{rel}","templated":true}]}}