{"id":94314,"date":"2023-08-26T13:52:11","date_gmt":"2023-08-26T16:52:11","guid":{"rendered":"https:\/\/www.centraldenoticias.com.ar\/?p=94314"},"modified":"2023-08-26T13:52:11","modified_gmt":"2023-08-26T16:52:11","slug":"maxi-wesner-volvio-a-reunir-a-una-multitud-de-vecinos-y-vecinas","status":"publish","type":"post","link":"https:\/\/cdnoticias.com\/index.php\/2023\/08\/26\/maxi-wesner-volvio-a-reunir-a-una-multitud-de-vecinos-y-vecinas\/","title":{"rendered":"Maxi Wesner volvi\u00f3 a reunir a una multitud de vecinos y vecinas"},"content":{"rendered":"<p>Fue este s\u00e1bado en el Parque del Bicentenario. \u201cNuestro proyecto para Olavarr\u00eda no es en contra nadie, es a favor de los vecinos\u201d dijo el candidato. \u00a0Luego repartieron un folleto con un mensaje de agradecimiento e invitando a conocer las propuestas.<\/p>\n<p><!--more--><\/p>\n<hr \/>\n<p>Tras el <strong>resultado positivo en las PASO, Maxi Wesner volvi\u00f3 a reunir a una multitud de vecinos y vecinas este s\u00e1bado<\/strong> en el Parque del Bicentenario. Luego repartieron un folleto con un mensaje de agradecimiento e invitando a conocer las propuestas.<\/p>\n<p>&nbsp;<\/p>\n<p><strong>\u201cSomos los mismos de siempre pero tambi\u00e9n muchos vecinos que se empezaron a sumar porque quieren una Olavarr\u00eda mejor y ven que es posible\u201d<\/strong>, asegur\u00f3 el candidato a intendente de Uni\u00f3n por la Patria.<\/p>\n<p>&nbsp;<\/p>\n<p><img data-recalc-dims=\"1\" loading=\"lazy\" decoding=\"async\" class=\"size-full wp-image-94316 aligncenter\" src=\"https:\/\/i0.wp.com\/cdnoticias.com\/wp-content\/uploads\/2023\/08\/maxi-wesner-acto-01.jpg?resize=800%2C445&#038;ssl=1\" alt=\"\" width=\"800\" height=\"445\" srcset=\"https:\/\/i0.wp.com\/cdnoticias.com\/wp-content\/uploads\/2023\/08\/maxi-wesner-acto-01.jpg?w=800&amp;ssl=1 800w, https:\/\/i0.wp.com\/cdnoticias.com\/wp-content\/uploads\/2023\/08\/maxi-wesner-acto-01.jpg?resize=300%2C167&amp;ssl=1 300w, https:\/\/i0.wp.com\/cdnoticias.com\/wp-content\/uploads\/2023\/08\/maxi-wesner-acto-01.jpg?resize=768%2C427&amp;ssl=1 768w\" sizes=\"auto, (max-width: 800px) 100vw, 800px\" \/><\/p>\n<p>&nbsp;<\/p>\n<p>La convocatoria de este s\u00e1bado tuvo lugar en Brown y V\u00e9lez Sarsfield y continu\u00f3 con la entrega puerta a puerta de un folleto.<\/p>\n<p>&nbsp;<\/p>\n<p><strong>\u201cEste folleto tiene un mensaje de agradecimiento<\/strong> a todos los que nos acompa\u00f1aron con su voto y tambi\u00e9n un llamado hacia adelante porque en octubre tenemos que lograr una victoria contundente\u201d, expres\u00f3 Wesner.<\/p>\n<p>&nbsp;<\/p>\n<blockquote><p>Y remarc\u00f3: \u201cnuestro proyecto para Olavarr\u00eda no es en contra nadie, es a favor de los vecinos. Salgamos a convencer y a convocar a toda la comunidad con alegr\u00eda, pero tambi\u00e9n con seriedad y compromiso\u201d.<\/p><\/blockquote>\n<p>&nbsp;<\/p>\n<p><img data-recalc-dims=\"1\" loading=\"lazy\" decoding=\"async\" class=\"size-full wp-image-94315 aligncenter\" src=\"https:\/\/i0.wp.com\/cdnoticias.com\/wp-content\/uploads\/2023\/08\/maxi-wesner-acto-00.jpg?resize=800%2C445&#038;ssl=1\" alt=\"\" width=\"800\" height=\"445\" srcset=\"https:\/\/i0.wp.com\/cdnoticias.com\/wp-content\/uploads\/2023\/08\/maxi-wesner-acto-00.jpg?w=800&amp;ssl=1 800w, https:\/\/i0.wp.com\/cdnoticias.com\/wp-content\/uploads\/2023\/08\/maxi-wesner-acto-00.jpg?resize=300%2C167&amp;ssl=1 300w, https:\/\/i0.wp.com\/cdnoticias.com\/wp-content\/uploads\/2023\/08\/maxi-wesner-acto-00.jpg?resize=768%2C427&amp;ssl=1 768w\" sizes=\"auto, (max-width: 800px) 100vw, 800px\" \/><\/p>\n<p>&nbsp;<\/p>\n<p>\u201cLa verdad que emociona ver c\u00f3mo fuimos creciendo, cada vez son m\u00e1s los vecinos, organizaciones e instituciones que nos acompa\u00f1an.<em> Todos los sectores est\u00e1n representados en esta propuesta\u201d<\/em>, asegur\u00f3 el candidato.<\/p>\n<p>&nbsp;<\/p>\n<p>Y concluy\u00f3: \u201cAhora no tenemos que quedarnos quietos, tenemos que continuar creciendo para convencer a todos los vecinos. <strong>Es nuestra obligaci\u00f3n contarle a toda la comunidad nuestras propuestas\u201d.<\/strong><\/p>\n<p>&nbsp;<\/p>\n<p><img data-recalc-dims=\"1\" loading=\"lazy\" decoding=\"async\" class=\"size-full wp-image-94317 aligncenter\" src=\"https:\/\/i0.wp.com\/cdnoticias.com\/wp-content\/uploads\/2023\/08\/maxi-wesner-acto-02.jpg?resize=800%2C445&#038;ssl=1\" alt=\"\" width=\"800\" height=\"445\" srcset=\"https:\/\/i0.wp.com\/cdnoticias.com\/wp-content\/uploads\/2023\/08\/maxi-wesner-acto-02.jpg?w=800&amp;ssl=1 800w, https:\/\/i0.wp.com\/cdnoticias.com\/wp-content\/uploads\/2023\/08\/maxi-wesner-acto-02.jpg?resize=300%2C167&amp;ssl=1 300w, https:\/\/i0.wp.com\/cdnoticias.com\/wp-content\/uploads\/2023\/08\/maxi-wesner-acto-02.jpg?resize=768%2C427&amp;ssl=1 768w\" sizes=\"auto, (max-width: 800px) 100vw, 800px\" \/><\/p>\n","protected":false},"excerpt":{"rendered":"<p>Fue este s\u00e1bado en el Parque del Bicentenario. \u201cNuestro proyecto para Olavarr\u00eda no es en contra nadie, es a favor<\/p>\n","protected":false},"author":4,"featured_media":94318,"comment_status":"closed","ping_status":"closed","sticky":false,"template":"","format":"standard","meta":{"_jetpack_memberships_contains_paid_content":false,"footnotes":""},"categories":[4,1],"tags":[],"class_list":["post-94314","post","type-post","status-publish","format-standard","has-post-thumbnail","hentry","category-politica","category-portada"],"jetpack_featured_media_url":"https:\/\/i0.wp.com\/cdnoticias.com\/wp-content\/uploads\/2023\/08\/maxi-wesner-acto-03.jpg?fit=800%2C445&ssl=1","jetpack_sharing_enabled":true,"_links":{"self":[{"href":"https:\/\/cdnoticias.com\/index.php\/wp-json\/wp\/v2\/posts\/94314","targetHints":{"allow":["GET"]}}],"collection":[{"href":"https:\/\/cdnoticias.com\/index.php\/wp-json\/wp\/v2\/posts"}],"about":[{"href":"https:\/\/cdnoticias.com\/index.php\/wp-json\/wp\/v2\/types\/post"}],"author":[{"embeddable":true,"href":"https:\/\/cdnoticias.com\/index.php\/wp-json\/wp\/v2\/users\/4"}],"replies":[{"embeddable":true,"href":"https:\/\/cdnoticias.com\/index.php\/wp-json\/wp\/v2\/comments?post=94314"}],"version-history":[{"count":0,"href":"https:\/\/cdnoticias.com\/index.php\/wp-json\/wp\/v2\/posts\/94314\/revisions"}],"wp:featuredmedia":[{"embeddable":true,"href":"https:\/\/cdnoticias.com\/index.php\/wp-json\/wp\/v2\/media\/94318"}],"wp:attachment":[{"href":"https:\/\/cdnoticias.com\/index.php\/wp-json\/wp\/v2\/media?parent=94314"}],"wp:term":[{"taxonomy":"category","embeddable":true,"href":"https:\/\/cdnoticias.com\/index.php\/wp-json\/wp\/v2\/categories?post=94314"},{"taxonomy":"post_tag","embeddable":true,"href":"https:\/\/cdnoticias.com\/index.php\/wp-json\/wp\/v2\/tags?post=94314"}],"curies":[{"name":"wp","href":"https:\/\/api.w.org\/{rel}","templated":true}]}}