{"id":94298,"date":"2023-08-26T12:11:36","date_gmt":"2023-08-26T15:11:36","guid":{"rendered":"https:\/\/www.centraldenoticias.com.ar\/?p=94298"},"modified":"2023-08-26T14:33:19","modified_gmt":"2023-08-26T17:33:19","slug":"dia-nacional-del-vacunador-y-de-la-vacunadora-es-un-acto-de-amor-total","status":"publish","type":"post","link":"https:\/\/cdnoticias.com\/index.php\/2023\/08\/26\/dia-nacional-del-vacunador-y-de-la-vacunadora-es-un-acto-de-amor-total\/","title":{"rendered":"D\u00eda Nacional del Vacunador y de la Vacunadora: \u201cEs un acto de amor total\u201d"},"content":{"rendered":"<p>As\u00ed lo manifest\u00f3 Romina Casellas, coordinadora de Inmunizaciones, quien integra un gran equipo de vacunadores que se desempe\u00f1an diariamente en su rol con mucho amor, vocaci\u00f3n, profesionalismo y compromiso con la salud de toda la poblaci\u00f3n.<!--more--><\/p>\n<hr \/>\n<p><strong>Cada 26 de agosto se celebra en Argentina el D\u00eda Nacional del Vacunador y de la Vacunadora<\/strong>, en homenaje al nacimiento de Albert Sabin, el 26 de agosto de 1906.\u00a0Desde la Secretar\u00eda de Salud, a trav\u00e9s de la Direcci\u00f3n de Epidemiolog\u00eda e Inmunizaciones de la Municipalidad de Olavarr\u00eda, se busca <strong>reconocer especialmente a quienes se desempe\u00f1an diariamente en este rol<\/strong>, con mucho amor, vocaci\u00f3n, profesionalismo y compromiso con la salud de toda la poblaci\u00f3n.<\/p>\n<p>&nbsp;<\/p>\n<p>Desde el \u00e1rea se aprovecha la ocasi\u00f3n para <strong>hacer hincapi\u00e9 en la importancia de mantener completos los esquemas de vacunaci\u00f3n<\/strong>, entendiendo que las vacunas constituyen una de las principales medidas para evitar un conjunto de enfermedades prevenibles.<\/p>\n<p>&nbsp;<\/p>\n<p>Es nuestra <strong>responsabilidad y obligaci\u00f3n<\/strong> que nos apliquemos las vacunas que nos corresponden durante todas las etapas de la vida, as\u00ed como tambi\u00e9n acompa\u00f1ar a los m\u00e1s peque\u00f1os en este proceso, para evitar enfermarnos y contagiar a nuestra familia y otras personas.<\/p>\n<p>&nbsp;<\/p>\n<p>Al respecto la<strong> coordinadora de Inmunizaciones Romina Casellas<\/strong>, se refiri\u00f3 al rol del vacunador en la comunidad y c\u00f3mo se desarrolla su trabajo a diario. \u201cEs un \u00e1rea que es muy amplia, que le da mucha autonom\u00eda al enfermero, a veces las personas piensan que la vacuna es s\u00f3lo un pinchazo y en realidad<strong> la vacunaci\u00f3n es muy amplia, el enfermero vacunador se capacita, tiene una formaci\u00f3n previa, que se brinda desde la Direcci\u00f3n de Epidemiolog\u00eda e Inmunizaciones\u201d<\/strong>, introdujo.<\/p>\n<p>&nbsp;<\/p>\n<blockquote><p>\u201cNo se trata solamente de la vacuna que el paciente recibe, sino que detr\u00e1s hay un trabajo muy importante. Nos volvemos cuidadores de la vacuna, nos ocupamos de todo el proceso de conservaci\u00f3n\u201d, sostuvo.<\/p><\/blockquote>\n<p>&nbsp;<\/p>\n<p><img data-recalc-dims=\"1\" loading=\"lazy\" decoding=\"async\" class=\"size-full wp-image-63327 aligncenter\" src=\"https:\/\/i0.wp.com\/cdnoticias.com\/wp-content\/uploads\/2022\/08\/DIB-vacunacion-ninos.jpg?resize=800%2C533&#038;ssl=1\" alt=\"\" width=\"800\" height=\"533\" srcset=\"https:\/\/i0.wp.com\/cdnoticias.com\/wp-content\/uploads\/2022\/08\/DIB-vacunacion-ninos.jpg?w=1024&amp;ssl=1 1024w, https:\/\/i0.wp.com\/cdnoticias.com\/wp-content\/uploads\/2022\/08\/DIB-vacunacion-ninos.jpg?resize=300%2C200&amp;ssl=1 300w, https:\/\/i0.wp.com\/cdnoticias.com\/wp-content\/uploads\/2022\/08\/DIB-vacunacion-ninos.jpg?resize=768%2C512&amp;ssl=1 768w, https:\/\/i0.wp.com\/cdnoticias.com\/wp-content\/uploads\/2022\/08\/DIB-vacunacion-ninos.jpg?resize=272%2C182&amp;ssl=1 272w\" sizes=\"auto, (max-width: 800px) 100vw, 800px\" \/><\/p>\n<p>&nbsp;<\/p>\n<p><strong>\u201cHay vacunas para todas las edades,<\/strong> desde el reci\u00e9n nacido que comienza el esquema de vacunaci\u00f3n, ni\u00f1os en edad de ingreso escolar a los 5 y 6 a\u00f1os, que son aquellos ni\u00f1os que terminan el jard\u00edn y que van a empezar la escuela. Despu\u00e9s tambi\u00e9n tenemos lo que es un esquema de vacunaci\u00f3n completo para el adolescente. Este a\u00f1o estamos vacunando lo que es la cohorte de todos los ni\u00f1os que nacieron en el a\u00f1o 2012 y tambi\u00e9n tenemos vacunas para embarazadas, personas adultas y personas adultas mayores\u201d, detall\u00f3.\u00a0<strong>\u201cPara las distintas etapas de la vida hay un esquema de vacunaci\u00f3n\u201d<\/strong>, resumi\u00f3.<\/p>\n<p>&nbsp;<\/p>\n<p>En este sentido, destac\u00f3 que <strong>\u201cel programa del Calendario Nacional de Vacunaci\u00f3n es muy completo<\/strong>, consta de quince vacunas, hay vacunas que vienen combinadas, o sea que podemos decir que en una vacuna viene para cubrir cinco enfermedades\u201d.<\/p>\n<p>&nbsp;<\/p>\n<p><strong>Romina es enfermera universitaria, graduada en la Facultad de Ciencias de la Salud<\/strong>, y <strong>desde hace 10 a\u00f1os se dedica espec\u00edficamente a vacunaci\u00f3n<\/strong> con mucho amor por su trabajo, tal cual lo deja manifestado en cada una de sus declaraciones y en su compromiso diario con la tarea.\u00a0Como referente y coordinadora de un gran<strong> equipo integrado por 46 vacunadores y vacunadoras<\/strong> que desempe\u00f1an sus funciones en distintos puntos del Partido de Olavarr\u00eda, Casellas se\u00f1al\u00f3 que<em> \u201cnosotros intentamos que la poblaci\u00f3n en general se vacune y que sepa la importancia que tiene la vacunaci\u00f3n.<\/em> Sabemos que la vacunaci\u00f3n junto con la potabilizaci\u00f3n del agua fue uno de los grandes inventos, que en cierta medida ha demorado que las enfermedades persistan, algunas se han erradicado y otras estamos en ese proceso\u201d.<\/p>\n<p>&nbsp;<\/p>\n<p>En cuanto a la <strong>log\u00edstica y distribuci\u00f3n<\/strong> de las vacunas, Romina Casellas dijo que \u201cnosotros recibimos las vacunas desde Regi\u00f3n Sanitaria, y desde el Centro de Inmunizaciones se distribuye a todos los centros de salud, donde tambi\u00e9n se supervisa y capacita a todo el personal. Trabajamos en articulaci\u00f3n todo el tiempo con los centros de salud, estamos comunicados y tenemos una base de datos mediante un sistema digital, que nos permite estar conectados de manera permanente\u201d.<\/p>\n<p>&nbsp;<\/p>\n<p><img data-recalc-dims=\"1\" loading=\"lazy\" decoding=\"async\" class=\"size-full wp-image-57171 aligncenter\" src=\"https:\/\/i0.wp.com\/cdnoticias.com\/wp-content\/uploads\/2022\/06\/vacunacion-PAMI01.jpg?resize=720%2C401&#038;ssl=1\" alt=\"\" width=\"720\" height=\"401\" srcset=\"https:\/\/i0.wp.com\/cdnoticias.com\/wp-content\/uploads\/2022\/06\/vacunacion-PAMI01.jpg?w=720&amp;ssl=1 720w, https:\/\/i0.wp.com\/cdnoticias.com\/wp-content\/uploads\/2022\/06\/vacunacion-PAMI01.jpg?resize=300%2C167&amp;ssl=1 300w\" sizes=\"auto, (max-width: 720px) 100vw, 720px\" \/><\/p>\n<p>&nbsp;<\/p>\n<p>Al respecto de la <strong>digitalizaci\u00f3n de la informaci\u00f3n<\/strong>, la profesional destac\u00f3 que en el a\u00f1o 2013 se implement\u00f3 una base de datos mediante la cual se realiza \u201cla carga de datos por un sistema intranet, donde todas las vacunas de la poblaci\u00f3n se cargan en ese sistema y uno puede verificar si est\u00e1 vacunado o no el paciente, para no volver a re vacunar despu\u00e9s\u201d. En forma paralela \u201chicimos un programa digital interno, que nos permite mediante el Drive estar comunicados todo el tiempo con los centros de salud, donde se cargan los datos todos los d\u00edas y nosotros vemos qu\u00e9 pacientes se vacunan y se carga al mismo sistema de intranet\u201d.<\/p>\n<p>&nbsp;<\/p>\n<p>En otro p\u00e1rrafo, Romina Casellas se refiri\u00f3 al trabajo en<strong> articulaci\u00f3n con el sistema educativo<\/strong>: \u201cCada \u00e1rea tiene una escuela, jard\u00edn de infantes y maternal asignado, es decir en vinculaci\u00f3n con las instituciones que est\u00e1n en el \u00e1rea. Trabajamos conjuntamente, salimos a la comunidad, nosotros ya vamos a las escuelas en el per\u00edodo de abril y mayo, hacemos todo lo que es chiquitos de 11 a\u00f1os, la cohorte nacida en el a\u00f1o 2012\u201d, resalt\u00f3.<\/p>\n<p>&nbsp;<\/p>\n<blockquote><p>\u201cQueremos lograr que toda la poblaci\u00f3n del Partido de Olavarr\u00eda est\u00e9 vacunada porque sabemos que si tenemos una poblaci\u00f3n vacunada, tenemos una poblaci\u00f3n sana y tenemos menos riesgo de que emerjan las enfermedades\u201d, dej\u00f3 como mensaje central.<\/p><\/blockquote>\n<p>&nbsp;<\/p>\n<p><strong>\u201cEstamos buscando permanentemente estrategias para acercarnos a la comunidad, ver cu\u00e1l es la dificultad de porqu\u00e9 no se acercan a vacunarse<\/strong>, y tambi\u00e9n hacemos un seguimiento desde que nace el beb\u00e9 hasta los 2 a\u00f1os de vida, mediante mensajes de texto, se visita el domicilio\u201d.\u00a0\u201cSe trabaja mucho para poder llegar a cada casa y ver cu\u00e1l es la dificultad por la cual todav\u00eda no han podido llegar a la vacunaci\u00f3n. Es un trabajo de hormiga\u201d, asegur\u00f3. En esta l\u00ednea, agreg\u00f3 \u201cqueremos nuevamente volver a incentivar a la poblaci\u00f3n a que controle su calendario y que lo complete\u201d.<\/p>\n<p>&nbsp;<\/p>\n<p><strong>\u201cEn el Partido de Olavarr\u00eda hay 46 vacunadores entre los 24 Centros de Salud, Hospitales y Banco de Leche\u201d<\/strong>, precis\u00f3.<\/p>\n<p>&nbsp;<\/p>\n<p><img data-recalc-dims=\"1\" loading=\"lazy\" decoding=\"async\" class=\"size-full wp-image-59574 aligncenter\" src=\"https:\/\/i0.wp.com\/cdnoticias.com\/wp-content\/uploads\/2022\/07\/vacunatorio-inauguacion-06.jpg?resize=800%2C445&#038;ssl=1\" alt=\"\" width=\"800\" height=\"445\" srcset=\"https:\/\/i0.wp.com\/cdnoticias.com\/wp-content\/uploads\/2022\/07\/vacunatorio-inauguacion-06.jpg?w=800&amp;ssl=1 800w, https:\/\/i0.wp.com\/cdnoticias.com\/wp-content\/uploads\/2022\/07\/vacunatorio-inauguacion-06.jpg?resize=300%2C167&amp;ssl=1 300w, https:\/\/i0.wp.com\/cdnoticias.com\/wp-content\/uploads\/2022\/07\/vacunatorio-inauguacion-06.jpg?resize=768%2C427&amp;ssl=1 768w\" sizes=\"auto, (max-width: 800px) 100vw, 800px\" \/><\/p>\n<p>&nbsp;<\/p>\n<p><strong>\u201cLa poblaci\u00f3n se puede vacunar en cualquier centro de salud cercano a su domicilio<\/strong>, sin importar su condici\u00f3n social, sin importar si tiene obra social o carnet hospitalario, o no, se puede vacunar en cualquier unidad sanitaria cercana a su domicilio en el hospital m\u00e1s cercano, en el vacunatorio Del Hospital Municipal \u201cH\u00e9ctor Cura\u201d o en el Centro de Inmunizaciones del Banco de Leche. En cada centro de salud hay un vacunador capacitado, que lo est\u00e1 esperando para completar el esquema de vacunaci\u00f3n\u201d, afirm\u00f3.<\/p>\n<p>&nbsp;<\/p>\n<blockquote><p>Romina desde su experiencia personal, expres\u00f3 con emoci\u00f3n que\u00a0 \u201chace 10 a\u00f1os que estoy haciendo vacunaci\u00f3n, hace nueve a\u00f1os y medio que hago espec\u00edficamente vacunaci\u00f3n en el reci\u00e9n nacido y la verdad que es algo que me da satisfacci\u00f3n\u201d. \u201cEs un acto de amor total\u201d, defini\u00f3.\u00a0\u201cEs importante brindar protecci\u00f3n y saber que lo \u00fanico que queremos es que la poblaci\u00f3n no enferme\u201d, a\u00f1adi\u00f3.<\/p><\/blockquote>\n<p>&nbsp;<\/p>\n<p>Romina Casellas hizo hincapi\u00e9 en que <strong>es importante completar esquemas vacunaci\u00f3n desde el punto de vista colectivo<\/strong> \u201ces fundamental en este sentido el \u2018efecto reba\u00f1o\u2019, la vacunaci\u00f3n colectiva. Hay pacientes inmunocomprometidos, que est\u00e1n transitando alguna enfermad, pacientes oncol\u00f3gicos, pacientes con VIH, pacientes con leucemia, un paciente trasplantado, un paciente que dializa, entonces el compromiso que deber\u00eda asumir cada ciudadano es vacunarse para cuidarse a s\u00ed mismo y a los dem\u00e1s\u201d.<\/p>\n<p>&nbsp;<\/p>\n<p>Romina habl\u00f3 sobre otras cuestiones en relaci\u00f3n al tema teniendo en cuenta que <strong>\u201cse han generado muchos mitos con respecto a la vacunaci\u00f3n<\/strong>. Muchas personas se han declarado anti vacunas sobre todo con la pandemia y lo que tenemos que empezar a lograr otra vez es que la gente vuelva a creer en la vacuna y en la importancia de vacunarse\u201d.<\/p>\n<p>&nbsp;<\/p>\n<p>Al respecto agreg\u00f3 que hay enfermedades que estaban casi erradicadas como la poliomelitis, gracias a exitosas campa\u00f1as de vacunaci\u00f3n, que vuelven a recircular en algunos pa\u00edses del mundo. \u201cHay enfermedades emergentes que son las enfermedades que estaban erradicadas, que en un momento se considera que ya no circula m\u00e1s, y que por una cuesti\u00f3n de que la poblaci\u00f3n deja de vacunarse el virus vuelve a circular\u201d.<\/p>\n<p>&nbsp;<\/p>\n<p><img data-recalc-dims=\"1\" loading=\"lazy\" decoding=\"async\" class=\"size-full wp-image-59575 aligncenter\" src=\"https:\/\/i0.wp.com\/cdnoticias.com\/wp-content\/uploads\/2022\/07\/vacunatorio-inauguacion-07.jpg?resize=800%2C445&#038;ssl=1\" alt=\"\" width=\"800\" height=\"445\" srcset=\"https:\/\/i0.wp.com\/cdnoticias.com\/wp-content\/uploads\/2022\/07\/vacunatorio-inauguacion-07.jpg?w=800&amp;ssl=1 800w, https:\/\/i0.wp.com\/cdnoticias.com\/wp-content\/uploads\/2022\/07\/vacunatorio-inauguacion-07.jpg?resize=300%2C167&amp;ssl=1 300w, https:\/\/i0.wp.com\/cdnoticias.com\/wp-content\/uploads\/2022\/07\/vacunatorio-inauguacion-07.jpg?resize=768%2C427&amp;ssl=1 768w\" sizes=\"auto, (max-width: 800px) 100vw, 800px\" \/><\/p>\n<p>&nbsp;<\/p>\n<p><strong>\u201cNosotros nos estamos capacitando todo el tiempo porque la vacunaci\u00f3n es muy din\u00e1mica.<\/strong> El enfermero vacunador es aut\u00f3nomo, tiene mucha autonom\u00eda porque al momento cuando presenta el paciente, vos decid\u00eds qu\u00e9 es lo que le corresponde a ese paciente. Hay vacunas que no se pueden aplicar todas al mismo tiempo, o sea, hay vacunas que se pueden dar juntas, hay vacunas que se tienen que dar con un intervalo, hay vacunas que estuvieran hasta cierta edad, otras que empiezan a darse a partir de cierta edad\u201d, ampli\u00f3 sobre el trabajo del vacunador.<\/p>\n<p>&nbsp;<\/p>\n<p>\u201cLa vacunaci\u00f3n es tan compleja y amplia, a la vez, los que hacemos vacunaci\u00f3n es porque realmente nos gusta. Lo m\u00edo es la vacunaci\u00f3n, realmente sentir la vocaci\u00f3n, es llevarla en el alma, es algo que sent\u00eds en el pecho\u201d, manifest\u00f3 orgullosamente.<\/p>\n<p>&nbsp;<\/p>\n<p>\u201cCada profesional tiene una <strong>especializaci\u00f3n<\/strong> que le interesa, algo distinto, el enfermero de Cl\u00ednica M\u00e9dica o el que est\u00e1 en una Neonatolog\u00eda, es distinto, no es lo mismo que un enfermero de vacunaci\u00f3n, son especialidades distintas y cada especializaci\u00f3n la ten\u00e9s que hacer con amor, que se sienta que vos est\u00e1s para eso absolutamente\u201d, concluy\u00f3.<\/p>\n<p>&nbsp;<\/p>\n<p>Es fundamental entonces tomar conciencia de que no s\u00f3lo<strong> podemos enfermarnos nosotros, sino tambi\u00e9n contagiar a personas m\u00e1s vulnerables<\/strong> que no pueden recibir las vacunas por tener contraindicaciones para su aplicaci\u00f3n. Por ello la vacunaci\u00f3n ofrece protecci\u00f3n de la salud \u201cen reba\u00f1o\u201d: cuando la mayor\u00eda de las personas en una comunidad est\u00e1n correctamente inmunizadas, si alguien adquiere una enfermedad inmunoprevenible, la enfermedad probablemente no se propague, ya que en su entorno entra en contacto con otras personas que est\u00e1n protegidas. De esta forma, la diseminaci\u00f3n de la enfermedad quedar\u00e1 limitada y no alcanzar\u00e1 a individuos susceptibles que no hayan podido vacunarse por contraindicaci\u00f3n m\u00e9dica.<\/p>\n<p>&nbsp;<\/p>\n<p><img data-recalc-dims=\"1\" loading=\"lazy\" decoding=\"async\" class=\"size-full wp-image-61850 aligncenter\" src=\"https:\/\/i0.wp.com\/cdnoticias.com\/wp-content\/uploads\/2022\/08\/vacunatorio-municipal-vacunacion.jpg?resize=800%2C445&#038;ssl=1\" alt=\"\" width=\"800\" height=\"445\" srcset=\"https:\/\/i0.wp.com\/cdnoticias.com\/wp-content\/uploads\/2022\/08\/vacunatorio-municipal-vacunacion.jpg?w=800&amp;ssl=1 800w, https:\/\/i0.wp.com\/cdnoticias.com\/wp-content\/uploads\/2022\/08\/vacunatorio-municipal-vacunacion.jpg?resize=300%2C167&amp;ssl=1 300w, https:\/\/i0.wp.com\/cdnoticias.com\/wp-content\/uploads\/2022\/08\/vacunatorio-municipal-vacunacion.jpg?resize=768%2C427&amp;ssl=1 768w\" sizes=\"auto, (max-width: 800px) 100vw, 800px\" \/><\/p>\n<p>&nbsp;<\/p>\n<p>Es importante remarcar este mensaje que <strong>la vacunaci\u00f3n implica un compromiso con la vida y la salud propia y con nuestros familiares<\/strong>, amigos, compa\u00f1eros, vecinos que nos rodean.<\/p>\n<p>&nbsp;<\/p>\n<blockquote><p>Cabe recordar que los Centros de Atenci\u00f3n Primaria de la Salud y el Banco de Leche funcionan de lunes a viernes de 8 a 14 horas. En tanto que el Banco de Leche tambi\u00e9n atiende los d\u00edas s\u00e1bados de 08:30 a 12:30. Por consultas podr\u00e1n comunicarse al tel\u00e9fono 421419.<\/p><\/blockquote>\n<p>&nbsp;<\/p>\n<p>Se agrega que cualquier vecino que presente alguna dificultad para trasladarse y\/o acercarse al puesto de vacunaci\u00f3n m\u00e1s cercano, puede comunicarse con el tel\u00e9fono antes se\u00f1alado para coordinar una visita a domicilio o solucionar cualquier inconveniente que le surgiera, con la finalidad de que todos puedan completar sus esquemas de vacunaci\u00f3n.<\/p>\n<p>&nbsp;<\/p>\n","protected":false},"excerpt":{"rendered":"<p>As\u00ed lo manifest\u00f3 Romina Casellas, coordinadora de Inmunizaciones, quien integra un gran equipo de vacunadores que se desempe\u00f1an diariamente en<\/p>\n","protected":false},"author":4,"featured_media":94299,"comment_status":"closed","ping_status":"closed","sticky":false,"template":"","format":"standard","meta":{"_jetpack_memberships_contains_paid_content":false,"footnotes":""},"categories":[5,1],"tags":[],"class_list":["post-94298","post","type-post","status-publish","format-standard","has-post-thumbnail","hentry","category-informacion-general","category-portada"],"jetpack_featured_media_url":"https:\/\/i0.wp.com\/cdnoticias.com\/wp-content\/uploads\/2023\/08\/romina-casellas-dia-de-la-vacunadora.jpg?fit=800%2C445&ssl=1","jetpack_sharing_enabled":true,"_links":{"self":[{"href":"https:\/\/cdnoticias.com\/index.php\/wp-json\/wp\/v2\/posts\/94298","targetHints":{"allow":["GET"]}}],"collection":[{"href":"https:\/\/cdnoticias.com\/index.php\/wp-json\/wp\/v2\/posts"}],"about":[{"href":"https:\/\/cdnoticias.com\/index.php\/wp-json\/wp\/v2\/types\/post"}],"author":[{"embeddable":true,"href":"https:\/\/cdnoticias.com\/index.php\/wp-json\/wp\/v2\/users\/4"}],"replies":[{"embeddable":true,"href":"https:\/\/cdnoticias.com\/index.php\/wp-json\/wp\/v2\/comments?post=94298"}],"version-history":[{"count":0,"href":"https:\/\/cdnoticias.com\/index.php\/wp-json\/wp\/v2\/posts\/94298\/revisions"}],"wp:featuredmedia":[{"embeddable":true,"href":"https:\/\/cdnoticias.com\/index.php\/wp-json\/wp\/v2\/media\/94299"}],"wp:attachment":[{"href":"https:\/\/cdnoticias.com\/index.php\/wp-json\/wp\/v2\/media?parent=94298"}],"wp:term":[{"taxonomy":"category","embeddable":true,"href":"https:\/\/cdnoticias.com\/index.php\/wp-json\/wp\/v2\/categories?post=94298"},{"taxonomy":"post_tag","embeddable":true,"href":"https:\/\/cdnoticias.com\/index.php\/wp-json\/wp\/v2\/tags?post=94298"}],"curies":[{"name":"wp","href":"https:\/\/api.w.org\/{rel}","templated":true}]}}