{"id":94268,"date":"2023-08-28T09:21:33","date_gmt":"2023-08-28T12:21:33","guid":{"rendered":"https:\/\/www.centraldenoticias.com.ar\/?p=94268"},"modified":"2023-08-28T09:23:43","modified_gmt":"2023-08-28T12:23:43","slug":"vii-jornadas-de-antropologia-social-del-centro-prof-hugo-ratier","status":"publish","type":"post","link":"https:\/\/cdnoticias.com\/index.php\/2023\/08\/28\/vii-jornadas-de-antropologia-social-del-centro-prof-hugo-ratier\/","title":{"rendered":"VII Jornadas de Antropolog\u00eda Social del Centro &#8220;Prof. Hugo Ratier&#8221;"},"content":{"rendered":"<p>Se realizar\u00e1n los d\u00edas 27, 28 y 29 de septiembre en el Complejo Universitario de la Universidad Nacional del Centro de la Provincia de Buenos Aires. Hay inscriptos 400 estudiantes, investigadores\/as y acad\u00e9micos\/as de universidades del pa\u00eds y del exterior.<\/p>\n<p><!--more--><\/p>\n<hr \/>\n<p>El pr\u00f3ximo <strong>27,28 y 29 de septiembre<\/strong> se llevar\u00e1 a cabo la VII Jornadas de Antropolog\u00eda Social del Centro \u201cProf. Hugo Ratier\u201d, en el Complejo Universitario con sede en Olavarr\u00eda de la Universidad Nacional del Centro de la Provincia de Buenos Aires. Se estima que contar\u00e1 con la<strong> presencia de 400 estudiantes, investigadores\/as y acad\u00e9micos\/as de distintas universidades del pa\u00eds y del exterior.<\/strong><\/p>\n<p>&nbsp;<\/p>\n<p>Las jornadas ser\u00e1n presididas por la doctora Alicia Villafa\u00f1e (presidencia honor\u00edfica) y el doctor Juan Pablo Matta (presidencia ejecutiva) y cuentan con el <strong>aval de CONICET<\/strong>. La asistencia como oyente es abierta para quien quiera participar y <strong>no requiere de inscripci\u00f3n previa.<\/strong><\/p>\n<p>&nbsp;<\/p>\n<p><img data-recalc-dims=\"1\" loading=\"lazy\" decoding=\"async\" class=\"aligncenter wp-image-94270 size-full\" src=\"https:\/\/i0.wp.com\/cdnoticias.com\/wp-content\/uploads\/2023\/08\/proferaiter.png?resize=800%2C534&#038;ssl=1\" alt=\"\" width=\"800\" height=\"534\" srcset=\"https:\/\/i0.wp.com\/cdnoticias.com\/wp-content\/uploads\/2023\/08\/proferaiter.png?w=1000&amp;ssl=1 1000w, https:\/\/i0.wp.com\/cdnoticias.com\/wp-content\/uploads\/2023\/08\/proferaiter.png?resize=300%2C200&amp;ssl=1 300w, https:\/\/i0.wp.com\/cdnoticias.com\/wp-content\/uploads\/2023\/08\/proferaiter.png?resize=768%2C512&amp;ssl=1 768w, https:\/\/i0.wp.com\/cdnoticias.com\/wp-content\/uploads\/2023\/08\/proferaiter.png?resize=272%2C182&amp;ssl=1 272w\" sizes=\"auto, (max-width: 800px) 100vw, 800px\" \/><\/p>\n<p>&nbsp;<\/p>\n<p>El objetivo de las JACS es <strong>incentivar el intercambio acad\u00e9mico<\/strong> en la que se invita a participar a profesionales, investigadores\/as y estudiantes de todo el pa\u00eds y del extranjero.\u00a0 Adem\u00e1s, se hace hincapi\u00e9 en incitar el di\u00e1logo entre todas las instancias que tienen la tarea com\u00fan de indagar desde la Antropolog\u00eda en torno a la realidad regional y nacional, y extender dicho di\u00e1logo a todas las ramas de las Ciencias Sociales.<\/p>\n<p>&nbsp;<\/p>\n<p>Se recibieron un total de<strong> 270 res\u00famenes de ponencias que ser\u00e1n presentadas en 24 grupos tem\u00e1ticos de trabajo, coordinados y comentados por 64 especialistas.<\/strong> Participaran m\u00e1s de 400 estudiantes, investigadores\/as y acad\u00e9micos\/as de diversas universidades y centros de investigaci\u00f3n del pa\u00eds.<\/p>\n<p>&nbsp;<\/p>\n<p>El nombre en esta s\u00e9ptima edici\u00f3n se debe a <strong>brindarle homenaje al Prof. Hugo Ratier<\/strong> <a href=\"https:\/\/cdnoticias.com\/index.php\/2021\/09\/22\/pesar-por-la-muerte-del-reconocido-antropologo-y-docente-hugo-ratier\/\" target=\"_blank\" rel=\"noopener\">quien falleci\u00f3 en el septiembre del 2021<\/a>. Una figura clave de la antropolog\u00eda argentina y latinoamericana, fue fundador de las carreras de Antropolog\u00eda (social y arqueol\u00f3gica) en la UNICEN, profesor em\u00e9rito de la Facultad de Ciencias Sociales y director del Instituto de Investigaciones Antropol\u00f3gicas de Olavarr\u00eda.<\/p>\n<p>&nbsp;<\/p>\n<p>Las Jornadas cuentan con el auspicio y aval de CONICET, el aval del Colegio de Graduados en Antropolog\u00eda de la Rep\u00fablica Argentina, la Red de Carreras de Antropolog\u00eda de la Rep\u00fablica Argentina, el N\u00facleo Argentino de Antropolog\u00eda Rural (NADAR), la Maestr\u00eda en Antropolog\u00eda Social (FACSO-UNICEN), el N\u00facleo Regional de Estudios Socioculturales (NURES-FACSO-UNICEN) y el Grupo de Estudios Socioculturales del Conflicto (GESC-FACSO-UNICEN) y el auspicio del Centro Empleados de Comercio de Olavarr\u00eda (CECO).<\/p>\n","protected":false},"excerpt":{"rendered":"<p>Se realizar\u00e1n los d\u00edas 27, 28 y 29 de septiembre en el Complejo Universitario de la Universidad Nacional del Centro<\/p>\n","protected":false},"author":2,"featured_media":4718,"comment_status":"closed","ping_status":"closed","sticky":false,"template":"","format":"standard","meta":{"_jetpack_memberships_contains_paid_content":false,"footnotes":""},"categories":[5,1],"tags":[],"class_list":["post-94268","post","type-post","status-publish","format-standard","has-post-thumbnail","hentry","category-informacion-general","category-portada"],"jetpack_featured_media_url":"https:\/\/i0.wp.com\/cdnoticias.com\/wp-content\/uploads\/2020\/10\/facso2.jpg?fit=2000%2C987&ssl=1","jetpack_sharing_enabled":true,"_links":{"self":[{"href":"https:\/\/cdnoticias.com\/index.php\/wp-json\/wp\/v2\/posts\/94268","targetHints":{"allow":["GET"]}}],"collection":[{"href":"https:\/\/cdnoticias.com\/index.php\/wp-json\/wp\/v2\/posts"}],"about":[{"href":"https:\/\/cdnoticias.com\/index.php\/wp-json\/wp\/v2\/types\/post"}],"author":[{"embeddable":true,"href":"https:\/\/cdnoticias.com\/index.php\/wp-json\/wp\/v2\/users\/2"}],"replies":[{"embeddable":true,"href":"https:\/\/cdnoticias.com\/index.php\/wp-json\/wp\/v2\/comments?post=94268"}],"version-history":[{"count":0,"href":"https:\/\/cdnoticias.com\/index.php\/wp-json\/wp\/v2\/posts\/94268\/revisions"}],"wp:featuredmedia":[{"embeddable":true,"href":"https:\/\/cdnoticias.com\/index.php\/wp-json\/wp\/v2\/media\/4718"}],"wp:attachment":[{"href":"https:\/\/cdnoticias.com\/index.php\/wp-json\/wp\/v2\/media?parent=94268"}],"wp:term":[{"taxonomy":"category","embeddable":true,"href":"https:\/\/cdnoticias.com\/index.php\/wp-json\/wp\/v2\/categories?post=94268"},{"taxonomy":"post_tag","embeddable":true,"href":"https:\/\/cdnoticias.com\/index.php\/wp-json\/wp\/v2\/tags?post=94268"}],"curies":[{"name":"wp","href":"https:\/\/api.w.org\/{rel}","templated":true}]}}