{"id":94190,"date":"2023-08-25T20:49:37","date_gmt":"2023-08-25T23:49:37","guid":{"rendered":"https:\/\/www.centraldenoticias.com.ar\/?p=94190"},"modified":"2023-08-26T10:51:04","modified_gmt":"2023-08-26T13:51:04","slug":"monica-poggi-el-monumento-a-san-martin-estaba-incompleto","status":"publish","type":"post","link":"https:\/\/cdnoticias.com\/index.php\/2023\/08\/25\/monica-poggi-el-monumento-a-san-martin-estaba-incompleto\/","title":{"rendered":"M\u00f3nica Poggi: \u201cEl monumento a San Mart\u00edn estaba incompleto\u201d"},"content":{"rendered":"<p>La titular del Archivo Hist\u00f3rico Municipal celebr\u00f3 el hallazgo de una placa robada hace muchos a\u00f1os. Retrata el combate de San Lorenzo y ante la falta, los integrantes de la instituci\u00f3n \u201cimaginaban\u201d junto a los estudiantes de las escuelas, el contenido de la obra.<!--more--><\/p>\n<hr \/>\n<p>El monumento al General Jos\u00e9 de San Mart\u00edn fue inaugurado el 24 de agosto de 1958 tras d\u00e9cadas de proyecci\u00f3n. La figura del pr\u00f3cer, fue una copia de la realizada por el escultor franc\u00e9s Dumas y se apoya sobre un pedestal de piedra. En su frente se observa una escultura alada y en uno de sus lados el Escudo Nacional.<\/p>\n<p>&nbsp;<\/p>\n<p>En otro de los laterales, fue colocada una placa de grandes dimensiones realizada en bronce. Esta obra fue robada hace muchos a\u00f1os (no se pudo precisar la fecha exacta) y encontrada de \u201ccasualidad\u201d en el marco de un <a href=\"https:\/\/cdnoticias.com\/index.php\/2023\/08\/12\/buscaban-cables-robados-y-hallaron-una-placa-de-gran-valor-historico\/\" target=\"_blank\" rel=\"noopener\">allanamiento en b\u00fasqueda de cables robados.<\/a><\/p>\n<p>&nbsp;<\/p>\n<p><strong>M\u00f3nica Poggi, titular del Archivo Hist\u00f3rico Municipal<\/strong>, habl\u00f3 con<em> Central de Noticias<\/em> y se mostr\u00f3 sorprendida por el hallazgo:<strong> \u201cfue una alegr\u00eda enorme saber que esa placa todav\u00eda existe, que no fue fundida\u201d.<\/strong><\/p>\n<p>&nbsp;<\/p>\n<p>\u201cNo s\u00e9 cu\u00e1ndo desapareci\u00f3, pero desde junio de 2010 ya faltaba\u201d, indic\u00f3 al repasar los registros fotogr\u00e1ficos que se realizan en cada visita al monumento junto a escuelas y jardines de Olavarr\u00eda.<\/p>\n<p>&nbsp;<\/p>\n<figure id=\"attachment_94191\" aria-describedby=\"caption-attachment-94191\" style=\"width: 1500px\" class=\"wp-caption aligncenter\"><img data-recalc-dims=\"1\" loading=\"lazy\" decoding=\"async\" class=\"size-full wp-image-94191\" src=\"https:\/\/i0.wp.com\/cdnoticias.com\/wp-content\/uploads\/2023\/08\/san-martin-04.jpg?resize=800%2C445&#038;ssl=1\" alt=\"\" width=\"800\" height=\"445\" srcset=\"https:\/\/i0.wp.com\/cdnoticias.com\/wp-content\/uploads\/2023\/08\/san-martin-04.jpg?w=1500&amp;ssl=1 1500w, https:\/\/i0.wp.com\/cdnoticias.com\/wp-content\/uploads\/2023\/08\/san-martin-04.jpg?resize=300%2C167&amp;ssl=1 300w, https:\/\/i0.wp.com\/cdnoticias.com\/wp-content\/uploads\/2023\/08\/san-martin-04.jpg?resize=1024%2C569&amp;ssl=1 1024w, https:\/\/i0.wp.com\/cdnoticias.com\/wp-content\/uploads\/2023\/08\/san-martin-04.jpg?resize=768%2C427&amp;ssl=1 768w, https:\/\/i0.wp.com\/cdnoticias.com\/wp-content\/uploads\/2023\/08\/san-martin-04.jpg?resize=800%2C445&amp;ssl=1 800w\" sizes=\"auto, (max-width: 800px) 100vw, 800px\" \/><figcaption id=\"caption-attachment-94191\" class=\"wp-caption-text\">Inauguraci\u00f3n del monumento al General Jos\u00e9 de San Mart\u00edn el 24 de agosto de 1958. Archivo Hist\u00f3rico Municipal.<\/figcaption><\/figure>\n<p>&nbsp;<\/p>\n<p>Es justamente en estos paseos que habitualmente se proponen para conocer m\u00e1s de nuestra historia que Poggi, ante la falta de esa obra en el monumento, <strong>les propon\u00eda a los estudiantes imaginar el contenido.<\/strong> \u201cCon los chicos nos imagin\u00e1bamos lo que la placa contaba, despu\u00e9s, les mostraba la foto de la placa que se conserva en el Archivo\u201d, detall\u00f3.<\/p>\n<p>&nbsp;<\/p>\n<p>La placa relata nada m\u00e1s y nada menos que una parte muy importante de la historia: <strong>el combate de San Lorenzo<\/strong>. \u201cEst\u00e1 narrado un episodio que a los chicos le llama mucho la atenci\u00f3n que es cuando San Mart\u00edn cae del caballo, queda atrapado y es rescatado por Cabral\u201d.<\/p>\n<p>&nbsp;<\/p>\n<p><strong>El reto\u00f1o<\/strong><\/p>\n<p>&nbsp;<\/p>\n<p>La titular del Archivo Hist\u00f3rico resalt\u00f3 la figura de San Mart\u00edn y <strong>el impacto que tiene su historia en las nuevas generaciones.<\/strong> \u201cSiempre que contamos esa historia los chicos realmente se emocionan. <strong>San Mart\u00edn es una figura muy querida<\/strong>\u201d, asegur\u00f3 Poggi.<\/p>\n<p>&nbsp;<\/p>\n<p><strong>En ese sentido, record\u00f3 una an\u00e9cdota. \u201cUna vez fuimos con el jard\u00edn Ni\u00f1o Feliz y les cont\u00e9 la historia del pino de San Lorenzo, les dije que San Mart\u00edn hab\u00eda escrito el parte de batalla a la sombra de un pino y que en Olavarr\u00eda tenemos un reto\u00f1o. En ese momento, los nenes se acercaron y abrazaron todos juntos el pino, fue un momento muy emocionante\u201d, indic\u00f3.<\/strong><\/p>\n<p>&nbsp;<\/p>\n<blockquote><p>\u201cEs important\u00edsimo haberla recuperado, va a afrontar tareas de puesta en valor porque se va a tener que restaurar y despu\u00e9s seguramente va a ser colocada de nuevo donde tendr\u00eda que estar\u201d, afirm\u00f3 Poggi.<\/p><\/blockquote>\n<p>&nbsp;<\/p>\n<figure id=\"attachment_94194\" aria-describedby=\"caption-attachment-94194\" style=\"width: 1500px\" class=\"wp-caption aligncenter\"><img data-recalc-dims=\"1\" loading=\"lazy\" decoding=\"async\" class=\"size-full wp-image-94194\" src=\"https:\/\/i0.wp.com\/cdnoticias.com\/wp-content\/uploads\/2023\/08\/san-martin-02.jpg?resize=800%2C445&#038;ssl=1\" alt=\"\" width=\"800\" height=\"445\" srcset=\"https:\/\/i0.wp.com\/cdnoticias.com\/wp-content\/uploads\/2023\/08\/san-martin-02.jpg?w=1500&amp;ssl=1 1500w, https:\/\/i0.wp.com\/cdnoticias.com\/wp-content\/uploads\/2023\/08\/san-martin-02.jpg?resize=300%2C167&amp;ssl=1 300w, https:\/\/i0.wp.com\/cdnoticias.com\/wp-content\/uploads\/2023\/08\/san-martin-02.jpg?resize=1024%2C569&amp;ssl=1 1024w, https:\/\/i0.wp.com\/cdnoticias.com\/wp-content\/uploads\/2023\/08\/san-martin-02.jpg?resize=768%2C427&amp;ssl=1 768w, https:\/\/i0.wp.com\/cdnoticias.com\/wp-content\/uploads\/2023\/08\/san-martin-02.jpg?resize=800%2C445&amp;ssl=1 800w\" sizes=\"auto, (max-width: 800px) 100vw, 800px\" \/><figcaption id=\"caption-attachment-94194\" class=\"wp-caption-text\">Autoridades nacionales y provinciales formaron parte del acto de inauguraci\u00f3n del monumento. Archivo Hist\u00f3rico Municipal.<\/figcaption><\/figure>\n<p>&nbsp;<\/p>\n<p><strong>La inauguraci\u00f3n<\/strong><\/p>\n<p>&nbsp;<\/p>\n<p>\u201cLa inauguraci\u00f3n fue una cosa maravillosa, incluso los medios nacionales registraron el evento\u201d, se\u00f1al\u00f3 Poggi y agreg\u00f3:<strong> \u201cestuvo como 20 a\u00f1os gest\u00e1ndose, estaba la idea de hacer un monumento y en el a\u00f1o 1958 se decide emplazarlo en ese lugar despu\u00e9s de varios proyectos\u201d.<\/strong><\/p>\n<p>&nbsp;<\/p>\n<p>En las cr\u00f3nicas de la \u00e9poca se refleja <strong>el impacto que tuvo este evento en la comunidad<\/strong>. \u201cDesde temprano cinco granaderos lo custodiaron y despu\u00e9s vinieron 20 m\u00e1s a caballo. Bajo el monumento se hab\u00edan concentrado 90 ofrendas florales, porque todas las instituciones quer\u00edan estar presentes, era algo muy esperado\u201d, resalt\u00f3 Poggi.<\/p>\n<p>&nbsp;<\/p>\n<p>Tal como se relata en el sitio Monumentos de Olavarr\u00eda (<a href=\"http:\/\/monumentosdeolavarria.blogspot.com\/2014\/08\/monumento-al-graljose-de-san-martin.html\" target=\"_blank\" rel=\"noopener\">click aqu\u00ed<\/a>) \u201cel pueblo se dio cita en el lugar desde muy temprano y pocas veces, Olavarr\u00eda adhiri\u00f3 en tal n\u00famero y con presencia indivisa de sectores a un acto p\u00fablico como el que se realiz\u00f3. La inauguraci\u00f3n del monumento adquiri\u00f3 la presencia popular, por la asistencia de altas autoridades de la Naci\u00f3n y la Provincia, por la adhesi\u00f3n de delegaciones militares, escolares y privadas\u201d.<\/p>\n<p>&nbsp;<\/p>\n<p>Adem\u00e1s, &#8220;habl\u00f3 el intendente municipal <strong>Dr. Carlos V. Portarrieu<\/strong>, luego el Comisionado H\u00e9ctor Diego Santana P\u00e9rez. Se ejecut\u00f3 el Himno Nacional y se realizo un desfile. Posteriormente las autoridades participaron de un\u00a0\u00a0banquete en el Club Espa\u00f1ol&#8221;.<\/p>\n<p>&nbsp;<\/p>\n<figure id=\"attachment_94193\" aria-describedby=\"caption-attachment-94193\" style=\"width: 1500px\" class=\"wp-caption aligncenter\"><img data-recalc-dims=\"1\" loading=\"lazy\" decoding=\"async\" class=\"size-full wp-image-94193\" src=\"https:\/\/i0.wp.com\/cdnoticias.com\/wp-content\/uploads\/2023\/08\/san-martin-01.jpg?resize=800%2C445&#038;ssl=1\" alt=\"\" width=\"800\" height=\"445\" srcset=\"https:\/\/i0.wp.com\/cdnoticias.com\/wp-content\/uploads\/2023\/08\/san-martin-01.jpg?w=1500&amp;ssl=1 1500w, https:\/\/i0.wp.com\/cdnoticias.com\/wp-content\/uploads\/2023\/08\/san-martin-01.jpg?resize=300%2C167&amp;ssl=1 300w, https:\/\/i0.wp.com\/cdnoticias.com\/wp-content\/uploads\/2023\/08\/san-martin-01.jpg?resize=1024%2C569&amp;ssl=1 1024w, https:\/\/i0.wp.com\/cdnoticias.com\/wp-content\/uploads\/2023\/08\/san-martin-01.jpg?resize=768%2C427&amp;ssl=1 768w, https:\/\/i0.wp.com\/cdnoticias.com\/wp-content\/uploads\/2023\/08\/san-martin-01.jpg?resize=800%2C445&amp;ssl=1 800w\" sizes=\"auto, (max-width: 800px) 100vw, 800px\" \/><figcaption id=\"caption-attachment-94193\" class=\"wp-caption-text\">Las personas no quer\u00edan perder detalle de la inauguraci\u00f3n y subieron al techo de una vivienda. Archivo Hist\u00f3rico Municipal.<\/figcaption><\/figure>\n<p>&nbsp;<\/p>\n<p>\u201cEn ese momento todav\u00eda hab\u00eda restos de la edificaci\u00f3n del <strong>molino La Clara,<\/strong> no se pod\u00eda apreciar bien desde todos sus lados. Con el correr de los a\u00f1os el lugar se fue despejando y es lo que tenemos hoy en d\u00eda que lo podemos admirar de todos los costados\u201d, valor\u00f3.<\/p>\n<p>&nbsp;<\/p>\n<p>Por \u00faltimo, Poggi asegur\u00f3 que<strong> \u201cel monumento estaba incompleto. Personalmente hab\u00eda perdido las esperanzas de que se pudiera recuperar el original\u201d.<\/strong><\/p>\n<p>&nbsp;<\/p>\n","protected":false},"excerpt":{"rendered":"<p>La titular del Archivo Hist\u00f3rico Municipal celebr\u00f3 el hallazgo de una placa robada hace muchos a\u00f1os. Retrata el combate de<\/p>\n","protected":false},"author":5,"featured_media":93850,"comment_status":"closed","ping_status":"closed","sticky":false,"template":"","format":"standard","meta":{"_jetpack_memberships_contains_paid_content":false,"footnotes":""},"categories":[5,1],"tags":[],"class_list":["post-94190","post","type-post","status-publish","format-standard","has-post-thumbnail","hentry","category-informacion-general","category-portada"],"jetpack_featured_media_url":"https:\/\/i0.wp.com\/cdnoticias.com\/wp-content\/uploads\/2023\/08\/poggi-monica-archivo-historico-02.jpg?fit=1000%2C556&ssl=1","jetpack_sharing_enabled":true,"_links":{"self":[{"href":"https:\/\/cdnoticias.com\/index.php\/wp-json\/wp\/v2\/posts\/94190","targetHints":{"allow":["GET"]}}],"collection":[{"href":"https:\/\/cdnoticias.com\/index.php\/wp-json\/wp\/v2\/posts"}],"about":[{"href":"https:\/\/cdnoticias.com\/index.php\/wp-json\/wp\/v2\/types\/post"}],"author":[{"embeddable":true,"href":"https:\/\/cdnoticias.com\/index.php\/wp-json\/wp\/v2\/users\/5"}],"replies":[{"embeddable":true,"href":"https:\/\/cdnoticias.com\/index.php\/wp-json\/wp\/v2\/comments?post=94190"}],"version-history":[{"count":0,"href":"https:\/\/cdnoticias.com\/index.php\/wp-json\/wp\/v2\/posts\/94190\/revisions"}],"wp:featuredmedia":[{"embeddable":true,"href":"https:\/\/cdnoticias.com\/index.php\/wp-json\/wp\/v2\/media\/93850"}],"wp:attachment":[{"href":"https:\/\/cdnoticias.com\/index.php\/wp-json\/wp\/v2\/media?parent=94190"}],"wp:term":[{"taxonomy":"category","embeddable":true,"href":"https:\/\/cdnoticias.com\/index.php\/wp-json\/wp\/v2\/categories?post=94190"},{"taxonomy":"post_tag","embeddable":true,"href":"https:\/\/cdnoticias.com\/index.php\/wp-json\/wp\/v2\/tags?post=94190"}],"curies":[{"name":"wp","href":"https:\/\/api.w.org\/{rel}","templated":true}]}}