{"id":9418,"date":"2020-12-20T09:44:41","date_gmt":"2020-12-20T12:44:41","guid":{"rendered":"http:\/\/www.centraldenoticias.com.ar\/?p=9418"},"modified":"2020-12-20T11:05:01","modified_gmt":"2020-12-20T14:05:01","slug":"procrear-97-olavarrienses-resultaron-sorteados-en-la-linea-de-lote-con-servicios-mas-construccion","status":"publish","type":"post","link":"https:\/\/cdnoticias.com\/index.php\/2020\/12\/20\/procrear-97-olavarrienses-resultaron-sorteados-en-la-linea-de-lote-con-servicios-mas-construccion\/","title":{"rendered":"Procrear: 97 olavarrienses resultaron sorteados en la l\u00ednea de \u201clote con servicios m\u00e1s construcci\u00f3n\u201d"},"content":{"rendered":"<p>La novedad fue informada por Federico Aguilera, el subsecretario de Miner\u00eda bonaerense, quien enfatiz\u00f3 que \u201cm\u00e1s de $350 millones se volcar\u00e1n a la econom\u00eda local\u201d.<!--more--><\/p>\n<hr \/>\n<p>Una excelente noticia se confirm\u00f3 en la tarde de este s\u00e1bado, en una novedad informada por el subsecretario de Miner\u00eda bonaerense, Federico Aguilera, quien en sus redes sociales narr\u00f3 que <strong>97 olavarrienses resultaron ganadores del sorteo de ProCreAr y accedieron a la l\u00ednea Lote con Servicio para la construcci\u00f3n de viviendas.<\/strong><\/p>\n<p>&nbsp;<\/p>\n<p><strong>\u201cM\u00e1s de $350 millones se volcar\u00e1n a la econom\u00eda local, generando trabajo y cumpliendo el sue\u00f1o de la casa propia\u201d<\/strong>, enfatiz\u00f3 el funcionario provincial olavarriense. Vale recordar que fue durante la jornada del \u00faltimo viernes cuando el Ministerio de Desarrollo Territorial y H\u00e1bitat de la Naci\u00f3n sorte\u00f3 5 mil lotes con servicios para la construcci\u00f3n de viviendas en todo el pa\u00eds.<\/p>\n<p>&nbsp;<\/p>\n<blockquote class=\"twitter-tweet\" data-width=\"550\" data-dnt=\"true\">\n<p lang=\"es\" dir=\"ltr\">Felicitaciones a los 97 olavarrienses ganadores del sorteo  <a href=\"https:\/\/twitter.com\/hashtag\/ProCreAr?src=hash&amp;ref_src=twsrc%5Etfw\">#ProCreAr<\/a> que accedieron a la l\u00ednea Lote con Servicio para la construcci\u00f3n de viviendas. M\u00e1s de $350 millones se volcar\u00e1n a la econom\u00eda local, generando trabajo y cumpliendo el sue\u00f1o de la casa propia. \ud83e\uddf1\u2692\ud83c\udfd8\ud83d\udea7 <a href=\"https:\/\/t.co\/WEXFXuVGUS\">pic.twitter.com\/WEXFXuVGUS<\/a><\/p>\n<p>&mdash; Federico Aguilera (@FedericoAguile5) <a href=\"https:\/\/twitter.com\/FedericoAguile5\/status\/1340409540546859010?ref_src=twsrc%5Etfw\">December 19, 2020<\/a><\/p><\/blockquote>\n<p><script async src=\"https:\/\/platform.twitter.com\/widgets.js\" charset=\"utf-8\"><\/script><\/p>\n<p>&nbsp;<\/p>\n<p><strong>Fueron 38 mil las personas inscriptas<\/strong> para terrenos distribuidos entre las provincias de Buenos Aires, C\u00f3rdoba, Santa Fe, Entre R\u00edos, Formosa, Catamarca, Neuqu\u00e9n, Chubut y Santa Cruz.<\/p>\n<p>&nbsp;<\/p>\n<p>Las viviendas se construir\u00e1n a elecci\u00f3n entre los modelos dise\u00f1ados para Procrear, que ofrece distintos anteproyectos que incluyen planos, im\u00e1genes y planillas, adaptables a distintos tipos de terrenos y requisitos constructivos y normativos.<\/p>\n<p>&nbsp;<\/p>\n","protected":false},"excerpt":{"rendered":"<p>La novedad fue informada por Federico Aguilera, el subsecretario de Miner\u00eda bonaerense, quien enfatiz\u00f3 que \u201cm\u00e1s de $350 millones se<\/p>\n","protected":false},"author":3,"featured_media":9417,"comment_status":"closed","ping_status":"closed","sticky":false,"template":"","format":"standard","meta":{"_jetpack_memberships_contains_paid_content":false,"footnotes":""},"categories":[5,1],"tags":[],"class_list":["post-9418","post","type-post","status-publish","format-standard","has-post-thumbnail","hentry","category-informacion-general","category-portada"],"jetpack_featured_media_url":"https:\/\/i0.wp.com\/cdnoticias.com\/wp-content\/uploads\/2020\/12\/Procrear.jpg?fit=1208%2C651&ssl=1","jetpack_sharing_enabled":true,"_links":{"self":[{"href":"https:\/\/cdnoticias.com\/index.php\/wp-json\/wp\/v2\/posts\/9418","targetHints":{"allow":["GET"]}}],"collection":[{"href":"https:\/\/cdnoticias.com\/index.php\/wp-json\/wp\/v2\/posts"}],"about":[{"href":"https:\/\/cdnoticias.com\/index.php\/wp-json\/wp\/v2\/types\/post"}],"author":[{"embeddable":true,"href":"https:\/\/cdnoticias.com\/index.php\/wp-json\/wp\/v2\/users\/3"}],"replies":[{"embeddable":true,"href":"https:\/\/cdnoticias.com\/index.php\/wp-json\/wp\/v2\/comments?post=9418"}],"version-history":[{"count":0,"href":"https:\/\/cdnoticias.com\/index.php\/wp-json\/wp\/v2\/posts\/9418\/revisions"}],"wp:featuredmedia":[{"embeddable":true,"href":"https:\/\/cdnoticias.com\/index.php\/wp-json\/wp\/v2\/media\/9417"}],"wp:attachment":[{"href":"https:\/\/cdnoticias.com\/index.php\/wp-json\/wp\/v2\/media?parent=9418"}],"wp:term":[{"taxonomy":"category","embeddable":true,"href":"https:\/\/cdnoticias.com\/index.php\/wp-json\/wp\/v2\/categories?post=9418"},{"taxonomy":"post_tag","embeddable":true,"href":"https:\/\/cdnoticias.com\/index.php\/wp-json\/wp\/v2\/tags?post=9418"}],"curies":[{"name":"wp","href":"https:\/\/api.w.org\/{rel}","templated":true}]}}