{"id":94162,"date":"2023-08-24T21:23:54","date_gmt":"2023-08-25T00:23:54","guid":{"rendered":"https:\/\/www.centraldenoticias.com.ar\/?p=94162"},"modified":"2023-08-25T08:37:39","modified_gmt":"2023-08-25T11:37:39","slug":"robaron-por-vez-13-en-un-kiosco-se-llevaron-un-oso-de-peluche-de-100-mil-pesos","status":"publish","type":"post","link":"https:\/\/cdnoticias.com\/index.php\/2023\/08\/24\/robaron-por-vez-13-en-un-kiosco-se-llevaron-un-oso-de-peluche-de-100-mil-pesos\/","title":{"rendered":"Robaron por vez 13 en un kiosco: se llevaron un oso de peluche de 100 mil pesos"},"content":{"rendered":"<p>El ins\u00f3lito hecho se produjo en Avellaneda y Aguilar. \u201cNo sabemos c\u00f3mo trabajar, nos prometieron una c\u00e1mara de seguridad hace dos a\u00f1os y no pasa nada\u201d dijo su due\u00f1o.<!--more--><\/p>\n<hr \/>\n<p>Este jueves, un ins\u00f3lito hecho se produjo en un<strong> kiosco ubicado en Avellaneda y Aguilar: le robaron por decimotercera vez en lo que va del a\u00f1o, <\/strong>pero en esta ocasi\u00f3n <strong>sustrajeron un oso de peluche de m\u00e1s de 100 mil pesos<\/strong>.<\/p>\n<p>&nbsp;<\/p>\n<p>El titular del comercio brind\u00f3 las im\u00e1genes de seguridad a <strong>Central de Noticias: <\/strong>all\u00ed se puede ver c\u00f3mo<strong>, con total libertad, un hombre ingresa al local, toma el oso, pregunta cu\u00e1nto cuesta al mismo tiempo que huye como si nada pasara.<\/strong><\/p>\n<p>&nbsp;<\/p>\n<blockquote class=\"instagram-media\" style=\"background: #FFF; border: 0; border-radius: 3px; box-shadow: 0 0 1px 0 rgba(0,0,0,0.5),0 1px 10px 0 rgba(0,0,0,0.15); margin: 1px; max-width: 540px; min-width: 326px; padding: 0; width: calc(100% - 2px);\" data-instgrm-captioned=\"\" data-instgrm-permalink=\"https:\/\/www.instagram.com\/reel\/CwWOOCrIris\/?utm_source=ig_embed&amp;utm_campaign=loading\" data-instgrm-version=\"14\">\n<div style=\"padding: 16px;\">\n<p>&nbsp;<\/p>\n<div style=\"display: flex; flex-direction: row; align-items: center;\">\n<div style=\"background-color: #f4f4f4; border-radius: 50%; flex-grow: 0; height: 40px; margin-right: 14px; width: 40px;\"><\/div>\n<div style=\"display: flex; flex-direction: column; flex-grow: 1; justify-content: center;\">\n<div style=\"background-color: #f4f4f4; border-radius: 4px; flex-grow: 0; height: 14px; margin-bottom: 6px; width: 100px;\"><\/div>\n<div style=\"background-color: #f4f4f4; border-radius: 4px; flex-grow: 0; height: 14px; width: 60px;\"><\/div>\n<\/div>\n<\/div>\n<div style=\"padding: 19% 0;\"><\/div>\n<div style=\"display: block; height: 50px; margin: 0 auto 12px; width: 50px;\"><\/div>\n<div style=\"padding-top: 8px;\">\n<div style=\"color: #3897f0; font-family: Arial,sans-serif; font-size: 14px; font-style: normal; font-weight: 550; line-height: 18px;\">Ver esta publicaci\u00f3n en Instagram<\/div>\n<\/div>\n<div style=\"padding: 12.5% 0;\"><\/div>\n<div style=\"display: flex; flex-direction: row; margin-bottom: 14px; align-items: center;\">\n<div>\n<div style=\"background-color: #f4f4f4; border-radius: 50%; height: 12.5px; width: 12.5px; transform: translateX(0px) translateY(7px);\"><\/div>\n<div style=\"background-color: #f4f4f4; height: 12.5px; transform: rotate(-45deg) translateX(3px) translateY(1px); width: 12.5px; flex-grow: 0; margin-right: 14px; margin-left: 2px;\"><\/div>\n<div style=\"background-color: #f4f4f4; border-radius: 50%; height: 12.5px; width: 12.5px; transform: translateX(9px) translateY(-18px);\"><\/div>\n<\/div>\n<div style=\"margin-left: 8px;\">\n<div style=\"background-color: #f4f4f4; border-radius: 50%; flex-grow: 0; height: 20px; width: 20px;\"><\/div>\n<div style=\"width: 0; height: 0; border-top: 2px solid transparent; border-left: 6px solid #f4f4f4; border-bottom: 2px solid transparent; transform: translateX(16px) translateY(-4px) rotate(30deg);\"><\/div>\n<\/div>\n<div style=\"margin-left: auto;\">\n<div style=\"width: 0px; border-top: 8px solid #F4F4F4; border-right: 8px solid transparent; transform: translateY(16px);\"><\/div>\n<div style=\"background-color: #f4f4f4; flex-grow: 0; height: 12px; width: 16px; transform: translateY(-4px);\"><\/div>\n<div style=\"width: 0; height: 0; border-top: 8px solid #F4F4F4; border-left: 8px solid transparent; transform: translateY(-4px) translateX(8px);\"><\/div>\n<\/div>\n<\/div>\n<div style=\"display: flex; flex-direction: column; flex-grow: 1; justify-content: center; margin-bottom: 24px;\">\n<div style=\"background-color: #f4f4f4; border-radius: 4px; flex-grow: 0; height: 14px; margin-bottom: 6px; width: 224px;\"><\/div>\n<div style=\"background-color: #f4f4f4; border-radius: 4px; flex-grow: 0; height: 14px; width: 144px;\"><\/div>\n<\/div>\n<p>&nbsp;<\/p>\n<p style=\"color: #c9c8cd; font-family: Arial,sans-serif; font-size: 14px; line-height: 17px; margin-bottom: 0; margin-top: 8px; overflow: hidden; padding: 8px 0 7px; text-align: center; text-overflow: ellipsis; white-space: nowrap;\"><a style=\"color: #c9c8cd; font-family: Arial,sans-serif; font-size: 14px; font-style: normal; font-weight: normal; line-height: 17px; text-decoration: none;\" href=\"https:\/\/www.instagram.com\/reel\/CwWOOCrIris\/?utm_source=ig_embed&amp;utm_campaign=loading\" target=\"_blank\" rel=\"noopener\">Una publicaci\u00f3n compartida por Central de Noticias Olavarr\u00eda (@cdnolavarria)<\/a><\/p>\n<\/div>\n<\/blockquote>\n<p><script async src=\"\/\/www.instagram.com\/embed.js\"><\/script><\/p>\n<p>&nbsp;<\/p>\n<p>La empleada intent\u00f3 atraparlo pero huy\u00f3 con el oso en una moto.<\/p>\n<p>&nbsp;<\/p>\n<p><strong><em>\u201cEs el robo n\u00famero 13 en lo que va del a\u00f1o, ya no sabemos c\u00f3mo trabajar\u201d<\/em> <\/strong>dijo el titular del comercio, visiblemente resignado.<strong><em> \u201cNos prometieron una c\u00e1mara de seguridad policial hace dos a\u00f1os atr\u00e1s y no pasa nada\u201d<\/em> <\/strong>agreg\u00f3.<\/p>\n<p>&nbsp;<\/p>\n<p><strong>El oso, seg\u00fan detall\u00f3, mide 1.70m y vale m\u00e1s de 100 mil pesos.<\/strong> Por estos minutos, radicar\u00eda la denuncia para tratar de esclarecer el hecho.<\/p>\n<p>&nbsp;<\/p>\n<p>El robo n\u00famero 12 de este comercio se produjo a fines de junio: <a href=\"https:\/\/cdnoticias.com\/index.php\/2023\/06\/25\/en-lo-que-va-del-ano-robaron-12-veces-en-un-kiosco\/\" target=\"_blank\" rel=\"noopener\">los propietarios tambi\u00e9n dieron a conocer el caso<\/a>.<\/p>\n<p>&nbsp;<\/p>\n<blockquote class=\"wp-embedded-content\" data-secret=\"sWvlbljjDk\"><p><a href=\"https:\/\/cdnoticias.com\/index.php\/2023\/06\/25\/en-lo-que-va-del-ano-robaron-12-veces-en-un-kiosco\/\">En lo que va del a\u00f1o robaron 12 veces en un kiosco<\/a><\/p><\/blockquote>\n<p><iframe loading=\"lazy\" class=\"wp-embedded-content\" sandbox=\"allow-scripts\" security=\"restricted\" style=\"position: absolute; clip: rect(1px, 1px, 1px, 1px);\" title=\"&#8220;En lo que va del a\u00f1o robaron 12 veces en un kiosco&#8221; &#8212; Central de Noticias | Olavarr\u00eda\" src=\"https:\/\/cdnoticias.com\/index.php\/2023\/06\/25\/en-lo-que-va-del-ano-robaron-12-veces-en-un-kiosco\/embed\/#?secret=Kkre7nkar6#?secret=sWvlbljjDk\" data-secret=\"sWvlbljjDk\" width=\"600\" height=\"338\" frameborder=\"0\" marginwidth=\"0\" marginheight=\"0\" scrolling=\"no\"><\/iframe><\/p>\n<p>&nbsp;<\/p>\n","protected":false},"excerpt":{"rendered":"<p>El ins\u00f3lito hecho se produjo en Avellaneda y Aguilar. \u201cNo sabemos c\u00f3mo trabajar, nos prometieron una c\u00e1mara de seguridad hace<\/p>\n","protected":false},"author":2,"featured_media":94163,"comment_status":"closed","ping_status":"closed","sticky":false,"template":"","format":"standard","meta":{"_jetpack_memberships_contains_paid_content":false,"footnotes":""},"categories":[14,1],"tags":[],"class_list":["post-94162","post","type-post","status-publish","format-standard","has-post-thumbnail","hentry","category-policiales","category-portada"],"jetpack_featured_media_url":"https:\/\/i0.wp.com\/cdnoticias.com\/wp-content\/uploads\/2023\/08\/WhatsApp-Image-2023-08-24-at-20.38.21.jpeg?fit=712%2C389&ssl=1","jetpack_sharing_enabled":true,"_links":{"self":[{"href":"https:\/\/cdnoticias.com\/index.php\/wp-json\/wp\/v2\/posts\/94162","targetHints":{"allow":["GET"]}}],"collection":[{"href":"https:\/\/cdnoticias.com\/index.php\/wp-json\/wp\/v2\/posts"}],"about":[{"href":"https:\/\/cdnoticias.com\/index.php\/wp-json\/wp\/v2\/types\/post"}],"author":[{"embeddable":true,"href":"https:\/\/cdnoticias.com\/index.php\/wp-json\/wp\/v2\/users\/2"}],"replies":[{"embeddable":true,"href":"https:\/\/cdnoticias.com\/index.php\/wp-json\/wp\/v2\/comments?post=94162"}],"version-history":[{"count":0,"href":"https:\/\/cdnoticias.com\/index.php\/wp-json\/wp\/v2\/posts\/94162\/revisions"}],"wp:featuredmedia":[{"embeddable":true,"href":"https:\/\/cdnoticias.com\/index.php\/wp-json\/wp\/v2\/media\/94163"}],"wp:attachment":[{"href":"https:\/\/cdnoticias.com\/index.php\/wp-json\/wp\/v2\/media?parent=94162"}],"wp:term":[{"taxonomy":"category","embeddable":true,"href":"https:\/\/cdnoticias.com\/index.php\/wp-json\/wp\/v2\/categories?post=94162"},{"taxonomy":"post_tag","embeddable":true,"href":"https:\/\/cdnoticias.com\/index.php\/wp-json\/wp\/v2\/tags?post=94162"}],"curies":[{"name":"wp","href":"https:\/\/api.w.org\/{rel}","templated":true}]}}