{"id":94158,"date":"2023-08-24T20:48:11","date_gmt":"2023-08-24T23:48:11","guid":{"rendered":"https:\/\/www.centraldenoticias.com.ar\/?p=94158"},"modified":"2023-08-24T21:24:12","modified_gmt":"2023-08-25T00:24:12","slug":"mas-de-150-personas-se-manifestaron-en-sierras-bayas-y-pidieron-la-restitucion-del-delegado-rikal","status":"publish","type":"post","link":"https:\/\/cdnoticias.com\/index.php\/2023\/08\/24\/mas-de-150-personas-se-manifestaron-en-sierras-bayas-y-pidieron-la-restitucion-del-delegado-rikal\/","title":{"rendered":"M\u00e1s de 150 personas se manifestaron en Sierras Bayas y pidieron la restituci\u00f3n del delegado Rikal"},"content":{"rendered":"<p>Vecinos de Sierras Bayas se reunieron este jueves en rechazo a la decisi\u00f3n de Galli de reemplazar al delegado Guillermo Rikal, entre otros reclamos. Adem\u00e1s, le contestaron al Intendente que justific\u00f3 el reemplazo porque &#8220;las urnas hablaron\u201d. Presentar\u00e1n un petitorio por su restituci\u00f3n en el Concejo Deliberante.<!--more--><\/p>\n<hr \/>\n<p>En la tarde de este jueves, alrededor de <strong>150 vecinos y vecinas de la localidad de Sierras Bayas se manifestaron en la plaza central<\/strong> <strong>del pueblo para reclamar sobre la decisi\u00f3n del intendente Ezequiel Galli de destituir al delegado Guillermo Rikal. <\/strong>En un clima de enojo y tensi\u00f3n, los manifestantes resaltaron \u201cestar presentes apoy\u00e1ndolo a \u00e9l\u201d y agregaron que \u201cfue un error realmente para la democracia\u201d.<\/p>\n<p>&nbsp;<\/p>\n<p>Entre las vecinas y vecinos autoconvocados tambi\u00e9n se pudo escuchar que <em><strong>\u201cse le falt\u00f3 el respeto al pueblo\u201d<\/strong><\/em> a la par que se expres\u00f3 que \u201c<em>Ezequiel Galli tiene que dar vuelta la p\u00e1gina y dejar que Rikal termine su mandato como delegado municipal\u201d<\/em>.<\/p>\n<p>&nbsp;<\/p>\n<p>\u201c<em>Espero que esta situaci\u00f3n se revierta, y lo tengamos a Guillermo nuevamente presente en nuestra localidad\u201d<\/em> expres\u00f3 Luis Banzi, un vecino de la localidad que llev\u00f3 una bandera de Sierras Bayas a la manifestaci\u00f3n.<\/p>\n<p>&nbsp;<\/p>\n<p><img data-recalc-dims=\"1\" loading=\"lazy\" decoding=\"async\" class=\"size-large wp-image-94150 aligncenter\" src=\"https:\/\/i0.wp.com\/cdnoticias.com\/wp-content\/uploads\/2023\/08\/ssbb-4.jpg?resize=800%2C445&#038;ssl=1\" alt=\"\" width=\"800\" height=\"445\" srcset=\"https:\/\/i0.wp.com\/cdnoticias.com\/wp-content\/uploads\/2023\/08\/ssbb-4.jpg?resize=1024%2C570&amp;ssl=1 1024w, https:\/\/i0.wp.com\/cdnoticias.com\/wp-content\/uploads\/2023\/08\/ssbb-4.jpg?resize=300%2C167&amp;ssl=1 300w, https:\/\/i0.wp.com\/cdnoticias.com\/wp-content\/uploads\/2023\/08\/ssbb-4.jpg?resize=768%2C428&amp;ssl=1 768w, https:\/\/i0.wp.com\/cdnoticias.com\/wp-content\/uploads\/2023\/08\/ssbb-4.jpg?resize=800%2C445&amp;ssl=1 800w, https:\/\/i0.wp.com\/cdnoticias.com\/wp-content\/uploads\/2023\/08\/ssbb-4.jpg?w=1072&amp;ssl=1 1072w\" sizes=\"auto, (max-width: 800px) 100vw, 800px\" \/><\/p>\n<p>&nbsp;<\/p>\n<p>El \u00faltimo martes el intendente Ezequiel Galli realiz\u00f3 un comunicado en el que informaba que Rikal se encontraba apartado del cargo de delegado municipal en la localidad serrana, y que en su lugar asumir\u00eda Alejandro Pereyra.<\/p>\n<p>&nbsp;<\/p>\n<blockquote class=\"wp-embedded-content\" data-secret=\"hGzSAVAoA3\"><p><a href=\"https:\/\/cdnoticias.com\/index.php\/2023\/08\/22\/ezequiel-galli-reemplazo-al-delegado-de-sierras-bayas\/\">Ezequiel Galli reemplaz\u00f3 al delegado de Sierras Bayas<\/a><\/p><\/blockquote>\n<p><iframe loading=\"lazy\" class=\"wp-embedded-content\" sandbox=\"allow-scripts\" security=\"restricted\" style=\"position: absolute; clip: rect(1px, 1px, 1px, 1px);\" title=\"&#8220;Ezequiel Galli reemplaz\u00f3 al delegado de Sierras Bayas&#8221; &#8212; Central de Noticias | Olavarr\u00eda\" src=\"https:\/\/cdnoticias.com\/index.php\/2023\/08\/22\/ezequiel-galli-reemplazo-al-delegado-de-sierras-bayas\/embed\/#?secret=uxzBWI2IYb#?secret=hGzSAVAoA3\" data-secret=\"hGzSAVAoA3\" width=\"600\" height=\"338\" frameborder=\"0\" marginwidth=\"0\" marginheight=\"0\" scrolling=\"no\"><\/iframe><\/p>\n<p>&nbsp;<\/p>\n<p><em>\u201cNos dio impotencia a todos que lo hayan sacado de esa manera, y que nos hayamos enterado de esa manera tambi\u00e9n. Me parece que hay otras formas y que Guillermo no se merec\u00eda esa forma. Creo que todos los que estamos ac\u00e1 sabemos que \u00e9l estaba abierto al di\u00e1logo, a recibir las peticiones del pueblo. Vivimos toda una pandemia en donde estuvo a disposici\u00f3n del pueblo, yo lo viv\u00ed embarazada y fue a mi casa con una vacunadora a vacunarme, asisti\u00f3 a ancianos, a gente desamparada\u201d<\/em> cont\u00f3 una vecina en medio de los aplausos de los presentes.<\/p>\n<p>&nbsp;<\/p>\n<p><img data-recalc-dims=\"1\" loading=\"lazy\" decoding=\"async\" class=\"size-large wp-image-94151 aligncenter\" src=\"https:\/\/i0.wp.com\/cdnoticias.com\/wp-content\/uploads\/2023\/08\/ssbb-5.jpg?resize=800%2C445&#038;ssl=1\" alt=\"\" width=\"800\" height=\"445\" srcset=\"https:\/\/i0.wp.com\/cdnoticias.com\/wp-content\/uploads\/2023\/08\/ssbb-5.jpg?resize=1024%2C570&amp;ssl=1 1024w, https:\/\/i0.wp.com\/cdnoticias.com\/wp-content\/uploads\/2023\/08\/ssbb-5.jpg?resize=300%2C167&amp;ssl=1 300w, https:\/\/i0.wp.com\/cdnoticias.com\/wp-content\/uploads\/2023\/08\/ssbb-5.jpg?resize=768%2C428&amp;ssl=1 768w, https:\/\/i0.wp.com\/cdnoticias.com\/wp-content\/uploads\/2023\/08\/ssbb-5.jpg?resize=800%2C445&amp;ssl=1 800w, https:\/\/i0.wp.com\/cdnoticias.com\/wp-content\/uploads\/2023\/08\/ssbb-5.jpg?w=1072&amp;ssl=1 1072w\" sizes=\"auto, (max-width: 800px) 100vw, 800px\" \/><\/p>\n<p>&nbsp;<\/p>\n<p>Los sierrabayenses destacaron que el rechazo a la medida de Galli es en gran parte porque pas\u00f3 por alto a<strong> la mayor\u00eda que vot\u00f3 por Rikal para que ocupe el cargo.<\/strong><\/p>\n<p>&nbsp;<\/p>\n<p>\u201cHubo un decreto del Intendente en donde nos dec\u00eda las localidades que pod\u00edamos elegir a la persona que nos represente, porque en realidad todos sabemos que dependemos de la Municipalidad de Olavarr\u00eda y que solamente es un representante que eleva peticiones del pueblo\u201d agregaron los vecinos, quienes a mano alzada reafirmaron que no quieren que reemplacen a Rikal.<\/p>\n<p>&nbsp;<\/p>\n<p><img data-recalc-dims=\"1\" loading=\"lazy\" decoding=\"async\" class=\"size-large wp-image-94154 aligncenter\" src=\"https:\/\/i0.wp.com\/cdnoticias.com\/wp-content\/uploads\/2023\/08\/ssbb-8.jpg?resize=800%2C445&#038;ssl=1\" alt=\"\" width=\"800\" height=\"445\" srcset=\"https:\/\/i0.wp.com\/cdnoticias.com\/wp-content\/uploads\/2023\/08\/ssbb-8.jpg?resize=1024%2C570&amp;ssl=1 1024w, https:\/\/i0.wp.com\/cdnoticias.com\/wp-content\/uploads\/2023\/08\/ssbb-8.jpg?resize=300%2C167&amp;ssl=1 300w, https:\/\/i0.wp.com\/cdnoticias.com\/wp-content\/uploads\/2023\/08\/ssbb-8.jpg?resize=768%2C427&amp;ssl=1 768w, https:\/\/i0.wp.com\/cdnoticias.com\/wp-content\/uploads\/2023\/08\/ssbb-8.jpg?resize=800%2C445&amp;ssl=1 800w, https:\/\/i0.wp.com\/cdnoticias.com\/wp-content\/uploads\/2023\/08\/ssbb-8.jpg?w=1068&amp;ssl=1 1068w\" sizes=\"auto, (max-width: 800px) 100vw, 800px\" \/><\/p>\n<p>&nbsp;<\/p>\n<p>\u201cTengo 31 a\u00f1os y han pasado varios delegados desde que soy chica, y <strong>nunca vi a alguien trabajar a la par de los empleados municipales y ponerse la localidad al hombro<\/strong>. <strong>Me parece que se merece que nosotros hoy estemos ac\u00e1 defendi\u00e9ndolo a \u00e9l y defendiendo la democracia<\/strong>\u201d manifest\u00f3 Agustina Randazzo, una de las que comenz\u00f3 la cadena de mensajes organizando la protesta en repudio.<\/p>\n<p>&nbsp;<\/p>\n<p><img data-recalc-dims=\"1\" loading=\"lazy\" decoding=\"async\" class=\"size-large wp-image-94148 aligncenter\" src=\"https:\/\/i0.wp.com\/cdnoticias.com\/wp-content\/uploads\/2023\/08\/ssbb-2.jpg?resize=800%2C445&#038;ssl=1\" alt=\"\" width=\"800\" height=\"445\" srcset=\"https:\/\/i0.wp.com\/cdnoticias.com\/wp-content\/uploads\/2023\/08\/ssbb-2.jpg?resize=1024%2C570&amp;ssl=1 1024w, https:\/\/i0.wp.com\/cdnoticias.com\/wp-content\/uploads\/2023\/08\/ssbb-2.jpg?resize=300%2C167&amp;ssl=1 300w, https:\/\/i0.wp.com\/cdnoticias.com\/wp-content\/uploads\/2023\/08\/ssbb-2.jpg?resize=768%2C428&amp;ssl=1 768w, https:\/\/i0.wp.com\/cdnoticias.com\/wp-content\/uploads\/2023\/08\/ssbb-2.jpg?resize=800%2C445&amp;ssl=1 800w, https:\/\/i0.wp.com\/cdnoticias.com\/wp-content\/uploads\/2023\/08\/ssbb-2.jpg?w=1072&amp;ssl=1 1072w\" sizes=\"auto, (max-width: 800px) 100vw, 800px\" \/><\/p>\n<p>&nbsp;<\/p>\n<blockquote><p>\u201cNuestra autoridad mayor es el Intendente, que tiene la posibilidad de sacar o no a alguien como delegado. \u00c9l dijo que las urnas hablaron. \u00bfQu\u00e9 quiere decir que las urnas hablaron? Las urnas en el pueblo dijeron que no queremos a Galli. \u00bf\u00c9l qu\u00e9 quiso decir? Que Guillermo ac\u00e1 hab\u00eda perdido. Pero a Guillermo lo sacaron\u201d afirm\u00f3 una de las primeras vecinas en pedir la palabra.<\/p>\n<p>&nbsp;<\/p><\/blockquote>\n<p><img data-recalc-dims=\"1\" loading=\"lazy\" decoding=\"async\" class=\"size-large wp-image-94147 aligncenter\" src=\"https:\/\/i0.wp.com\/cdnoticias.com\/wp-content\/uploads\/2023\/08\/ssbb-1.jpg?resize=800%2C445&#038;ssl=1\" alt=\"\" width=\"800\" height=\"445\" srcset=\"https:\/\/i0.wp.com\/cdnoticias.com\/wp-content\/uploads\/2023\/08\/ssbb-1.jpg?resize=1024%2C570&amp;ssl=1 1024w, https:\/\/i0.wp.com\/cdnoticias.com\/wp-content\/uploads\/2023\/08\/ssbb-1.jpg?resize=300%2C167&amp;ssl=1 300w, https:\/\/i0.wp.com\/cdnoticias.com\/wp-content\/uploads\/2023\/08\/ssbb-1.jpg?resize=768%2C428&amp;ssl=1 768w, https:\/\/i0.wp.com\/cdnoticias.com\/wp-content\/uploads\/2023\/08\/ssbb-1.jpg?resize=800%2C445&amp;ssl=1 800w, https:\/\/i0.wp.com\/cdnoticias.com\/wp-content\/uploads\/2023\/08\/ssbb-1.jpg?w=1072&amp;ssl=1 1072w\" sizes=\"auto, (max-width: 800px) 100vw, 800px\" \/><\/p>\n<p>&nbsp;<\/p>\n<p>A modo de micr\u00f3fono abierto, pero levantando la voz, todos los presentes manifestaron su descontento con la decisi\u00f3n, adem\u00e1s de enumerar otros problemas que sufre el pueblo. Entre otros reclamos, protestaron contra el funcionamiento del sistema de salud en la localidad: \u201cEl Hospital se convirti\u00f3 en salita. <strong>No tenemos m\u00e9dico<\/strong>, <strong>no tenemos ambulancia,<\/strong> si pasa algo tiene que venir de otras localidades. Es una verg\u00fcenza.\u201d<\/p>\n<p>&nbsp;<\/p>\n<p>Adem\u00e1s, mencionaron a las 150 viviendas que hoy no tienen cord\u00f3n cuneta y \u201c<em>nos est\u00e1n licitando el Camino de la Piedra que nosotros los vecinos tenemos que pagar y que est\u00e1n rompiendo los camiones. El Intendente y sus amigos siguen orde\u00f1ando esa vaca lechera que es el Impuesto de la Piedra \u00bfQu\u00e9 le vamos a dejar a nuestros hijos? un pozo de cantera<\/em>\u201d sentenci\u00f3 Coco Fern\u00e1ndez, otro de los vecinos.<\/p>\n<p>&nbsp;<\/p>\n<p><img data-recalc-dims=\"1\" loading=\"lazy\" decoding=\"async\" class=\"size-large wp-image-94155 aligncenter\" src=\"https:\/\/i0.wp.com\/cdnoticias.com\/wp-content\/uploads\/2023\/08\/ssbb-9.jpg?resize=800%2C445&#038;ssl=1\" alt=\"\" width=\"800\" height=\"445\" srcset=\"https:\/\/i0.wp.com\/cdnoticias.com\/wp-content\/uploads\/2023\/08\/ssbb-9.jpg?resize=1024%2C570&amp;ssl=1 1024w, https:\/\/i0.wp.com\/cdnoticias.com\/wp-content\/uploads\/2023\/08\/ssbb-9.jpg?resize=300%2C167&amp;ssl=1 300w, https:\/\/i0.wp.com\/cdnoticias.com\/wp-content\/uploads\/2023\/08\/ssbb-9.jpg?resize=768%2C428&amp;ssl=1 768w, https:\/\/i0.wp.com\/cdnoticias.com\/wp-content\/uploads\/2023\/08\/ssbb-9.jpg?resize=800%2C445&amp;ssl=1 800w, https:\/\/i0.wp.com\/cdnoticias.com\/wp-content\/uploads\/2023\/08\/ssbb-9.jpg?w=1072&amp;ssl=1 1072w\" sizes=\"auto, (max-width: 800px) 100vw, 800px\" \/><\/p>\n<p>&nbsp;<\/p>\n<p>Ante la cantidad de comentarios en rechazo a la decisi\u00f3n de Galli, la vecina y abogada Mercedes Balbiani tom\u00f3 la palabra y propuso elevar el pedido a una instancia mayor. El reclamo seguir\u00e1 en el Concejo Deliberante a trav\u00e9s de una nota que en ese mismo momento comenzaron a firmar. \u201cDemocr\u00e1ticamente hablando, <strong>deber\u00eda continuar Guillermo hasta 2024<\/strong> y despu\u00e9s darnos a nosotros de vuelta la decisi\u00f3n de votar al delegado que sea\u201d concluyeron los presentes.<\/p>\n<p>&nbsp;<\/p>\n<p><img data-recalc-dims=\"1\" loading=\"lazy\" decoding=\"async\" class=\"size-large wp-image-94153 aligncenter\" src=\"https:\/\/i0.wp.com\/cdnoticias.com\/wp-content\/uploads\/2023\/08\/ssbb-7.jpg?resize=800%2C445&#038;ssl=1\" alt=\"\" width=\"800\" height=\"445\" srcset=\"https:\/\/i0.wp.com\/cdnoticias.com\/wp-content\/uploads\/2023\/08\/ssbb-7.jpg?resize=1024%2C570&amp;ssl=1 1024w, https:\/\/i0.wp.com\/cdnoticias.com\/wp-content\/uploads\/2023\/08\/ssbb-7.jpg?resize=300%2C167&amp;ssl=1 300w, https:\/\/i0.wp.com\/cdnoticias.com\/wp-content\/uploads\/2023\/08\/ssbb-7.jpg?resize=768%2C427&amp;ssl=1 768w, https:\/\/i0.wp.com\/cdnoticias.com\/wp-content\/uploads\/2023\/08\/ssbb-7.jpg?resize=800%2C445&amp;ssl=1 800w, https:\/\/i0.wp.com\/cdnoticias.com\/wp-content\/uploads\/2023\/08\/ssbb-7.jpg?w=1089&amp;ssl=1 1089w\" sizes=\"auto, (max-width: 800px) 100vw, 800px\" \/><\/p>\n","protected":false},"excerpt":{"rendered":"<p>Vecinos de Sierras Bayas se reunieron este jueves en rechazo a la decisi\u00f3n de Galli de reemplazar al delegado Guillermo<\/p>\n","protected":false},"author":2,"featured_media":94149,"comment_status":"closed","ping_status":"closed","sticky":false,"template":"","format":"standard","meta":{"_jetpack_memberships_contains_paid_content":false,"footnotes":""},"categories":[4,1],"tags":[],"class_list":["post-94158","post","type-post","status-publish","format-standard","has-post-thumbnail","hentry","category-politica","category-portada"],"jetpack_featured_media_url":"https:\/\/i0.wp.com\/cdnoticias.com\/wp-content\/uploads\/2023\/08\/ssbb-3.jpg?fit=1072%2C596&ssl=1","jetpack_sharing_enabled":true,"_links":{"self":[{"href":"https:\/\/cdnoticias.com\/index.php\/wp-json\/wp\/v2\/posts\/94158","targetHints":{"allow":["GET"]}}],"collection":[{"href":"https:\/\/cdnoticias.com\/index.php\/wp-json\/wp\/v2\/posts"}],"about":[{"href":"https:\/\/cdnoticias.com\/index.php\/wp-json\/wp\/v2\/types\/post"}],"author":[{"embeddable":true,"href":"https:\/\/cdnoticias.com\/index.php\/wp-json\/wp\/v2\/users\/2"}],"replies":[{"embeddable":true,"href":"https:\/\/cdnoticias.com\/index.php\/wp-json\/wp\/v2\/comments?post=94158"}],"version-history":[{"count":0,"href":"https:\/\/cdnoticias.com\/index.php\/wp-json\/wp\/v2\/posts\/94158\/revisions"}],"wp:featuredmedia":[{"embeddable":true,"href":"https:\/\/cdnoticias.com\/index.php\/wp-json\/wp\/v2\/media\/94149"}],"wp:attachment":[{"href":"https:\/\/cdnoticias.com\/index.php\/wp-json\/wp\/v2\/media?parent=94158"}],"wp:term":[{"taxonomy":"category","embeddable":true,"href":"https:\/\/cdnoticias.com\/index.php\/wp-json\/wp\/v2\/categories?post=94158"},{"taxonomy":"post_tag","embeddable":true,"href":"https:\/\/cdnoticias.com\/index.php\/wp-json\/wp\/v2\/tags?post=94158"}],"curies":[{"name":"wp","href":"https:\/\/api.w.org\/{rel}","templated":true}]}}