{"id":9413,"date":"2020-12-19T19:42:03","date_gmt":"2020-12-19T22:42:03","guid":{"rendered":"http:\/\/www.centraldenoticias.com.ar\/?p=9413"},"modified":"2020-12-19T20:41:09","modified_gmt":"2020-12-19T23:41:09","slug":"covid-en-olavarria-se-registraron-46-nuevos-casos","status":"publish","type":"post","link":"https:\/\/cdnoticias.com\/index.php\/2020\/12\/19\/covid-en-olavarria-se-registraron-46-nuevos-casos\/","title":{"rendered":"Covid en Olavarr\u00eda: se registraron 46 nuevos casos"},"content":{"rendered":"<p>&nbsp;<\/p>\n<p>As\u00ed fue informado por la secretar\u00eda de Salud Municipal. Los casos de este s\u00e1bado corresponden a personal de seguridad, por reuniones sociales y a nexos con positivos anteriores.<!--more--><\/p>\n<hr \/>\n<p>Este s\u00e1bado se conoci\u00f3 un nuevo parte diario sobre la situaci\u00f3n sanitaria en el partido de Olavarr\u00eda. Seg\u00fan se inform\u00f3, <strong>se registraron 49 nuevos casos y hubo 17 personas que recibieron el alta m\u00e9dica.<\/strong><\/p>\n<p>&nbsp;<\/p>\n<p>Adem\u00e1s, desde la cartera sanitaria se indic\u00f3 que <strong>se descartaron 60 casos sospechosos y de esta forma, la cantidad de positivos activos actuales asciende a 216.<\/strong> Recordemos que la cifra de fallecidos desde el inicio de la pandemia es de 90 personas.<\/p>\n<p>&nbsp;<\/p>\n<p><img data-recalc-dims=\"1\" loading=\"lazy\" decoding=\"async\" class=\"alignnone size-full wp-image-9412\" src=\"https:\/\/i0.wp.com\/cdnoticias.com\/wp-content\/uploads\/2020\/12\/parte-12.jpg?resize=800%2C402&#038;ssl=1\" alt=\"\" width=\"800\" height=\"402\" srcset=\"https:\/\/i0.wp.com\/cdnoticias.com\/wp-content\/uploads\/2020\/12\/parte-12.jpg?w=1214&amp;ssl=1 1214w, https:\/\/i0.wp.com\/cdnoticias.com\/wp-content\/uploads\/2020\/12\/parte-12.jpg?resize=300%2C151&amp;ssl=1 300w, https:\/\/i0.wp.com\/cdnoticias.com\/wp-content\/uploads\/2020\/12\/parte-12.jpg?resize=768%2C386&amp;ssl=1 768w, https:\/\/i0.wp.com\/cdnoticias.com\/wp-content\/uploads\/2020\/12\/parte-12.jpg?resize=1024%2C515&amp;ssl=1 1024w\" sizes=\"auto, (max-width: 800px) 100vw, 800px\" \/><\/p>\n<p>&nbsp;<\/p>\n<blockquote><p>Los contagios de la jornada informados por la Secretar\u00eda de Salud corresponden a personal de seguridad, por reuniones sociales y a nexos con positivos anteriores.<\/p><\/blockquote>\n<p>&nbsp;<\/p>\n<p><img data-recalc-dims=\"1\" loading=\"lazy\" decoding=\"async\" class=\"alignnone size-full wp-image-9411\" src=\"https:\/\/i0.wp.com\/cdnoticias.com\/wp-content\/uploads\/2020\/12\/parte02-5.jpg?resize=602%2C599&#038;ssl=1\" alt=\"\" width=\"602\" height=\"599\" srcset=\"https:\/\/i0.wp.com\/cdnoticias.com\/wp-content\/uploads\/2020\/12\/parte02-5.jpg?w=602&amp;ssl=1 602w, https:\/\/i0.wp.com\/cdnoticias.com\/wp-content\/uploads\/2020\/12\/parte02-5.jpg?resize=150%2C150&amp;ssl=1 150w, https:\/\/i0.wp.com\/cdnoticias.com\/wp-content\/uploads\/2020\/12\/parte02-5.jpg?resize=300%2C300&amp;ssl=1 300w\" sizes=\"auto, (max-width: 602px) 100vw, 602px\" \/><\/p>\n<p>&nbsp;<\/p>\n<p>Respecto a la ocupaci\u00f3n hospitalaria, se se\u00f1al\u00f3 que <strong>una persona se encuentra internada en la Unidad de Terapia Intensiva y 8 pacientes permanecen en Cl\u00ednica: 7 en Cuidados Generales y 1 en Pediatr\u00eda. \u00a0<\/strong><\/p>\n","protected":false},"excerpt":{"rendered":"<p>&nbsp; As\u00ed fue informado por la secretar\u00eda de Salud Municipal. Los casos de este s\u00e1bado corresponden a personal de seguridad,<\/p>\n","protected":false},"author":2,"featured_media":6378,"comment_status":"closed","ping_status":"closed","sticky":false,"template":"","format":"standard","meta":{"_jetpack_memberships_contains_paid_content":false,"footnotes":""},"categories":[5,1],"tags":[],"class_list":["post-9413","post","type-post","status-publish","format-standard","has-post-thumbnail","hentry","category-informacion-general","category-portada"],"jetpack_featured_media_url":"https:\/\/i0.wp.com\/cdnoticias.com\/wp-content\/uploads\/2020\/11\/Salud-testeos-intensivos-Sierras-Bayas-1024x683.jpg?fit=1024%2C683&ssl=1","jetpack_sharing_enabled":true,"_links":{"self":[{"href":"https:\/\/cdnoticias.com\/index.php\/wp-json\/wp\/v2\/posts\/9413","targetHints":{"allow":["GET"]}}],"collection":[{"href":"https:\/\/cdnoticias.com\/index.php\/wp-json\/wp\/v2\/posts"}],"about":[{"href":"https:\/\/cdnoticias.com\/index.php\/wp-json\/wp\/v2\/types\/post"}],"author":[{"embeddable":true,"href":"https:\/\/cdnoticias.com\/index.php\/wp-json\/wp\/v2\/users\/2"}],"replies":[{"embeddable":true,"href":"https:\/\/cdnoticias.com\/index.php\/wp-json\/wp\/v2\/comments?post=9413"}],"version-history":[{"count":0,"href":"https:\/\/cdnoticias.com\/index.php\/wp-json\/wp\/v2\/posts\/9413\/revisions"}],"wp:featuredmedia":[{"embeddable":true,"href":"https:\/\/cdnoticias.com\/index.php\/wp-json\/wp\/v2\/media\/6378"}],"wp:attachment":[{"href":"https:\/\/cdnoticias.com\/index.php\/wp-json\/wp\/v2\/media?parent=9413"}],"wp:term":[{"taxonomy":"category","embeddable":true,"href":"https:\/\/cdnoticias.com\/index.php\/wp-json\/wp\/v2\/categories?post=9413"},{"taxonomy":"post_tag","embeddable":true,"href":"https:\/\/cdnoticias.com\/index.php\/wp-json\/wp\/v2\/tags?post=9413"}],"curies":[{"name":"wp","href":"https:\/\/api.w.org\/{rel}","templated":true}]}}