{"id":94114,"date":"2023-08-31T09:39:05","date_gmt":"2023-08-31T12:39:05","guid":{"rendered":"https:\/\/www.centraldenoticias.com.ar\/?p=94114"},"modified":"2023-08-31T09:39:05","modified_gmt":"2023-08-31T12:39:05","slug":"el-espectaculo-gitanas-se-presentara-en-chamula","status":"publish","type":"post","link":"https:\/\/cdnoticias.com\/index.php\/2023\/08\/31\/el-espectaculo-gitanas-se-presentara-en-chamula\/","title":{"rendered":"El espect\u00e1culo &#8220;Gitanas&#8221; se presentar\u00e1 en Chamula"},"content":{"rendered":"<p>Ser\u00e1 el s\u00e1bado 2 de septiembre a partir de las 21 horas. Entradas a la venta. <!--more--><\/p>\n<hr \/>\n<p>El<strong> grupo coreogr\u00e1fico Sentir Gitano <\/strong>presenta su nuevo espect\u00e1culo: <em><strong>\u201cGitanas\u201d, <\/strong><\/em>una obra que combina <strong>danza y teatro con m\u00fasica en vivo<\/strong> y que se propone reivindicar el lugar de la mujer gitana.<\/p>\n<p>&nbsp;<\/p>\n<p>Bajo la direcci\u00f3n esc\u00e9nica de Nicol\u00e1s Mart\u00ednez, cuenta con las coreograf\u00edas de Nancy P\u00e9rez y Liz Gim\u00e9nez. La m\u00fasica en vivo estar\u00e1 a cargo del guitarrista local Lilo Ibarra. Por \u00faltimo, contar\u00e1 con la participaci\u00f3n especial de<strong> La Chicho T\u00e9rez,<\/strong> reconocida artista drag de la ciudad.<\/p>\n<p>&nbsp;<\/p>\n<p><em><strong>\u201cGitanas\u201d<\/strong><\/em>\u00a0 se presentar\u00e1 lugar el <strong>2 de septiembre a las 21 horas<\/strong> en <strong>Chamula, Tierra de las Artes<\/strong> (Maip\u00fa 3756). Para reservar entradas anticipadas comunicarse al 2284-614600. El valor es de $1700 c\/u o\u00a0 $1500 c\/u llevando dos o m\u00e1s. Habr\u00e1 de servicio de cantina.<\/p>\n<p>&nbsp;<\/p>\n","protected":false},"excerpt":{"rendered":"<p>Ser\u00e1 el s\u00e1bado 2 de septiembre a partir de las 21 horas. Entradas a la venta.<\/p>\n","protected":false},"author":6,"featured_media":94115,"comment_status":"closed","ping_status":"closed","sticky":false,"template":"","format":"standard","meta":{"_jetpack_memberships_contains_paid_content":false,"footnotes":""},"categories":[9,1],"tags":[],"class_list":["post-94114","post","type-post","status-publish","format-standard","has-post-thumbnail","hentry","category-cultura","category-portada"],"jetpack_featured_media_url":"https:\/\/i0.wp.com\/cdnoticias.com\/wp-content\/uploads\/2023\/08\/IMG-20230817-WA0017.jpg?fit=1080%2C1350&ssl=1","jetpack_sharing_enabled":true,"_links":{"self":[{"href":"https:\/\/cdnoticias.com\/index.php\/wp-json\/wp\/v2\/posts\/94114","targetHints":{"allow":["GET"]}}],"collection":[{"href":"https:\/\/cdnoticias.com\/index.php\/wp-json\/wp\/v2\/posts"}],"about":[{"href":"https:\/\/cdnoticias.com\/index.php\/wp-json\/wp\/v2\/types\/post"}],"author":[{"embeddable":true,"href":"https:\/\/cdnoticias.com\/index.php\/wp-json\/wp\/v2\/users\/6"}],"replies":[{"embeddable":true,"href":"https:\/\/cdnoticias.com\/index.php\/wp-json\/wp\/v2\/comments?post=94114"}],"version-history":[{"count":0,"href":"https:\/\/cdnoticias.com\/index.php\/wp-json\/wp\/v2\/posts\/94114\/revisions"}],"wp:featuredmedia":[{"embeddable":true,"href":"https:\/\/cdnoticias.com\/index.php\/wp-json\/wp\/v2\/media\/94115"}],"wp:attachment":[{"href":"https:\/\/cdnoticias.com\/index.php\/wp-json\/wp\/v2\/media?parent=94114"}],"wp:term":[{"taxonomy":"category","embeddable":true,"href":"https:\/\/cdnoticias.com\/index.php\/wp-json\/wp\/v2\/categories?post=94114"},{"taxonomy":"post_tag","embeddable":true,"href":"https:\/\/cdnoticias.com\/index.php\/wp-json\/wp\/v2\/tags?post=94114"}],"curies":[{"name":"wp","href":"https:\/\/api.w.org\/{rel}","templated":true}]}}