{"id":94104,"date":"2023-08-24T17:21:13","date_gmt":"2023-08-24T20:21:13","guid":{"rendered":"https:\/\/www.centraldenoticias.com.ar\/?p=94104"},"modified":"2023-08-24T17:30:28","modified_gmt":"2023-08-24T20:30:28","slug":"galli-se-reunio-con-vecinos-de-loma-negra-en-la-obra-de-repavimentacion-de-avenida-avellaneda","status":"publish","type":"post","link":"https:\/\/cdnoticias.com\/index.php\/2023\/08\/24\/galli-se-reunio-con-vecinos-de-loma-negra-en-la-obra-de-repavimentacion-de-avenida-avellaneda\/","title":{"rendered":"Galli se reuni\u00f3 con vecinos de Loma Negra en la obra de repavimentaci\u00f3n de avenida Avellaneda"},"content":{"rendered":"<p>Se trata del avance de dos etapas en simult\u00e1neo y restar\u00e1n 1000 metros de calzada. \u201cEntendemos las complicaciones que ha generado en el ida y vuelta del d\u00eda a d\u00eda. Para nosotros es una obra fundamental\u201d dijo el jefe comunal.<!--more--><\/p>\n<hr \/>\n<p>En la ma\u00f1ana de este jueves, <strong>el intendente Ezequiel Galli mantuvo un encuentro con vecinos de Loma Negra ante el inicio de la tercera y cuarta etapa de la obra de repavimentaci\u00f3n de avenida Avellaneda que se llevar\u00e1 adelante con una inversi\u00f3n total de recursos municipales de 220 millones de pesos.<\/strong><\/p>\n<p>&nbsp;<\/p>\n<p>Del encuentro participaron adem\u00e1s el delegado de Loma Negra Gabriel Suburu y el secretario de Mantenimiento y Obras P\u00fablicas de la Municipalidad Julio Ferraro.<\/p>\n<p>&nbsp;<\/p>\n<p><em>\u201cEs importante que puedan venir y ver lo que estamos haciendo, entendemos las complicaciones que ha generado en el ida y vuelta del d\u00eda a d\u00eda. Para nosotros es una obra fundamental\u201d<\/em>, sostuvo Galli, quien adem\u00e1s les brind\u00f3 detalles acerca del proceso y tiempos de las respectivas licitaciones.<\/p>\n<p>&nbsp;<\/p>\n<p>Galli explic\u00f3 que <strong><em>\u201cla obra se est\u00e1 haciendo en dos tramos, despu\u00e9s nos va a quedar para la \u00faltima etapa que comprende unos 1.000 metros, pero luego de que terminemos estas dos etapas vamos a habilitar el tr\u00e1nsito y va a quedar el \u00faltimo tramo para un futuro no muy lejano\u201d.<\/em><\/strong><\/p>\n<p>&nbsp;<\/p>\n<p>El Intendente puntualiz\u00f3 en la <strong>construcci\u00f3n de la bicisenda, como parte de las medidas para mejorar la seguridad vial y transitabilidad en dicho sector.<\/strong> <em>\u201cEn toda la traza vamos a continuar con la construcci\u00f3n de la bicisenda, al igual que en las primeras dos etapas, es muy importante porque hay mucho tr\u00e1nsito de vecinos que se desplazan en bicicleta para ir a laburar o para realizar actividades como bici turismo o ejercicio\u201d<\/em>, coment\u00f3.<\/p>\n<p>&nbsp;<\/p>\n<p>Sobre cuestiones t\u00e9cnicas de la obra,<strong> Julio Ferraro<\/strong> agreg\u00f3 que <em>\u201cla idea fue separar la bicisenda de la calzada para que no sea peligroso&#8221;. <\/em>En lo que se refiere a la repavimentaci\u00f3n en s\u00ed, dijo que se trata de<em> &#8220;un hormig\u00f3n de 18 cm de espesor, con base de tosca de 20 cm&#8221;.<\/em><\/p>\n<p>&nbsp;<\/p>\n<p><img data-recalc-dims=\"1\" loading=\"lazy\" decoding=\"async\" class=\"aligncenter wp-image-94108 size-large\" src=\"https:\/\/i0.wp.com\/cdnoticias.com\/wp-content\/uploads\/2023\/08\/Obras-Repavimentacion-Av.-Avellaneda-2.jpeg?resize=800%2C600&#038;ssl=1\" alt=\"\" width=\"800\" height=\"600\" srcset=\"https:\/\/i0.wp.com\/cdnoticias.com\/wp-content\/uploads\/2023\/08\/Obras-Repavimentacion-Av.-Avellaneda-2.jpeg?resize=1024%2C768&amp;ssl=1 1024w, https:\/\/i0.wp.com\/cdnoticias.com\/wp-content\/uploads\/2023\/08\/Obras-Repavimentacion-Av.-Avellaneda-2.jpeg?resize=300%2C225&amp;ssl=1 300w, https:\/\/i0.wp.com\/cdnoticias.com\/wp-content\/uploads\/2023\/08\/Obras-Repavimentacion-Av.-Avellaneda-2.jpeg?resize=768%2C576&amp;ssl=1 768w, https:\/\/i0.wp.com\/cdnoticias.com\/wp-content\/uploads\/2023\/08\/Obras-Repavimentacion-Av.-Avellaneda-2.jpeg?resize=1536%2C1152&amp;ssl=1 1536w, https:\/\/i0.wp.com\/cdnoticias.com\/wp-content\/uploads\/2023\/08\/Obras-Repavimentacion-Av.-Avellaneda-2.jpeg?w=1600&amp;ssl=1 1600w\" sizes=\"auto, (max-width: 800px) 100vw, 800px\" \/><\/p>\n<p>&nbsp;<\/p>\n<blockquote><p>\u201cLa idea de la obra es que se termine lo antes posible, hemos realizado una importante inversi\u00f3n y licitamos con dos empresas, una que se encuentra trabajando al fondo y otra al principio. De esta manera le damos trabajo a dos empresas y t\u00e9cnicamente vamos avanzando m\u00e1s r\u00e1pido con la obra\u201d.<\/p><\/blockquote>\n<p>&nbsp;<\/p>\n<p>En este sentido, el funcionario municipal estim\u00f3 que <strong>el plazo de obra es de tres a cuatro meses, aproximadamente.<\/strong><\/p>\n<p>&nbsp;<\/p>\n<p>Tal como lo se\u00f1al\u00f3 el Intendente, se trata de una <em>\u201cobra primordial que permitir\u00e1 mejorar la transitabilidad y seguridad vial para toda la comunidad, especialmente para vecinos de la localidad de Loma Negra, y tambi\u00e9n se traducir\u00e1 en beneficio para el sector productivo local, teniendo en cuenta que es una de las v\u00edas de acceso fundamental a la planta urbana y radicaciones industriales pr\u00f3ximas\u201d.<\/em><\/p>\n<p>&nbsp;<\/p>\n<p>Se trata de un tramo que se encuentra con un pavimento que al momento de realizar la obra estaba <strong><em>\u201ctotalmente deteriorado, que hace dificultoso el tr\u00e1nsito vehicular en un sector que es utilizado como acceso a nuestra ciudad por vecinos de las villas serranas\u201d.<\/em><\/strong><\/p>\n<p>&nbsp;<\/p>\n<p>En este sentido, adem\u00e1s de la obra de repavimentaci\u00f3n en s\u00ed, <strong>se incluye un sector de bicisendas que permitir\u00e1 el desarrollo de actividades f\u00edsicas y el tr\u00e1nsito seguro de ciclistas, como continuaci\u00f3n de la etapa anterior.<\/strong><\/p>\n<p>&nbsp;<\/p>\n<p>Entre las especificaciones t\u00e9cnicas, desde la Secretar\u00eda de Mantenimiento y Obras P\u00fablicas de la Municipalidad, a trav\u00e9s de la Direcci\u00f3n de Pavimentaci\u00f3n,<strong> se indic\u00f3 que realizar\u00e1 una carpeta de rodamiento de H\u00b0S\u00b0 de 0,18 metros de espesor asentada sobre una base de tosca compactada de 0,40 metros de espesor, en dos capas de 0,20 metros de espesor cada una.<\/strong><\/p>\n<p>&nbsp;<\/p>\n<p>Esta obra comprende, adem\u00e1s, <strong>banquinas de tosca compactada de 3,00 metros de ancho. El nivel definitivo del pavimento terminado ser\u00e1 el que actualmente tiene la avenida. El ancho de la carpeta de rodamiento ser\u00e1 de 7,30 metros.<\/strong><\/p>\n<p>&nbsp;<\/p>\n<p>En total la obra de repavimentaci\u00f3n comprende 16 cuadras, divididas en dos etapas, la tercera etapa que va desde Calle 185 a Calle 201 y la cuarta que va desde Calle 201 hasta Calle 217.<\/p>\n<p>&nbsp;<\/p>\n<blockquote><p>La tercera etapa de la repavimentaci\u00f3n de Av. Avellaneda, puntualmente en el tramo entre las calles 185 y 201, se encuentra a cargo de la firma de N\u00e9stor Burgart con una suma de aproximada de 100 millones de pesos.<\/p><\/blockquote>\n<p>&nbsp;<\/p>\n<p>En tanto que la <strong>cuarta etapa, que comprende las calles 201 y 217, es ejecutada por la empresa Demoliciones Olavarr\u00eda, con un presupuesto cercano a los 120 millones de pesos.<\/strong><\/p>\n","protected":false},"excerpt":{"rendered":"<p>Se trata del avance de dos etapas en simult\u00e1neo y restar\u00e1n 1000 metros de calzada. \u201cEntendemos las complicaciones que ha<\/p>\n","protected":false},"author":2,"featured_media":94109,"comment_status":"closed","ping_status":"closed","sticky":false,"template":"","format":"standard","meta":{"_jetpack_memberships_contains_paid_content":false,"footnotes":""},"categories":[5,1],"tags":[],"class_list":["post-94104","post","type-post","status-publish","format-standard","has-post-thumbnail","hentry","category-informacion-general","category-portada"],"jetpack_featured_media_url":"https:\/\/i0.wp.com\/cdnoticias.com\/wp-content\/uploads\/2023\/08\/Obras-Repavimentacion-Av.-Avellaneda-3.jpeg?fit=1600%2C1200&ssl=1","jetpack_sharing_enabled":true,"_links":{"self":[{"href":"https:\/\/cdnoticias.com\/index.php\/wp-json\/wp\/v2\/posts\/94104","targetHints":{"allow":["GET"]}}],"collection":[{"href":"https:\/\/cdnoticias.com\/index.php\/wp-json\/wp\/v2\/posts"}],"about":[{"href":"https:\/\/cdnoticias.com\/index.php\/wp-json\/wp\/v2\/types\/post"}],"author":[{"embeddable":true,"href":"https:\/\/cdnoticias.com\/index.php\/wp-json\/wp\/v2\/users\/2"}],"replies":[{"embeddable":true,"href":"https:\/\/cdnoticias.com\/index.php\/wp-json\/wp\/v2\/comments?post=94104"}],"version-history":[{"count":0,"href":"https:\/\/cdnoticias.com\/index.php\/wp-json\/wp\/v2\/posts\/94104\/revisions"}],"wp:featuredmedia":[{"embeddable":true,"href":"https:\/\/cdnoticias.com\/index.php\/wp-json\/wp\/v2\/media\/94109"}],"wp:attachment":[{"href":"https:\/\/cdnoticias.com\/index.php\/wp-json\/wp\/v2\/media?parent=94104"}],"wp:term":[{"taxonomy":"category","embeddable":true,"href":"https:\/\/cdnoticias.com\/index.php\/wp-json\/wp\/v2\/categories?post=94104"},{"taxonomy":"post_tag","embeddable":true,"href":"https:\/\/cdnoticias.com\/index.php\/wp-json\/wp\/v2\/tags?post=94104"}],"curies":[{"name":"wp","href":"https:\/\/api.w.org\/{rel}","templated":true}]}}