{"id":94048,"date":"2023-08-24T09:57:12","date_gmt":"2023-08-24T12:57:12","guid":{"rendered":"https:\/\/www.centraldenoticias.com.ar\/?p=94048"},"modified":"2023-08-24T11:44:21","modified_gmt":"2023-08-24T14:44:21","slug":"mario-busto-olavarria-no-es-una-ciudad-que-vive-de-saqueadores","status":"publish","type":"post","link":"https:\/\/cdnoticias.com\/index.php\/2023\/08\/24\/mario-busto-olavarria-no-es-una-ciudad-que-vive-de-saqueadores\/","title":{"rendered":"Mario Busto: \u201cOlavarr\u00eda no es una ciudad que vive de saqueadores\u201d"},"content":{"rendered":"<p>El subsecretario de Seguridad municipal habl\u00f3 sobre los operativos realizados a partir del audio que se viraliz\u00f3 instigando a saquear un supermercado. Afirm\u00f3 que la autora del llamado reconoci\u00f3 el delito.<!--more--><\/p>\n<hr \/>\n<p>El <strong>subsecretario de Seguridad del Municipio, Mario Busto<\/strong>, habl\u00f3 con el<em> programa radial Levantate<\/em> sobre el <a href=\"https:\/\/cdnoticias.com\/index.php\/2023\/08\/23\/ante-rumores-de-saqueos-montaron-un-importante-operativo-policial-en-chango-mas\/\" target=\"_blank\" rel=\"noopener\">operativo dispuesto en la ciudad<\/a> y los allanamientos realizados a partir de la<strong> viralizaci\u00f3n de audios incitando a saquear el supermercado Chango M\u00e1s en Olavarr\u00eda.<\/strong><\/p>\n<p>&nbsp;<\/p>\n<p>Reconoci\u00f3 que durante el mi\u00e9rcoles \u201clleg\u00f3 a o\u00eddos de la polic\u00eda este audio y articulamos la forma de trabajo. De inmediato el Intendente habl\u00f3 con gente del Ministerio de Seguridad as\u00ed que se puso al GAD (Grupo de Apoyo Departamental) a Infanter\u00eda, a la gente del Comando a recorrer en forma din\u00e1mica lugares comerciales\u201d.<\/p>\n<p>&nbsp;<\/p>\n<p>Adem\u00e1s, cont\u00f3 que \u201ca \u00faltima hora de la tarde de ayer la fiscal dio la orden de allanar la casa desde donde supuestamente hab\u00eda salido el audio. Se present\u00f3 la polic\u00eda y la persona que estaba ah\u00ed <a href=\"https:\/\/cdnoticias.com\/index.php\/2023\/08\/24\/una-olavarriense-imputada-por-instigar-a-saquear-un-supermercado\/\" target=\"_blank\" rel=\"noopener\">manifest\u00f3 frente a los testigos y qued\u00f3 plasmado en el acta de allanamiento que ella hab\u00eda sido la autora del llamado que se viraliz\u00f3 en la ciudad<\/a>\u201d.<\/p>\n<p>&nbsp;<\/p>\n<blockquote><p>De esta forma, \u201cla fiscal orden\u00f3 notificarla de la formaci\u00f3n de la causa y que quede imputada del delito de intimidaci\u00f3n p\u00fablica\u201d.<\/p><\/blockquote>\n<p>&nbsp;<\/p>\n<blockquote><p>\u201cEs una mujer que tiene antecedentes penales por diversos delitos. No pertenece a ninguna agrupaci\u00f3n pol\u00edtica, por motus propio sac\u00f3 ese audio a diferentes amistades de ella con la suerte para nosotros que se viraliz\u00f3\u201d, agreg\u00f3.<\/p><\/blockquote>\n<p>&nbsp;<\/p>\n<p>Por \u00faltimo, resalt\u00f3 que<strong> los operativos \u201cvan a continuar en forma din\u00e1mica\u201d<\/strong> hasta que esta situaci\u00f3n se calme y vuelva todo a la normalidad. Olavarr\u00eda va a seguir expectante de que no pase nada. <strong>No tiene que pasar nada en Olavarr\u00eda, no es una ciudad que vive de saqueadores, de delincuentes, sino que es toda gente de laburo. Ac\u00e1 en Olavarr\u00eda no puede pasar eso<\/strong>\u201d.<\/p>\n<p>&nbsp;<\/p>\n<blockquote class=\"wp-embedded-content\" data-secret=\"EMt1KiXYee\"><p><a href=\"https:\/\/cdnoticias.com\/index.php\/2023\/08\/24\/una-olavarriense-imputada-por-instigar-a-saquear-un-supermercado\/\">Una olavarriense imputada por \u201cinstigar\u201d a saquear un supermercado<\/a><\/p><\/blockquote>\n<p><iframe loading=\"lazy\" class=\"wp-embedded-content\" sandbox=\"allow-scripts\" security=\"restricted\" style=\"position: absolute; clip: rect(1px, 1px, 1px, 1px);\" title=\"&#8220;Una olavarriense imputada por \u201cinstigar\u201d a saquear un supermercado&#8221; &#8212; Central de Noticias | Olavarr\u00eda\" src=\"https:\/\/cdnoticias.com\/index.php\/2023\/08\/24\/una-olavarriense-imputada-por-instigar-a-saquear-un-supermercado\/embed\/#?secret=13cH00gBvf#?secret=EMt1KiXYee\" data-secret=\"EMt1KiXYee\" width=\"600\" height=\"338\" frameborder=\"0\" marginwidth=\"0\" marginheight=\"0\" scrolling=\"no\"><\/iframe><\/p>\n","protected":false},"excerpt":{"rendered":"<p>El subsecretario de Seguridad municipal habl\u00f3 sobre los operativos realizados a partir del audio que se viraliz\u00f3 instigando a saquear<\/p>\n","protected":false},"author":5,"featured_media":68516,"comment_status":"closed","ping_status":"closed","sticky":false,"template":"","format":"standard","meta":{"_jetpack_memberships_contains_paid_content":false,"footnotes":""},"categories":[14,1],"tags":[],"class_list":["post-94048","post","type-post","status-publish","format-standard","has-post-thumbnail","hentry","category-policiales","category-portada"],"jetpack_featured_media_url":"https:\/\/i0.wp.com\/cdnoticias.com\/wp-content\/uploads\/2022\/10\/busto-mario.jpg?fit=1589%2C954&ssl=1","jetpack_sharing_enabled":true,"_links":{"self":[{"href":"https:\/\/cdnoticias.com\/index.php\/wp-json\/wp\/v2\/posts\/94048","targetHints":{"allow":["GET"]}}],"collection":[{"href":"https:\/\/cdnoticias.com\/index.php\/wp-json\/wp\/v2\/posts"}],"about":[{"href":"https:\/\/cdnoticias.com\/index.php\/wp-json\/wp\/v2\/types\/post"}],"author":[{"embeddable":true,"href":"https:\/\/cdnoticias.com\/index.php\/wp-json\/wp\/v2\/users\/5"}],"replies":[{"embeddable":true,"href":"https:\/\/cdnoticias.com\/index.php\/wp-json\/wp\/v2\/comments?post=94048"}],"version-history":[{"count":0,"href":"https:\/\/cdnoticias.com\/index.php\/wp-json\/wp\/v2\/posts\/94048\/revisions"}],"wp:featuredmedia":[{"embeddable":true,"href":"https:\/\/cdnoticias.com\/index.php\/wp-json\/wp\/v2\/media\/68516"}],"wp:attachment":[{"href":"https:\/\/cdnoticias.com\/index.php\/wp-json\/wp\/v2\/media?parent=94048"}],"wp:term":[{"taxonomy":"category","embeddable":true,"href":"https:\/\/cdnoticias.com\/index.php\/wp-json\/wp\/v2\/categories?post=94048"},{"taxonomy":"post_tag","embeddable":true,"href":"https:\/\/cdnoticias.com\/index.php\/wp-json\/wp\/v2\/tags?post=94048"}],"curies":[{"name":"wp","href":"https:\/\/api.w.org\/{rel}","templated":true}]}}