{"id":9404,"date":"2020-12-19T17:35:38","date_gmt":"2020-12-19T20:35:38","guid":{"rendered":"http:\/\/www.centraldenoticias.com.ar\/?p=9404"},"modified":"2020-12-19T18:11:44","modified_gmt":"2020-12-19T21:11:44","slug":"alerta-por-viento-se-registraron-rafagas-de-92-kilometros-por-hora","status":"publish","type":"post","link":"https:\/\/cdnoticias.com\/index.php\/2020\/12\/19\/alerta-por-viento-se-registraron-rafagas-de-92-kilometros-por-hora\/","title":{"rendered":"Alerta por viento: Se registraron r\u00e1fagas de 92 kil\u00f3metros por hora"},"content":{"rendered":"<p>As\u00ed fue narrado a Central de Noticias desde la Estaci\u00f3n Meteorol\u00f3gica de Olavarr\u00eda. Si bien persiste el alerta, los vientos comenzaron a mermar.<\/p>\n<p><!--more--><\/p>\n<hr \/>\n<p>Lo pronosticado por el Servicio Meteorol\u00f3gico Nacional se cumpli\u00f3 a rajatabla, ya que no s\u00f3lo se dio el registro de fuertes vientos, sino que <strong>las r\u00e1fagas llegaron a los 90 kil\u00f3metros por hora e inclusive sobrepasaron esa marca<\/strong>, tal cual le fue narrado a C<em><strong>entral de Noticias<\/strong><\/em> desde la Estaci\u00f3n Meteorol\u00f3gica de Olavarr\u00eda ubicada en el aer\u00f3dromo local.<\/p>\n<p>&nbsp;<\/p>\n<p>Seg\u00fan se detall\u00f3 a este portal, <strong>tanto a las 15 como a las 16 se registraron r\u00e1fagas que llegaron a los 92 kil\u00f3metros por hora.<\/strong> Afortunadamente con el correr de la tarde los vientos comenzaron a mermar, algo que tambi\u00e9n hab\u00eda sido previsto desde el Servicio Meteorol\u00f3gico.<strong> El dato a tener en cuenta es que, si bien bajar\u00e1 de naranja a amarilla, el alerta persistir\u00e1 durante toda la jornada del s\u00e1bado.<\/strong><\/p>\n<p>&nbsp;<\/p>\n<figure id=\"attachment_9382\" aria-describedby=\"caption-attachment-9382\" style=\"width: 790px\" class=\"wp-caption alignnone\"><img data-recalc-dims=\"1\" loading=\"lazy\" decoding=\"async\" class=\"size-full wp-image-9382\" src=\"https:\/\/i0.wp.com\/cdnoticias.com\/wp-content\/uploads\/2020\/12\/Parque-Norte.jpg?resize=790%2C525&#038;ssl=1\" alt=\"\" width=\"790\" height=\"525\" srcset=\"https:\/\/i0.wp.com\/cdnoticias.com\/wp-content\/uploads\/2020\/12\/Parque-Norte.jpg?w=790&amp;ssl=1 790w, https:\/\/i0.wp.com\/cdnoticias.com\/wp-content\/uploads\/2020\/12\/Parque-Norte.jpg?resize=300%2C199&amp;ssl=1 300w, https:\/\/i0.wp.com\/cdnoticias.com\/wp-content\/uploads\/2020\/12\/Parque-Norte.jpg?resize=768%2C510&amp;ssl=1 768w, https:\/\/i0.wp.com\/cdnoticias.com\/wp-content\/uploads\/2020\/12\/Parque-Norte.jpg?resize=272%2C182&amp;ssl=1 272w\" sizes=\"auto, (max-width: 790px) 100vw, 790px\" \/><figcaption id=\"caption-attachment-9382\" class=\"wp-caption-text\">Parque Helios Eseverri<\/figcaption><\/figure>\n<p>&nbsp;<\/p>\n<p><strong>El registro de las 17 marc\u00f3 una velocidad constante de 52 kil\u00f3metros por hora y r\u00e1fagas m\u00e1ximas de 65 km\/h<\/strong>. Pese la a disminuci\u00f3n en los registros, se recomienda continuar los cuidados y precauciones.<\/p>\n<p>&nbsp;<\/p>\n<p>En ese sentido se proclam\u00f3 tambi\u00e9n el Ejecutivo local tras la reuni\u00f3n de comit\u00e9 de crisis desarrollada en el inicio de la tarde y que se repetir\u00eda en pocas horas. En la comunicaci\u00f3n oficial tras ese encuentro se puso el acento en <strong>\u201cno circular por las calles si no es primordial, ya que puede ser riesgoso para la integridad f\u00edsica de las personas\u201d.<\/strong><\/p>\n<p>&nbsp;<\/p>\n<p><img data-recalc-dims=\"1\" loading=\"lazy\" decoding=\"async\" class=\"alignnone size-large wp-image-9405\" src=\"https:\/\/i0.wp.com\/cdnoticias.com\/wp-content\/uploads\/2020\/12\/coe-1024x768-1024x768.jpg?resize=800%2C600&#038;ssl=1\" alt=\"\" width=\"800\" height=\"600\" \/><\/p>\n<p>&nbsp;<\/p>\n<p>Adem\u00e1s, se indic\u00f3 que la Cooperativa El\u00e9ctrica ya se encuentra retirando todo lo que se considere un peligro en la v\u00eda p\u00fablica para, posteriormente, comenzar con las reparaciones de emergencia y as\u00ed poder levantar las l\u00edneas. Por otra parte, desde la Secretar\u00eda de Desarrollo Social del Gobierno Municipal se asegur\u00f3 que, <strong>si bien hubo inconvenientes en distintos hogares, no hay evacuados producto del fuerte viento.<\/strong><\/p>\n<p>&nbsp;<\/p>\n<p>Finalmente, explicaron que, <strong>por la merma en el servicio el\u00e9ctrico en todo el Partido de Olavarr\u00eda, se reforzar\u00e1 el patrullaje policial durante la noche de este s\u00e1bado.Ante cualquier inconveniente los vecinos del Partido podr\u00e1n comunicarse con el Cuartel de Bomberos o utilizar la aplicaci\u00f3n Ojos En Alerta.<\/strong><\/p>\n","protected":false},"excerpt":{"rendered":"<p>As\u00ed fue narrado a Central de Noticias desde la Estaci\u00f3n Meteorol\u00f3gica de Olavarr\u00eda. Si bien persiste el alerta, los vientos<\/p>\n","protected":false},"author":3,"featured_media":9386,"comment_status":"closed","ping_status":"closed","sticky":false,"template":"","format":"standard","meta":{"_jetpack_memberships_contains_paid_content":false,"footnotes":""},"categories":[5,1],"tags":[],"class_list":["post-9404","post","type-post","status-publish","format-standard","has-post-thumbnail","hentry","category-informacion-general","category-portada"],"jetpack_featured_media_url":"https:\/\/i0.wp.com\/cdnoticias.com\/wp-content\/uploads\/2020\/12\/Lavalle-frente-a-Estudiantes.jpg?fit=1058%2C595&ssl=1","jetpack_sharing_enabled":true,"_links":{"self":[{"href":"https:\/\/cdnoticias.com\/index.php\/wp-json\/wp\/v2\/posts\/9404","targetHints":{"allow":["GET"]}}],"collection":[{"href":"https:\/\/cdnoticias.com\/index.php\/wp-json\/wp\/v2\/posts"}],"about":[{"href":"https:\/\/cdnoticias.com\/index.php\/wp-json\/wp\/v2\/types\/post"}],"author":[{"embeddable":true,"href":"https:\/\/cdnoticias.com\/index.php\/wp-json\/wp\/v2\/users\/3"}],"replies":[{"embeddable":true,"href":"https:\/\/cdnoticias.com\/index.php\/wp-json\/wp\/v2\/comments?post=9404"}],"version-history":[{"count":0,"href":"https:\/\/cdnoticias.com\/index.php\/wp-json\/wp\/v2\/posts\/9404\/revisions"}],"wp:featuredmedia":[{"embeddable":true,"href":"https:\/\/cdnoticias.com\/index.php\/wp-json\/wp\/v2\/media\/9386"}],"wp:attachment":[{"href":"https:\/\/cdnoticias.com\/index.php\/wp-json\/wp\/v2\/media?parent=9404"}],"wp:term":[{"taxonomy":"category","embeddable":true,"href":"https:\/\/cdnoticias.com\/index.php\/wp-json\/wp\/v2\/categories?post=9404"},{"taxonomy":"post_tag","embeddable":true,"href":"https:\/\/cdnoticias.com\/index.php\/wp-json\/wp\/v2\/tags?post=9404"}],"curies":[{"name":"wp","href":"https:\/\/api.w.org\/{rel}","templated":true}]}}