{"id":94031,"date":"2023-08-24T08:02:26","date_gmt":"2023-08-24T11:02:26","guid":{"rendered":"https:\/\/www.centraldenoticias.com.ar\/?p=94031"},"modified":"2023-08-24T08:02:26","modified_gmt":"2023-08-24T11:02:26","slug":"olga-beatriz-cruz-viuda-de-nemcek-betty-q-e-p-d","status":"publish","type":"post","link":"https:\/\/cdnoticias.com\/index.php\/2023\/08\/24\/olga-beatriz-cruz-viuda-de-nemcek-betty-q-e-p-d\/","title":{"rendered":"Olga Beatriz Cruz viuda de Nemcek \u201cBetty\u201d (Q.E.P.D.)"},"content":{"rendered":"<p>Falleci\u00f3 en Olavarr\u00eda el 23 de agosto de 2023 a 83 a\u00f1os de edad. Sus hijos: Juan Pablo y Claudio Adri\u00e1n Nemcek; sus hijas pol\u00edticas Silvina y Ana; sus nietos Adamo, Agust\u00edn y dem\u00e1s deudos participan su fallecimiento.<\/p>\n<p>&nbsp;<\/p>\n<p>Sus restos son velados en Espa\u00f1a 2942, departamento &#8220;B&#8221; y ser\u00e1n inhumados en el cementerio Loma de Paz, este jueves a las 11:30, previo responso en la capilla ardiente. Servicio adherido a Coopelectric. Vecina de barrio Pueblo Nuevo. Nacida en Buenos Aires. Jubilada y pensionada.<\/p>\n","protected":false},"excerpt":{"rendered":"<p>Falleci\u00f3 en Olavarr\u00eda el 23 de agosto de 2023 a 83 a\u00f1os de edad. Sus hijos: Juan Pablo y Claudio<\/p>\n","protected":false},"author":5,"featured_media":67646,"comment_status":"closed","ping_status":"closed","sticky":false,"template":"","format":"standard","meta":{"_jetpack_memberships_contains_paid_content":false,"footnotes":""},"categories":[10],"tags":[],"class_list":["post-94031","post","type-post","status-publish","format-standard","has-post-thumbnail","hentry","category-necrologicas"],"jetpack_featured_media_url":"https:\/\/i0.wp.com\/cdnoticias.com\/wp-content\/uploads\/2022\/10\/necrologicas-390-x-240.jpg?fit=390%2C240&ssl=1","jetpack_sharing_enabled":true,"_links":{"self":[{"href":"https:\/\/cdnoticias.com\/index.php\/wp-json\/wp\/v2\/posts\/94031","targetHints":{"allow":["GET"]}}],"collection":[{"href":"https:\/\/cdnoticias.com\/index.php\/wp-json\/wp\/v2\/posts"}],"about":[{"href":"https:\/\/cdnoticias.com\/index.php\/wp-json\/wp\/v2\/types\/post"}],"author":[{"embeddable":true,"href":"https:\/\/cdnoticias.com\/index.php\/wp-json\/wp\/v2\/users\/5"}],"replies":[{"embeddable":true,"href":"https:\/\/cdnoticias.com\/index.php\/wp-json\/wp\/v2\/comments?post=94031"}],"version-history":[{"count":0,"href":"https:\/\/cdnoticias.com\/index.php\/wp-json\/wp\/v2\/posts\/94031\/revisions"}],"wp:featuredmedia":[{"embeddable":true,"href":"https:\/\/cdnoticias.com\/index.php\/wp-json\/wp\/v2\/media\/67646"}],"wp:attachment":[{"href":"https:\/\/cdnoticias.com\/index.php\/wp-json\/wp\/v2\/media?parent=94031"}],"wp:term":[{"taxonomy":"category","embeddable":true,"href":"https:\/\/cdnoticias.com\/index.php\/wp-json\/wp\/v2\/categories?post=94031"},{"taxonomy":"post_tag","embeddable":true,"href":"https:\/\/cdnoticias.com\/index.php\/wp-json\/wp\/v2\/tags?post=94031"}],"curies":[{"name":"wp","href":"https:\/\/api.w.org\/{rel}","templated":true}]}}