{"id":94025,"date":"2023-08-23T20:44:15","date_gmt":"2023-08-23T23:44:15","guid":{"rendered":"https:\/\/www.centraldenoticias.com.ar\/?p=94025"},"modified":"2023-08-24T08:36:49","modified_gmt":"2023-08-24T11:36:49","slug":"fernanda-mino-valoro-la-predisposicion-y-generosidad-de-los-referentes-locales-de-uxp","status":"publish","type":"post","link":"https:\/\/cdnoticias.com\/index.php\/2023\/08\/23\/fernanda-mino-valoro-la-predisposicion-y-generosidad-de-los-referentes-locales-de-uxp\/","title":{"rendered":"Fernanda Mi\u00f1o valor\u00f3 la \u201cpredisposici\u00f3n y generosidad\u201d de los referentes locales de UxP"},"content":{"rendered":"<p>La Secretaria de Integraci\u00f3n Socio Urbana valor\u00f3 el avance de las obras para generar 114 lotes con servicios en Olavarr\u00eda, y valor\u00f3 el trabajo con los referentes de Uni\u00f3n por la Patria en Olavarr\u00eda.<!--more--><\/p>\n<hr \/>\n<p><a href=\"https:\/\/cdnoticias.com\/index.php\/2023\/08\/23\/viviendas-galli-anuncio-que-se-abrio-la-inscripcion-para-114-lotes-con-servicios\/\" target=\"_blank\" rel=\"noopener\">Luego del anuncio del intendente Ezequiel Galli<\/a> acerca de la posibilidad de inscribirse a los 114 lotes con servicio en la Chacra 398<strong>, la Secretaria de Integraci\u00f3n Socio Urbana de la Naci\u00f3n, Fernanda Mi\u00f1o, valor\u00f3 la \u201cpredisposici\u00f3n y generosidad\u201d de los referentes locales de Uni\u00f3n por la Patria que participaron de esta articulaci\u00f3n.<\/strong><\/p>\n<p>&nbsp;<\/p>\n<p><strong>Mi\u00f1o particip\u00f3 en julio de 2022 de la firma del convenio con el Fondo para la Integraci\u00f3n Socio Urbana (FISU) -del Ministerio de Desarrollo Social de la Naci\u00f3n- que le permitir\u00eda a Olavarr\u00eda contar con 114 nuevos lotes con servicios, para que m\u00e1s familias de nuestro Partido puedan cumplir el sue\u00f1o de la casa propia.<\/strong><\/p>\n<p>&nbsp;<\/p>\n<blockquote><p>En redes sociales, se\u00f1al\u00f3 que se trata \u201cuna inversi\u00f3n del gobierno nacional de $250 millones\u201d por la que \u201cavanza un proyecto de #LotesConServicios en #Olavarr\u00eda\u201d.<\/p><\/blockquote>\n<p>&nbsp;<\/p>\n<p><strong><em>\u201cUn nuevo barrio planificado y con acceso a todos los servicios, es posible gracias a la predisposici\u00f3n y generosidad de las referencias locales de Uni\u00f3n x la Patria\u201d<\/em><\/strong> cerr\u00f3 la funcionaria, recordando a los referentes locales del espacio que articularon, tambi\u00e9n, con la Naci\u00f3n y llevaron adelante la gesti\u00f3n adem\u00e1s del Municipio.<\/p>\n","protected":false},"excerpt":{"rendered":"<p>La Secretaria de Integraci\u00f3n Socio Urbana valor\u00f3 el avance de las obras para generar 114 lotes con servicios en Olavarr\u00eda,<\/p>\n","protected":false},"author":2,"featured_media":94026,"comment_status":"closed","ping_status":"closed","sticky":false,"template":"","format":"standard","meta":{"_jetpack_memberships_contains_paid_content":false,"footnotes":""},"categories":[5,1],"tags":[],"class_list":["post-94025","post","type-post","status-publish","format-standard","has-post-thumbnail","hentry","category-informacion-general","category-portada"],"jetpack_featured_media_url":"https:\/\/i0.wp.com\/cdnoticias.com\/wp-content\/uploads\/2023\/08\/Obras-Firma-Fisu-2-scaled-1.jpg?fit=1479%2C803&ssl=1","jetpack_sharing_enabled":true,"_links":{"self":[{"href":"https:\/\/cdnoticias.com\/index.php\/wp-json\/wp\/v2\/posts\/94025","targetHints":{"allow":["GET"]}}],"collection":[{"href":"https:\/\/cdnoticias.com\/index.php\/wp-json\/wp\/v2\/posts"}],"about":[{"href":"https:\/\/cdnoticias.com\/index.php\/wp-json\/wp\/v2\/types\/post"}],"author":[{"embeddable":true,"href":"https:\/\/cdnoticias.com\/index.php\/wp-json\/wp\/v2\/users\/2"}],"replies":[{"embeddable":true,"href":"https:\/\/cdnoticias.com\/index.php\/wp-json\/wp\/v2\/comments?post=94025"}],"version-history":[{"count":0,"href":"https:\/\/cdnoticias.com\/index.php\/wp-json\/wp\/v2\/posts\/94025\/revisions"}],"wp:featuredmedia":[{"embeddable":true,"href":"https:\/\/cdnoticias.com\/index.php\/wp-json\/wp\/v2\/media\/94026"}],"wp:attachment":[{"href":"https:\/\/cdnoticias.com\/index.php\/wp-json\/wp\/v2\/media?parent=94025"}],"wp:term":[{"taxonomy":"category","embeddable":true,"href":"https:\/\/cdnoticias.com\/index.php\/wp-json\/wp\/v2\/categories?post=94025"},{"taxonomy":"post_tag","embeddable":true,"href":"https:\/\/cdnoticias.com\/index.php\/wp-json\/wp\/v2\/tags?post=94025"}],"curies":[{"name":"wp","href":"https:\/\/api.w.org\/{rel}","templated":true}]}}