{"id":94020,"date":"2023-08-23T19:02:36","date_gmt":"2023-08-23T22:02:36","guid":{"rendered":"https:\/\/www.centraldenoticias.com.ar\/?p=94020"},"modified":"2023-08-24T07:54:07","modified_gmt":"2023-08-24T10:54:07","slug":"detuvieron-al-acusado-de-apunalar-a-su-hermano-en-barrio-matadero","status":"publish","type":"post","link":"https:\/\/cdnoticias.com\/index.php\/2023\/08\/23\/detuvieron-al-acusado-de-apunalar-a-su-hermano-en-barrio-matadero\/","title":{"rendered":"Detuvieron al acusado de apu\u00f1alar a su hermano en barrio Matadero"},"content":{"rendered":"<p>Fue tras un operativo encubierto de Comisar\u00eda Primera. Enfrenta cargos por \u201cHomicidio simple en grado de tentativa en contexto de violencia familiar\u201d. <!--more--><\/p>\n<hr \/>\n<p>Este mi\u00e9rcoles,<strong> un hombre de 36 a\u00f1os fue detenido por personal policial acusado de apu\u00f1alar a su hermano en barrio Matadero el pasado lunes,<\/strong> <a href=\"https:\/\/cdnoticias.com\/index.php\/2023\/08\/21\/un-hombre-fue-apunalado-por-su-hermano-y-debio-ser-trasladado-al-hospital\/\">tal como inform\u00f3 <\/a><strong>Central de Noticias.<\/strong><\/p>\n<p>&nbsp;<\/p>\n<p>Seg\u00fan se inform\u00f3, se realiz\u00f3 un operativo encubierto a cargo de Comisar\u00eda Primera en inmediaciones del domicilio del acusado, y <strong>fue detenido en la v\u00eda p\u00fablica, en la zona de Rivadavia y Calle 112.<\/strong><\/p>\n<p>&nbsp;<\/p>\n<p>Cabe se\u00f1alar que <strong>la orden de detenci\u00f3n fue dictaminada por la doctora Fabiana San Rom\u00e1n, del Juzgado de Garant\u00edas N\u00b02 de Olavarr\u00eda.<\/strong><\/p>\n<p>&nbsp;<\/p>\n<p>Fue trasladado a la sede de Comisar\u00eda Primera y el hombre, identificado como Juan Carlos Boado, <strong>qued\u00f3 a la espera de un cupo en unidad penitenciaria para ser trasladado y all\u00ed esperar el proceso penal en su contra.<\/strong><\/p>\n<p>&nbsp;<\/p>\n<p>La causa est\u00e1 caratulada como<strong><em> \u201cHomicidio simple en grado de tentativa en contexto de violencia familiar\u201d<\/em> <\/strong>e interviene la doctora Mariela Viceconte, quien subroga la UFI N\u00b05 especializada en violencia de g\u00e9nero y familiar.<\/p>\n<blockquote class=\"wp-embedded-content\" data-secret=\"A6miIGJHD2\"><p><a href=\"https:\/\/cdnoticias.com\/index.php\/2023\/08\/21\/un-hombre-fue-apunalado-por-su-hermano-y-debio-ser-trasladado-al-hospital\/\">Un hombre fue apu\u00f1alado por su hermano y debi\u00f3 ser trasladado al Hospital \u00a0<\/a><\/p><\/blockquote>\n<p><iframe loading=\"lazy\" class=\"wp-embedded-content\" sandbox=\"allow-scripts\" security=\"restricted\" style=\"position: absolute; clip: rect(1px, 1px, 1px, 1px);\" title=\"&#8220;Un hombre fue apu\u00f1alado por su hermano y debi\u00f3 ser trasladado al Hospital \u00a0&#8221; &#8212; Central de Noticias | Olavarr\u00eda\" src=\"https:\/\/cdnoticias.com\/index.php\/2023\/08\/21\/un-hombre-fue-apunalado-por-su-hermano-y-debio-ser-trasladado-al-hospital\/embed\/#?secret=hjR1sLFpBn#?secret=A6miIGJHD2\" data-secret=\"A6miIGJHD2\" width=\"600\" height=\"338\" frameborder=\"0\" marginwidth=\"0\" marginheight=\"0\" scrolling=\"no\"><\/iframe><\/p>\n","protected":false},"excerpt":{"rendered":"<p>Fue tras un operativo encubierto de Comisar\u00eda Primera. Enfrenta cargos por \u201cHomicidio simple en grado de tentativa en contexto de<\/p>\n","protected":false},"author":2,"featured_media":94021,"comment_status":"closed","ping_status":"closed","sticky":false,"template":"","format":"standard","meta":{"_jetpack_memberships_contains_paid_content":false,"footnotes":""},"categories":[14,1],"tags":[],"class_list":["post-94020","post","type-post","status-publish","format-standard","has-post-thumbnail","hentry","category-policiales","category-portada"],"jetpack_featured_media_url":"https:\/\/i0.wp.com\/cdnoticias.com\/wp-content\/uploads\/2023\/08\/WhatsApp-Image-2023-08-23-at-18.27.07-1.jpeg?fit=1199%2C677&ssl=1","jetpack_sharing_enabled":true,"_links":{"self":[{"href":"https:\/\/cdnoticias.com\/index.php\/wp-json\/wp\/v2\/posts\/94020","targetHints":{"allow":["GET"]}}],"collection":[{"href":"https:\/\/cdnoticias.com\/index.php\/wp-json\/wp\/v2\/posts"}],"about":[{"href":"https:\/\/cdnoticias.com\/index.php\/wp-json\/wp\/v2\/types\/post"}],"author":[{"embeddable":true,"href":"https:\/\/cdnoticias.com\/index.php\/wp-json\/wp\/v2\/users\/2"}],"replies":[{"embeddable":true,"href":"https:\/\/cdnoticias.com\/index.php\/wp-json\/wp\/v2\/comments?post=94020"}],"version-history":[{"count":0,"href":"https:\/\/cdnoticias.com\/index.php\/wp-json\/wp\/v2\/posts\/94020\/revisions"}],"wp:featuredmedia":[{"embeddable":true,"href":"https:\/\/cdnoticias.com\/index.php\/wp-json\/wp\/v2\/media\/94021"}],"wp:attachment":[{"href":"https:\/\/cdnoticias.com\/index.php\/wp-json\/wp\/v2\/media?parent=94020"}],"wp:term":[{"taxonomy":"category","embeddable":true,"href":"https:\/\/cdnoticias.com\/index.php\/wp-json\/wp\/v2\/categories?post=94020"},{"taxonomy":"post_tag","embeddable":true,"href":"https:\/\/cdnoticias.com\/index.php\/wp-json\/wp\/v2\/tags?post=94020"}],"curies":[{"name":"wp","href":"https:\/\/api.w.org\/{rel}","templated":true}]}}