{"id":94013,"date":"2023-08-23T18:56:52","date_gmt":"2023-08-23T21:56:52","guid":{"rendered":"https:\/\/www.centraldenoticias.com.ar\/?p=94013"},"modified":"2023-08-23T18:56:52","modified_gmt":"2023-08-23T21:56:52","slug":"este-jueves-se-trataran-23-expedientes-en-el-concejo-deliberante","status":"publish","type":"post","link":"https:\/\/cdnoticias.com\/index.php\/2023\/08\/23\/este-jueves-se-trataran-23-expedientes-en-el-concejo-deliberante\/","title":{"rendered":"Este jueves se tratar\u00e1n 23 expedientes en el Concejo Deliberante"},"content":{"rendered":"<p>Este mi\u00e9rcoles se realiz\u00f3 la reuni\u00f3n de Labor Parlamentaria donde participaron los concejales Mart\u00edn Endere (Juntos), Mercedes Land\u00edvar (Uni\u00f3n por la Patria); Gast\u00f3n Sarachu (Foro Olavarr\u00eda-Frente Renovador en Uni\u00f3n por la Patria), Sebasti\u00e1n Matrella (UCR-Juntos) y Celeste Arouxet (Ahora Olavarr\u00eda).<!--more--><\/p>\n<hr \/>\n<p>La presidenta del Concejo Deliberante, <strong>Cecilia Krivochen<\/strong> junto con la secretaria del cuerpo, Margarita Arregui encabezaron este mi\u00e9rcoles la reuni\u00f3n de Labor Parlamentaria convocada para conformar el orden del d\u00eda de la <strong>D\u00e9cima y Und\u00e9cima sesi\u00f3n del HCD que tendr\u00e1 lugar este jueves.<\/strong><\/p>\n<p>&nbsp;<\/p>\n<p>De la reuni\u00f3n participaron los concejales Mart\u00edn Endere (Juntos), Mercedes Land\u00edvar (Uni\u00f3n por la Patria); Gast\u00f3n Sarachu (Foro Olavarr\u00eda-Frente Renovador en Uni\u00f3n por la Patria), Sebasti\u00e1n Matrella (UCR-Juntos) y Celeste Arouxet (Ahora Olavarr\u00eda).<\/p>\n<p>&nbsp;<\/p>\n<p>Primero, la comisi\u00f3n de Labor Parlamentaria resolvi\u00f3 <strong>establecer el ingreso de 60 expedientes<\/strong> que fueron presentados en t\u00e9rmino reglamentario y ahora deber\u00e1n continuar su recorrido en las distintas comisiones. Los expedientes fueron girados a las comisiones de Infraestructura, Hacienda, Localidades, Desarrollo Econ\u00f3mico y Legislaci\u00f3n.<\/p>\n<p>&nbsp;<\/p>\n<p>Por otro lado, durante la reuni\u00f3n parlamentaria se estableci\u00f3 que <strong>este jueves se traten 23 expedientes que oportunamente fueron aprobados<\/strong> y despachados por la comisi\u00f3n de Legislaci\u00f3n. Se destacan 18 donaciones de inmuebles a vecinos y vecinas de Olavarr\u00eda.<\/p>\n<p>&nbsp;<\/p>\n<p>Por otro lado, se logr\u00f3 acuerdo de Labor Parlamentaria para el tratamiento de <strong>seis expedientes<\/strong> que fueron presentados por distintos bloques pol\u00edticos y llegan directamente al recinto.<\/p>\n<p>&nbsp;<\/p>\n<p>Entre ellos se destacan: del bloque Juntos una Resoluci\u00f3n para declarar de Inter\u00e9s Legislativo la realizaci\u00f3n del Congreso \u201cCREA\u201d, del bloque UCR-Juntos una Comunicaci\u00f3n manifestando preocupaci\u00f3n por la disminuci\u00f3n de personas vacunadas en Olavarr\u00eda, del bloque Uni\u00f3n por la Patria un pedido de Informes sobre contrataciones de personal para el \u00e1rea de personal superior en el Departamento Ejecutivo y del bloque Ahora Olavarr\u00eda un Pedido de Informes sobre la situaci\u00f3n econ\u00f3mica y financiera del Municipio.<\/p>\n","protected":false},"excerpt":{"rendered":"<p>Este mi\u00e9rcoles se realiz\u00f3 la reuni\u00f3n de Labor Parlamentaria donde participaron los concejales Mart\u00edn Endere (Juntos), Mercedes Land\u00edvar (Uni\u00f3n por<\/p>\n","protected":false},"author":6,"featured_media":86397,"comment_status":"closed","ping_status":"closed","sticky":false,"template":"","format":"standard","meta":{"_jetpack_memberships_contains_paid_content":false,"footnotes":""},"categories":[4,1],"tags":[],"class_list":["post-94013","post","type-post","status-publish","format-standard","has-post-thumbnail","hentry","category-politica","category-portada"],"jetpack_featured_media_url":"https:\/\/i0.wp.com\/cdnoticias.com\/wp-content\/uploads\/2023\/05\/cecilia-krivochen-0.jpg?fit=800%2C445&ssl=1","jetpack_sharing_enabled":true,"_links":{"self":[{"href":"https:\/\/cdnoticias.com\/index.php\/wp-json\/wp\/v2\/posts\/94013","targetHints":{"allow":["GET"]}}],"collection":[{"href":"https:\/\/cdnoticias.com\/index.php\/wp-json\/wp\/v2\/posts"}],"about":[{"href":"https:\/\/cdnoticias.com\/index.php\/wp-json\/wp\/v2\/types\/post"}],"author":[{"embeddable":true,"href":"https:\/\/cdnoticias.com\/index.php\/wp-json\/wp\/v2\/users\/6"}],"replies":[{"embeddable":true,"href":"https:\/\/cdnoticias.com\/index.php\/wp-json\/wp\/v2\/comments?post=94013"}],"version-history":[{"count":0,"href":"https:\/\/cdnoticias.com\/index.php\/wp-json\/wp\/v2\/posts\/94013\/revisions"}],"wp:featuredmedia":[{"embeddable":true,"href":"https:\/\/cdnoticias.com\/index.php\/wp-json\/wp\/v2\/media\/86397"}],"wp:attachment":[{"href":"https:\/\/cdnoticias.com\/index.php\/wp-json\/wp\/v2\/media?parent=94013"}],"wp:term":[{"taxonomy":"category","embeddable":true,"href":"https:\/\/cdnoticias.com\/index.php\/wp-json\/wp\/v2\/categories?post=94013"},{"taxonomy":"post_tag","embeddable":true,"href":"https:\/\/cdnoticias.com\/index.php\/wp-json\/wp\/v2\/tags?post=94013"}],"curies":[{"name":"wp","href":"https:\/\/api.w.org\/{rel}","templated":true}]}}