{"id":9400,"date":"2020-12-19T16:37:40","date_gmt":"2020-12-19T19:37:40","guid":{"rendered":"http:\/\/www.centraldenoticias.com.ar\/?p=9400"},"modified":"2020-12-19T17:36:26","modified_gmt":"2020-12-19T20:36:26","slug":"voladuras-y-destrozos-fotos-y-videos-del-temporal-de-viento-en-olavarria","status":"publish","type":"post","link":"https:\/\/cdnoticias.com\/index.php\/2020\/12\/19\/voladuras-y-destrozos-fotos-y-videos-del-temporal-de-viento-en-olavarria\/","title":{"rendered":"Voladuras y destrozos: Fotos y videos del temporal de viento en Olavarr\u00eda"},"content":{"rendered":"<p>Se reportan inconvenientes de distintos puntos de todo el partido de Olavarr\u00eda. Repaso de fotos y v\u00eddeos de distintos puntos del casco urbano local.<\/p>\n<p><!--more--><\/p>\n<hr \/>\n<p>Tal cual hab\u00eda sido pronosticado desde el Servicio Meteorol\u00f3gico Nacional, un temporal de viento se encuentra azotando nuestra ciudad y el centro bonaerense. <strong>Si bien persistir\u00e1 el alerta durante la jornada de todo este s\u00e1bado, se espera que los vientos mermen con el arribo de la noche.<\/strong><\/p>\n<p>&nbsp;<\/p>\n<p>Vale recordar que debido a las m\u00faltiples consecuencias<a href=\"https:\/\/cdnoticias.com\/index.php\/2020\/12\/19\/reunion-de-comite-de-emergencia-debido-a-los-fuertes-vientos\/\" target=\"_blank\" rel=\"noopener\"> se convoc\u00f3 de manera urgente a un comit\u00e9 de crisis<\/a> que tuvo como escenario el Cuartel Central de Bomberos Voluntarios, donde <strong>referentes de diversas \u00e1reas fueron convocados por el intendente Ezequiel Galli.<\/strong><\/p>\n<p>&nbsp;<\/p>\n<blockquote><p>Adem\u00e1s del jefe comunal, participa el Jefe del Cuartel de Bomberos, Ra\u00fal Ferreyra, el titular de Defensa Civil, Adri\u00e1n Guevara, el titular de la Comisar\u00eda Distrital, Roberto Landoni, el Jefe de Regimiento Castellanos, sumado al ingeniero Claudio N\u00e1poli, gerente de distribuci\u00f3n del Servicio El\u00e9ctrico. Sumado al secretario de Gobierno Hilario Galli, el secretario de Desarrollo Humano Diego Robbiani,\u00a0 el secretario de Obras P\u00fablicas Julio Ferraro y el director del Centro de Monitoreo Municipal, Daniel Manuel<\/p><\/blockquote>\n<p>&nbsp;<\/p>\n<p>Trascendi\u00f3 que volver\u00e1n a reunirse al cierre de la tarde y <strong>no se descarta la realizaci\u00f3n de una conferencia de prensa encabezada por el intendente Ezequiel Galli.<\/strong><\/p>\n<p>&nbsp;<\/p>\n<p>A la par, tambi\u00e9n<a href=\"https:\/\/cdnoticias.com\/index.php\/2020\/12\/19\/coopelectric-detallo-que-se-reportan-problemas-en-todo-el-partido\/\" target=\"_blank\" rel=\"noopener\"> son intensas las tareas desde Coopelectric para poder restablecer el servicio el\u00e9ctrico<\/a> que se vio interrumpido en numerosos sitios del partido de Olavarr\u00eda. En ese sentido, <strong>se advirti\u00f3 que podr\u00edan registrarse inconvenientes con el servicio de agua al verse afectados los pozos de extracci\u00f3n.<\/strong><\/p>\n<p>&nbsp;<\/p>\n<p><em><strong>Im\u00e1genes y videos<\/strong><\/em><\/p>\n<p>&nbsp;<\/p>\n<div class=\"jetpack-video-wrapper\"><iframe loading=\"lazy\" width=\"800\" height=\"450\" src=\"https:\/\/www.youtube.com\/embed\/WQSN_so3nm4?feature=oembed\" frameborder=\"0\" allow=\"accelerometer; autoplay; clipboard-write; encrypted-media; gyroscope; picture-in-picture\" allowfullscreen><\/iframe><\/div>\n<p>&nbsp;<\/p>\n<p>&nbsp;<\/p>\n<figure id=\"attachment_9401\" aria-describedby=\"caption-attachment-9401\" style=\"width: 910px\" class=\"wp-caption alignnone\"><img data-recalc-dims=\"1\" loading=\"lazy\" decoding=\"async\" class=\"size-full wp-image-9401\" src=\"https:\/\/i0.wp.com\/cdnoticias.com\/wp-content\/uploads\/2020\/12\/aoMA.jpg?resize=800%2C463&#038;ssl=1\" alt=\"\" width=\"800\" height=\"463\" srcset=\"https:\/\/i0.wp.com\/cdnoticias.com\/wp-content\/uploads\/2020\/12\/aoMA.jpg?w=910&amp;ssl=1 910w, https:\/\/i0.wp.com\/cdnoticias.com\/wp-content\/uploads\/2020\/12\/aoMA.jpg?resize=300%2C174&amp;ssl=1 300w, https:\/\/i0.wp.com\/cdnoticias.com\/wp-content\/uploads\/2020\/12\/aoMA.jpg?resize=768%2C445&amp;ssl=1 768w\" sizes=\"auto, (max-width: 800px) 100vw, 800px\" \/><figcaption id=\"caption-attachment-9401\" class=\"wp-caption-text\">Barrio AOMA<\/figcaption><\/figure>\n<p>&nbsp;<\/p>\n<figure id=\"attachment_9389\" aria-describedby=\"caption-attachment-9389\" style=\"width: 799px\" class=\"wp-caption alignnone\"><img data-recalc-dims=\"1\" loading=\"lazy\" decoding=\"async\" class=\"size-full wp-image-9389\" src=\"https:\/\/i0.wp.com\/cdnoticias.com\/wp-content\/uploads\/2020\/12\/9-de-julio-y-necochea.jpg?resize=799%2C550&#038;ssl=1\" alt=\"\" width=\"799\" height=\"550\" srcset=\"https:\/\/i0.wp.com\/cdnoticias.com\/wp-content\/uploads\/2020\/12\/9-de-julio-y-necochea.jpg?w=799&amp;ssl=1 799w, https:\/\/i0.wp.com\/cdnoticias.com\/wp-content\/uploads\/2020\/12\/9-de-julio-y-necochea.jpg?resize=300%2C207&amp;ssl=1 300w, https:\/\/i0.wp.com\/cdnoticias.com\/wp-content\/uploads\/2020\/12\/9-de-julio-y-necochea.jpg?resize=768%2C529&amp;ssl=1 768w, https:\/\/i0.wp.com\/cdnoticias.com\/wp-content\/uploads\/2020\/12\/9-de-julio-y-necochea.jpg?resize=130%2C90&amp;ssl=1 130w\" sizes=\"auto, (max-width: 799px) 100vw, 799px\" \/><figcaption id=\"caption-attachment-9389\" class=\"wp-caption-text\">9 de Julio y Necochea<\/figcaption><\/figure>\n<p>&nbsp;<\/p>\n<figure id=\"attachment_9388\" aria-describedby=\"caption-attachment-9388\" style=\"width: 821px\" class=\"wp-caption alignnone\"><img data-recalc-dims=\"1\" loading=\"lazy\" decoding=\"async\" class=\"size-full wp-image-9388\" src=\"https:\/\/i0.wp.com\/cdnoticias.com\/wp-content\/uploads\/2020\/12\/Estaci%C3%B3n-El-Provincial.jpg?resize=800%2C536&#038;ssl=1\" alt=\"\" width=\"800\" height=\"536\" srcset=\"https:\/\/i0.wp.com\/cdnoticias.com\/wp-content\/uploads\/2020\/12\/Estaci%C3%B3n-El-Provincial.jpg?w=821&amp;ssl=1 821w, https:\/\/i0.wp.com\/cdnoticias.com\/wp-content\/uploads\/2020\/12\/Estaci%C3%B3n-El-Provincial.jpg?resize=300%2C201&amp;ssl=1 300w, https:\/\/i0.wp.com\/cdnoticias.com\/wp-content\/uploads\/2020\/12\/Estaci%C3%B3n-El-Provincial.jpg?resize=768%2C514&amp;ssl=1 768w, https:\/\/i0.wp.com\/cdnoticias.com\/wp-content\/uploads\/2020\/12\/Estaci%C3%B3n-El-Provincial.jpg?resize=272%2C182&amp;ssl=1 272w\" sizes=\"auto, (max-width: 800px) 100vw, 800px\" \/><figcaption id=\"caption-attachment-9388\" class=\"wp-caption-text\">Estaci\u00f3n El Provincial, parque Alberdi<\/figcaption><\/figure>\n<p>&nbsp;<\/p>\n<figure id=\"attachment_9386\" aria-describedby=\"caption-attachment-9386\" style=\"width: 800px\" class=\"wp-caption alignnone\"><img data-recalc-dims=\"1\" loading=\"lazy\" decoding=\"async\" class=\"size-large wp-image-9386\" src=\"https:\/\/i0.wp.com\/cdnoticias.com\/wp-content\/uploads\/2020\/12\/Lavalle-frente-a-Estudiantes-1024x576.jpg?resize=800%2C450&#038;ssl=1\" alt=\"\" width=\"800\" height=\"450\" srcset=\"https:\/\/i0.wp.com\/cdnoticias.com\/wp-content\/uploads\/2020\/12\/Lavalle-frente-a-Estudiantes.jpg?resize=1024%2C576&amp;ssl=1 1024w, https:\/\/i0.wp.com\/cdnoticias.com\/wp-content\/uploads\/2020\/12\/Lavalle-frente-a-Estudiantes.jpg?resize=300%2C169&amp;ssl=1 300w, https:\/\/i0.wp.com\/cdnoticias.com\/wp-content\/uploads\/2020\/12\/Lavalle-frente-a-Estudiantes.jpg?resize=768%2C432&amp;ssl=1 768w, https:\/\/i0.wp.com\/cdnoticias.com\/wp-content\/uploads\/2020\/12\/Lavalle-frente-a-Estudiantes.jpg?w=1058&amp;ssl=1 1058w\" sizes=\"auto, (max-width: 800px) 100vw, 800px\" \/><figcaption id=\"caption-attachment-9386\" class=\"wp-caption-text\">Lavalle, frente al club Estudiantes<\/figcaption><\/figure>\n<p>&nbsp;<\/p>\n<figure id=\"attachment_9384\" aria-describedby=\"caption-attachment-9384\" style=\"width: 880px\" class=\"wp-caption alignnone\"><img data-recalc-dims=\"1\" loading=\"lazy\" decoding=\"async\" class=\"size-full wp-image-9384\" src=\"https:\/\/i0.wp.com\/cdnoticias.com\/wp-content\/uploads\/2020\/12\/Surez.jpg?resize=800%2C500&#038;ssl=1\" alt=\"\" width=\"800\" height=\"500\" srcset=\"https:\/\/i0.wp.com\/cdnoticias.com\/wp-content\/uploads\/2020\/12\/Surez.jpg?w=880&amp;ssl=1 880w, https:\/\/i0.wp.com\/cdnoticias.com\/wp-content\/uploads\/2020\/12\/Surez.jpg?resize=300%2C188&amp;ssl=1 300w, https:\/\/i0.wp.com\/cdnoticias.com\/wp-content\/uploads\/2020\/12\/Surez.jpg?resize=768%2C480&amp;ssl=1 768w\" sizes=\"auto, (max-width: 800px) 100vw, 800px\" \/><figcaption id=\"caption-attachment-9384\" class=\"wp-caption-text\">Coronel Su\u00e1rez entre Rivadavia y Vicente L\u00f3pez<\/figcaption><\/figure>\n<p>&nbsp;<\/p>\n<figure id=\"attachment_9383\" aria-describedby=\"caption-attachment-9383\" style=\"width: 790px\" class=\"wp-caption alignnone\"><img data-recalc-dims=\"1\" loading=\"lazy\" decoding=\"async\" class=\"size-full wp-image-9383\" src=\"https:\/\/i0.wp.com\/cdnoticias.com\/wp-content\/uploads\/2020\/12\/Alberdi-y-Torres.jpg?resize=790%2C505&#038;ssl=1\" alt=\"\" width=\"790\" height=\"505\" srcset=\"https:\/\/i0.wp.com\/cdnoticias.com\/wp-content\/uploads\/2020\/12\/Alberdi-y-Torres.jpg?w=790&amp;ssl=1 790w, https:\/\/i0.wp.com\/cdnoticias.com\/wp-content\/uploads\/2020\/12\/Alberdi-y-Torres.jpg?resize=300%2C192&amp;ssl=1 300w, https:\/\/i0.wp.com\/cdnoticias.com\/wp-content\/uploads\/2020\/12\/Alberdi-y-Torres.jpg?resize=768%2C491&amp;ssl=1 768w\" sizes=\"auto, (max-width: 790px) 100vw, 790px\" \/><figcaption id=\"caption-attachment-9383\" class=\"wp-caption-text\">Alberdi y Jos\u00e9 Luis Torres<\/figcaption><\/figure>\n<p>&nbsp;<\/p>\n<figure id=\"attachment_9382\" aria-describedby=\"caption-attachment-9382\" style=\"width: 790px\" class=\"wp-caption alignnone\"><img data-recalc-dims=\"1\" loading=\"lazy\" decoding=\"async\" class=\"size-full wp-image-9382\" src=\"https:\/\/i0.wp.com\/cdnoticias.com\/wp-content\/uploads\/2020\/12\/Parque-Norte.jpg?resize=790%2C525&#038;ssl=1\" alt=\"\" width=\"790\" height=\"525\" srcset=\"https:\/\/i0.wp.com\/cdnoticias.com\/wp-content\/uploads\/2020\/12\/Parque-Norte.jpg?w=790&amp;ssl=1 790w, https:\/\/i0.wp.com\/cdnoticias.com\/wp-content\/uploads\/2020\/12\/Parque-Norte.jpg?resize=300%2C199&amp;ssl=1 300w, https:\/\/i0.wp.com\/cdnoticias.com\/wp-content\/uploads\/2020\/12\/Parque-Norte.jpg?resize=768%2C510&amp;ssl=1 768w, https:\/\/i0.wp.com\/cdnoticias.com\/wp-content\/uploads\/2020\/12\/Parque-Norte.jpg?resize=272%2C182&amp;ssl=1 272w\" sizes=\"auto, (max-width: 790px) 100vw, 790px\" \/><figcaption id=\"caption-attachment-9382\" class=\"wp-caption-text\">Parque Helios Eseverri<\/figcaption><\/figure>\n<p>&nbsp;<\/p>\n<figure id=\"attachment_9381\" aria-describedby=\"caption-attachment-9381\" style=\"width: 768px\" class=\"wp-caption alignnone\"><img data-recalc-dims=\"1\" loading=\"lazy\" decoding=\"async\" class=\"size-full wp-image-9381\" src=\"https:\/\/i0.wp.com\/cdnoticias.com\/wp-content\/uploads\/2020\/12\/Estudiantes.jpg?resize=768%2C541&#038;ssl=1\" alt=\"\" width=\"768\" height=\"541\" srcset=\"https:\/\/i0.wp.com\/cdnoticias.com\/wp-content\/uploads\/2020\/12\/Estudiantes.jpg?w=768&amp;ssl=1 768w, https:\/\/i0.wp.com\/cdnoticias.com\/wp-content\/uploads\/2020\/12\/Estudiantes.jpg?resize=300%2C211&amp;ssl=1 300w\" sizes=\"auto, (max-width: 768px) 100vw, 768px\" \/><figcaption id=\"caption-attachment-9381\" class=\"wp-caption-text\">La casita del rugby de Estudiantes<\/figcaption><\/figure>\n<p>&nbsp;<\/p>\n<figure id=\"attachment_9380\" aria-describedby=\"caption-attachment-9380\" style=\"width: 800px\" class=\"wp-caption alignnone\"><img data-recalc-dims=\"1\" loading=\"lazy\" decoding=\"async\" class=\"size-large wp-image-9380\" src=\"https:\/\/i0.wp.com\/cdnoticias.com\/wp-content\/uploads\/2020\/12\/CECO.jpg?resize=800%2C450&#038;ssl=1\" alt=\"\" width=\"800\" height=\"450\" srcset=\"https:\/\/i0.wp.com\/cdnoticias.com\/wp-content\/uploads\/2020\/12\/CECO.jpg?resize=1024%2C576&amp;ssl=1 1024w, https:\/\/i0.wp.com\/cdnoticias.com\/wp-content\/uploads\/2020\/12\/CECO.jpg?resize=300%2C169&amp;ssl=1 300w, https:\/\/i0.wp.com\/cdnoticias.com\/wp-content\/uploads\/2020\/12\/CECO.jpg?resize=768%2C432&amp;ssl=1 768w, https:\/\/i0.wp.com\/cdnoticias.com\/wp-content\/uploads\/2020\/12\/CECO.jpg?w=1366&amp;ssl=1 1366w\" sizes=\"auto, (max-width: 800px) 100vw, 800px\" \/><figcaption id=\"caption-attachment-9380\" class=\"wp-caption-text\">Barrio CECO, zona terrapl\u00e9n<\/figcaption><\/figure>\n<p>&nbsp;<\/p>\n<figure id=\"attachment_9379\" aria-describedby=\"caption-attachment-9379\" style=\"width: 871px\" class=\"wp-caption alignnone\"><img data-recalc-dims=\"1\" loading=\"lazy\" decoding=\"async\" class=\"size-full wp-image-9379\" src=\"https:\/\/i0.wp.com\/cdnoticias.com\/wp-content\/uploads\/2020\/12\/Golf.jpg?resize=800%2C542&#038;ssl=1\" alt=\"\" width=\"800\" height=\"542\" srcset=\"https:\/\/i0.wp.com\/cdnoticias.com\/wp-content\/uploads\/2020\/12\/Golf.jpg?w=871&amp;ssl=1 871w, https:\/\/i0.wp.com\/cdnoticias.com\/wp-content\/uploads\/2020\/12\/Golf.jpg?resize=300%2C203&amp;ssl=1 300w, https:\/\/i0.wp.com\/cdnoticias.com\/wp-content\/uploads\/2020\/12\/Golf.jpg?resize=768%2C520&amp;ssl=1 768w\" sizes=\"auto, (max-width: 800px) 100vw, 800px\" \/><figcaption id=\"caption-attachment-9379\" class=\"wp-caption-text\">Sector golf club Estudiantes<\/figcaption><\/figure>\n","protected":false},"excerpt":{"rendered":"<p>Se reportan inconvenientes de distintos puntos de todo el partido de Olavarr\u00eda. Repaso de fotos y v\u00eddeos de distintos puntos<\/p>\n","protected":false},"author":3,"featured_media":9402,"comment_status":"closed","ping_status":"closed","sticky":false,"template":"","format":"standard","meta":{"_jetpack_memberships_contains_paid_content":false,"footnotes":""},"categories":[5,1],"tags":[],"class_list":["post-9400","post","type-post","status-publish","format-standard","has-post-thumbnail","hentry","category-informacion-general","category-portada"],"jetpack_featured_media_url":"https:\/\/i0.wp.com\/cdnoticias.com\/wp-content\/uploads\/2020\/12\/voladura.jpg?fit=851%2C550&ssl=1","jetpack_sharing_enabled":true,"_links":{"self":[{"href":"https:\/\/cdnoticias.com\/index.php\/wp-json\/wp\/v2\/posts\/9400","targetHints":{"allow":["GET"]}}],"collection":[{"href":"https:\/\/cdnoticias.com\/index.php\/wp-json\/wp\/v2\/posts"}],"about":[{"href":"https:\/\/cdnoticias.com\/index.php\/wp-json\/wp\/v2\/types\/post"}],"author":[{"embeddable":true,"href":"https:\/\/cdnoticias.com\/index.php\/wp-json\/wp\/v2\/users\/3"}],"replies":[{"embeddable":true,"href":"https:\/\/cdnoticias.com\/index.php\/wp-json\/wp\/v2\/comments?post=9400"}],"version-history":[{"count":0,"href":"https:\/\/cdnoticias.com\/index.php\/wp-json\/wp\/v2\/posts\/9400\/revisions"}],"wp:featuredmedia":[{"embeddable":true,"href":"https:\/\/cdnoticias.com\/index.php\/wp-json\/wp\/v2\/media\/9402"}],"wp:attachment":[{"href":"https:\/\/cdnoticias.com\/index.php\/wp-json\/wp\/v2\/media?parent=9400"}],"wp:term":[{"taxonomy":"category","embeddable":true,"href":"https:\/\/cdnoticias.com\/index.php\/wp-json\/wp\/v2\/categories?post=9400"},{"taxonomy":"post_tag","embeddable":true,"href":"https:\/\/cdnoticias.com\/index.php\/wp-json\/wp\/v2\/tags?post=9400"}],"curies":[{"name":"wp","href":"https:\/\/api.w.org\/{rel}","templated":true}]}}