{"id":93995,"date":"2023-08-23T17:28:31","date_gmt":"2023-08-23T20:28:31","guid":{"rendered":"https:\/\/www.centraldenoticias.com.ar\/?p=93995"},"modified":"2023-09-10T20:12:23","modified_gmt":"2023-09-10T23:12:23","slug":"el-intendente-galli-se-hizo-eco-de-los-rumores-en-olavarria-no-se-saquea","status":"publish","type":"post","link":"https:\/\/cdnoticias.com\/index.php\/2023\/08\/23\/el-intendente-galli-se-hizo-eco-de-los-rumores-en-olavarria-no-se-saquea\/","title":{"rendered":"El Intendente Galli se hizo eco de los rumores: \u201cen Olavarr\u00eda no se saquea\u201d"},"content":{"rendered":"<p>Dijo que instruy\u00f3 a la Subsecretar\u00eda de Seguridad para que, junto a la Polic\u00eda, \u201cevite desmanes en los comercios del Partido\u201d. Se\u00f1alaron que denunciar\u00e1n el hecho.<!--more--><\/p>\n<hr \/>\n<p><a href=\"https:\/\/cdnoticias.com\/index.php\/2023\/08\/23\/ante-rumores-de-saqueos-montaron-un-importante-operativo-policial-en-chango-mas\/\" target=\"_blank\" rel=\"noopener\">En medio de rumores sobre posibles saqueos en Olavarr\u00eda, m\u00e1s precisamente en Chango M\u00e1s<\/a>,<strong> el intendente Galli denunci\u00f3 y ratific\u00f3 que estos audios emitidos por Whatsapp son de Olavarr\u00eda.<\/strong><\/p>\n<p>&nbsp;<\/p>\n<p>Lo hizo v\u00eda redes sociales, donde <strong>pidi\u00f3 a la subsecretar\u00eda de Seguridad (a cargo de Mario Busto) que trabaje junto a la Polic\u00eda para evitar desmanes y \u201ctome las medidas del caso\u201d.<\/strong><\/p>\n<p>&nbsp;<\/p>\n<blockquote><p>\u201cEn Olavarr\u00eda no se saquea\u201d, se\u00f1al\u00f3 Galli y public\u00f3 dos audios que se viralizaron por la aplicaci\u00f3n Whatsapp.<\/p><\/blockquote>\n<p>&nbsp;<\/p>\n<p><em>\u201cRecibimos diversos mensajes que invitan a sumarse a saqueos organizados en Chango Mas\u201d<\/em> dijo en sus posteos, y a\u00f1adi\u00f3: <strong><em>\u201cHe instruido al Subsecretario de Seguridad para que, junto a la polic\u00eda, evite desmanes en comercios del Partido, y realice las correspondientes denuncias\u201d.<\/em><\/strong><\/p>\n<p>&nbsp;<\/p>\n<p>Minutos despu\u00e9s, <strong>se pudo observar un importante operativo policial en la sede del supermercado en nuestra ciudad<\/strong>, ubicado en el predio de Rivadavia y Juan XXIII.<\/p>\n","protected":false},"excerpt":{"rendered":"<p>Dijo que instruy\u00f3 a la Subsecretar\u00eda de Seguridad para que, junto a la Polic\u00eda, \u201cevite desmanes en los comercios del<\/p>\n","protected":false},"author":2,"featured_media":93976,"comment_status":"closed","ping_status":"closed","sticky":false,"template":"","format":"standard","meta":{"_jetpack_memberships_contains_paid_content":false,"footnotes":""},"categories":[14,1],"tags":[],"class_list":["post-93995","post","type-post","status-publish","format-standard","has-post-thumbnail","hentry","category-policiales","category-portada"],"jetpack_featured_media_url":"https:\/\/i0.wp.com\/cdnoticias.com\/wp-content\/uploads\/2023\/08\/ezequiel-galli-00.jpg?fit=800%2C445&ssl=1","jetpack_sharing_enabled":true,"_links":{"self":[{"href":"https:\/\/cdnoticias.com\/index.php\/wp-json\/wp\/v2\/posts\/93995","targetHints":{"allow":["GET"]}}],"collection":[{"href":"https:\/\/cdnoticias.com\/index.php\/wp-json\/wp\/v2\/posts"}],"about":[{"href":"https:\/\/cdnoticias.com\/index.php\/wp-json\/wp\/v2\/types\/post"}],"author":[{"embeddable":true,"href":"https:\/\/cdnoticias.com\/index.php\/wp-json\/wp\/v2\/users\/2"}],"replies":[{"embeddable":true,"href":"https:\/\/cdnoticias.com\/index.php\/wp-json\/wp\/v2\/comments?post=93995"}],"version-history":[{"count":0,"href":"https:\/\/cdnoticias.com\/index.php\/wp-json\/wp\/v2\/posts\/93995\/revisions"}],"wp:featuredmedia":[{"embeddable":true,"href":"https:\/\/cdnoticias.com\/index.php\/wp-json\/wp\/v2\/media\/93976"}],"wp:attachment":[{"href":"https:\/\/cdnoticias.com\/index.php\/wp-json\/wp\/v2\/media?parent=93995"}],"wp:term":[{"taxonomy":"category","embeddable":true,"href":"https:\/\/cdnoticias.com\/index.php\/wp-json\/wp\/v2\/categories?post=93995"},{"taxonomy":"post_tag","embeddable":true,"href":"https:\/\/cdnoticias.com\/index.php\/wp-json\/wp\/v2\/tags?post=93995"}],"curies":[{"name":"wp","href":"https:\/\/api.w.org\/{rel}","templated":true}]}}