{"id":93992,"date":"2023-08-23T17:30:46","date_gmt":"2023-08-23T20:30:46","guid":{"rendered":"https:\/\/www.centraldenoticias.com.ar\/?p=93992"},"modified":"2023-08-23T17:30:46","modified_gmt":"2023-08-23T20:30:46","slug":"supuestos-saqueos-berni-dijo-que-hay-36-detenidos-y-denuncio-accion-en-redes","status":"publish","type":"post","link":"https:\/\/cdnoticias.com\/index.php\/2023\/08\/23\/supuestos-saqueos-berni-dijo-que-hay-36-detenidos-y-denuncio-accion-en-redes\/","title":{"rendered":"Supuestos saqueos: Berni dijo que hay \u201c36 detenidos\u201d y denunci\u00f3 acci\u00f3n en redes"},"content":{"rendered":"<p>El ministro de Seguridad bonaerense dijo que &#8220;hubo una campa\u00f1a masiva en redes sociales incitando a esta imagen de saqueo&#8221;.<!--more--><\/p>\n<hr \/>\n<p>Ante los<strong> rumores de posibles saqueos en el conurbano<\/strong>, el ministro de Seguridad,<strong> Sergio Berni,<\/strong> dijo que &#8220;durante el d\u00eda empez\u00f3 una <strong>campa\u00f1a masiva en todas las redes sociales incitando<\/strong> a esta imagen de saqueo. <strong>Fue un bombardeo durante todo el d\u00eda pero no hubo incidentes\u201d.<\/strong><\/p>\n<p>&nbsp;<\/p>\n<blockquote><p>\u201cA la noche a \u00faltima hora cuando cerraban los centros comerciales, hubo hasta de manera coordinada, intentos de robos en centros comerciales donde la polic\u00eda actu\u00f3 r\u00e1pidamente, hay 36 detenidos. Han ido a robar en autos pr\u00e1cticamente nuevos. Esto no es un robo com\u00fan, est\u00e1 calificado como robo en poblado y banda y tiene una pena de 15 a\u00f1os\u201d, se\u00f1al\u00f3 el ministro.<\/p><\/blockquote>\n<p>&nbsp;<\/p>\n<p>Adem\u00e1s, Berni indic\u00f3 que \u201cma\u00f1ana tenemos una reuni\u00f3n con los fiscales federales y autoridades de la provincia para actuar coordinadamente para que este delito sea calificado con la mayor gravedad que son los 15 a\u00f1os porque es <strong>incitaci\u00f3n al robo,<\/strong> e inclusive usan menores para que roben cigarrillos y bebidas alcoh\u00f3licas. <strong>Vamos a ser muy fuertes con la ley<\/strong> y que al menos estas 40 personas que han sido detenidas no tengan ninguna duda que van a tener para un buen rato\u201d.<\/p>\n<p>&nbsp;<\/p>\n<p>El ministro precis\u00f3 que <em>\u201cestamos empezando a judicializar y a partir de all\u00ed la justicia investigar\u00e1 de d\u00f3nde surgieron estos bombardeos medi\u00e1ticos incitando al robo. Yo tengo bastante experiencia en estas situaciones y la sociedad se mantuvo al margen. Los que incitaron al robo fueron personas puntuales\u201d.<\/em><\/p>\n<p>&nbsp;<\/p>\n<p>\u201cLa polic\u00eda contuvo en todos los lugares, actu\u00f3 de manera r\u00e1pida. Tenemos cuatro helic\u00f3pteros volando permanentemente, grupos de apoyo, distintas herramientas, un helic\u00f3ptero filmando a las personas, poniendo toda la tecnolog\u00eda al servicio del cuidado de los intereses de los bonaerenses&#8221; cerr\u00f3 Berni.<\/p>\n<p>&nbsp;<\/p>\n<p><em>Fuente: DIB<\/em><\/p>\n","protected":false},"excerpt":{"rendered":"<p>El ministro de Seguridad bonaerense dijo que &#8220;hubo una campa\u00f1a masiva en redes sociales incitando a esta imagen de saqueo&#8221;.<\/p>\n","protected":false},"author":6,"featured_media":93993,"comment_status":"closed","ping_status":"closed","sticky":false,"template":"","format":"standard","meta":{"_jetpack_memberships_contains_paid_content":false,"footnotes":""},"categories":[6,1],"tags":[],"class_list":["post-93992","post","type-post","status-publish","format-standard","has-post-thumbnail","hentry","category-nacionales","category-portada"],"jetpack_featured_media_url":"https:\/\/i0.wp.com\/cdnoticias.com\/wp-content\/uploads\/2023\/08\/berni.jpeg?fit=960%2C640&ssl=1","jetpack_sharing_enabled":true,"_links":{"self":[{"href":"https:\/\/cdnoticias.com\/index.php\/wp-json\/wp\/v2\/posts\/93992","targetHints":{"allow":["GET"]}}],"collection":[{"href":"https:\/\/cdnoticias.com\/index.php\/wp-json\/wp\/v2\/posts"}],"about":[{"href":"https:\/\/cdnoticias.com\/index.php\/wp-json\/wp\/v2\/types\/post"}],"author":[{"embeddable":true,"href":"https:\/\/cdnoticias.com\/index.php\/wp-json\/wp\/v2\/users\/6"}],"replies":[{"embeddable":true,"href":"https:\/\/cdnoticias.com\/index.php\/wp-json\/wp\/v2\/comments?post=93992"}],"version-history":[{"count":0,"href":"https:\/\/cdnoticias.com\/index.php\/wp-json\/wp\/v2\/posts\/93992\/revisions"}],"wp:featuredmedia":[{"embeddable":true,"href":"https:\/\/cdnoticias.com\/index.php\/wp-json\/wp\/v2\/media\/93993"}],"wp:attachment":[{"href":"https:\/\/cdnoticias.com\/index.php\/wp-json\/wp\/v2\/media?parent=93992"}],"wp:term":[{"taxonomy":"category","embeddable":true,"href":"https:\/\/cdnoticias.com\/index.php\/wp-json\/wp\/v2\/categories?post=93992"},{"taxonomy":"post_tag","embeddable":true,"href":"https:\/\/cdnoticias.com\/index.php\/wp-json\/wp\/v2\/tags?post=93992"}],"curies":[{"name":"wp","href":"https:\/\/api.w.org\/{rel}","templated":true}]}}